{"id":60862,"date":"2013-03-15T15:01:53","date_gmt":"2013-03-15T18:01:53","guid":{"rendered":"http:\/\/www.r2cpress.com.br\/v1\/?p=60862"},"modified":"2013-03-15T15:01:53","modified_gmt":"2013-03-15T18:01:53","slug":"ilheus-tem-nova-diretoria-da-academia-de-letras","status":"publish","type":"post","link":"https:\/\/www.r2cpress.com.br\/v1\/2013\/03\/15\/ilheus-tem-nova-diretoria-da-academia-de-letras\/","title":{"rendered":"Ilh\u00e9us tem nova diretoria da Academia de Letras"},"content":{"rendered":"<p><center> <a href=\"http:\/\/www.r2cpress.com.br\/v1\/wp-content\/uploads\/CAPA-R2CPRESS70.jpg\"><img loading=\"lazy\" src=\"http:\/\/www.r2cpress.com.br\/v1\/wp-content\/uploads\/CAPA-R2CPRESS70.jpg\" alt=\"CAPA R2CPRESS\" width=\"400\" height=\"1045\" class=\"aligncenter size-full wp-image-60863\" \/><\/a>  <\/center><\/p>\n<p>A noite da \u00faltima quinta-feira, 14, foi marcada pela retomada das atividades da Academia Brasileira de Letras e posse da nova diretoria, que ser\u00e1 presidida pelo professor Josevandro Nascimento. Durante o evento, que contou com a presen\u00e7a do prefeito Jabes Ribeiro, foram prestadas homenagens p\u00f3stumas ao poeta baiano Castro Alves, que nasceu na mesma data da solenidade. Tamb\u00e9m participou do evento, o jurista e vereador da capital baiana, Edivaldo Brito, patrono da academia, que ressaltou o legado deixado pelo poeta, citando alguns versos.<\/p>\n<p><!--more--><\/p>\n<p>Ao final da cerim\u00f4nia, todos cantaram parab\u00e9ns ao prefeito, por mais um ano de vida, momento que j\u00e1 se consolidou como tradi\u00e7\u00e3o nesta solenidade. Na ocasi\u00e3o, o presidente empossado disse ser confiante na atual gest\u00e3o municipal. \u201cConfio na generosidade de Jabes Ribeiro, para essa dif\u00edcil tarefa de reconstruir a cidade, depois das tempestades administrativas que abalou as nossas esperan\u00e7as\u201d, ressaltou Nascimento.<\/p>\n<p>No mesmo sentido, em seu discurso de agradecimento pelos quatro anos em que esteve na presid\u00eancia da academia de letras de Ilh\u00e9us, Arl\u00e9o Barbosa, demonstrou gratid\u00e3o ao prefeito Jabes Ribeiro, que em seu mandato anterior, fez a doa\u00e7\u00e3o do pr\u00e9dio para sediar o equipamento de cultura e recinto intelectual do munic\u00edpio de Ilh\u00e9us.<\/p>\n<p>Composi\u00e7\u00e3o da mesa \u2013 compuseram a mesa da solenidade, o ex-presidente da acadamia, Arl\u00e9o Barbosa, que conduziu a posse da nova diretoria, a Reitora da Universidade Estadual de Santa Cruz (UESC), Ad\u00e9lia Pinheiro, Jabes Ribeiro, e o vereador Edivaldo Brito. A solenidade contou com a presen\u00e7a do presidente da Funda\u00e7\u00e3o Cultural de Ilh\u00e9us (Fundaci), Paulo Atto, do secret\u00e1rio de Desenvolvimento Social, Jamil Ock\u00e9, e do Chefe de Gabinete do Prefeito, Victor Veiga, al\u00e9m de outras autoridades, amigos e familiares dos acad\u00eamicos empossados.<\/p>\n","protected":false},"excerpt":{"rendered":"<p>A noite da \u00faltima quinta-feira, 14, foi marcada pela retomada das atividades da Academia Brasileira de Letras e posse da nova diretoria, que ser\u00e1 presidida pelo professor Josevandro Nascimento. Durante o evento, que contou com a presen\u00e7a do prefeito Jabes Ribeiro, foram prestadas homenagens p\u00f3stumas ao poeta baiano Castro Alves, que nasceu na mesma data [&hellip;]<\/p>\n","protected":false},"author":2,"featured_media":0,"comment_status":"open","ping_status":"open","sticky":false,"template":"","format":"standard","meta":{"_links_to":"","_links_to_target":""},"categories":[5],"tags":[],"_links":{"self":[{"href":"https:\/\/www.r2cpress.com.br\/v1\/wp-json\/wp\/v2\/posts\/60862"}],"collection":[{"href":"https:\/\/www.r2cpress.com.br\/v1\/wp-json\/wp\/v2\/posts"}],"about":[{"href":"https:\/\/www.r2cpress.com.br\/v1\/wp-json\/wp\/v2\/types\/post"}],"author":[{"embeddable":true,"href":"https:\/\/www.r2cpress.com.br\/v1\/wp-json\/wp\/v2\/users\/2"}],"replies":[{"embeddable":true,"href":"https:\/\/www.r2cpress.com.br\/v1\/wp-json\/wp\/v2\/comments?post=60862"}],"version-history":[{"count":2,"href":"https:\/\/www.r2cpress.com.br\/v1\/wp-json\/wp\/v2\/posts\/60862\/revisions"}],"predecessor-version":[{"id":60865,"href":"https:\/\/www.r2cpress.com.br\/v1\/wp-json\/wp\/v2\/posts\/60862\/revisions\/60865"}],"wp:attachment":[{"href":"https:\/\/www.r2cpress.com.br\/v1\/wp-json\/wp\/v2\/media?parent=60862"}],"wp:term":[{"taxonomy":"category","embeddable":true,"href":"https:\/\/www.r2cpress.com.br\/v1\/wp-json\/wp\/v2\/categories?post=60862"},{"taxonomy":"post_tag","embeddable":true,"href":"https:\/\/www.r2cpress.com.br\/v1\/wp-json\/wp\/v2\/tags?post=60862"}],"curies":[{"name":"wp","href":"https:\/\/api.w.org\/{rel}","templated":true}]}}