{"id":6092,"date":"2011-01-08T11:42:59","date_gmt":"2011-01-08T14:42:59","guid":{"rendered":"http:\/\/www.r2cpress.com.br\/v1\/?p=6092"},"modified":"2011-01-08T12:04:41","modified_gmt":"2011-01-08T15:04:41","slug":"1%c2%ba-festival-de-cinema-baiano-comeca-neste-domingo","status":"publish","type":"post","link":"https:\/\/www.r2cpress.com.br\/v1\/2011\/01\/08\/1%c2%ba-festival-de-cinema-baiano-comeca-neste-domingo\/","title":{"rendered":"1\u00ba Festival de Cinema Baiano come\u00e7a neste domingo"},"content":{"rendered":"<p><center><a href=\"http:\/\/www.r2cpress.com.br\/v1\/wp-content\/uploads\/MONT-CAPA-SITE10.jpg\"><img loading=\"lazy\" src=\"http:\/\/www.r2cpress.com.br\/v1\/wp-content\/uploads\/MONT-CAPA-SITE10-300x216.jpg\" alt=\"\" title=\"MONT CAPA SITE\" width=\"300\" height=\"216\" class=\"alignnone size-medium wp-image-6093\" srcset=\"https:\/\/www.r2cpress.com.br\/v1\/wp-content\/uploads\/MONT-CAPA-SITE10-300x216.jpg 300w, https:\/\/www.r2cpress.com.br\/v1\/wp-content\/uploads\/MONT-CAPA-SITE10.jpg 700w\" sizes=\"(max-width: 300px) 100vw, 300px\" \/><\/a><\/center><\/p>\n<p>O 1\u00ba Festival de Cinema Baiano (FECIBA) come\u00e7a neste domingo (09) e vai at\u00e9 quinta (13), em Ilh\u00e9us. A abertura do Festival ser\u00e1 \u00e0s 17h no Teatro Municipal de Ilh\u00e9us, seguida da exibi\u00e7\u00e3o do filme \u201cBatatinha, poeta do samba\u201d, de Marcelo Rabelo, que tamb\u00e9m participar\u00e1 de um bate papo ap\u00f3s a sess\u00e3o. <\/p>\n<p>As exibi\u00e7\u00f5es ocorrer\u00e3o no Teatro Municipal de Ilh\u00e9us, no Cine Santa Clara e na Funda\u00e7\u00e3o Cultural de Ilh\u00e9us. Produtores e artistas do audiovisual baiano, al\u00e9m dos amantes da s\u00e9tima arte, estar\u00e3o reunidos para participar deste primeiro evento voltado para a celebra\u00e7\u00e3o e aprecia\u00e7\u00e3o do cinema feito por gente da nossa terra. Os espectadores ter\u00e3o oportunidade de assistir a filmes nunca antes exibidos na regi\u00e3o. <\/p>\n<p>      Cineastas e realizadoras do cinema baiano confirmam presen\u00e7a no FECIBA: Henrique Dantas, Paula Gomes, Marcelo Rabelo, Tuna Espinheira, Edgard Navarro, Fernando B\u00e9lens, Sylvia Abreu e Petrus Pires. Eles v\u00e3o participar de discuss\u00f5es sobre seus filmes e sobre o trip\u00e9 da cadeira produtiva do audiovisual baiano: a produ\u00e7\u00e3o, a exibi\u00e7\u00e3o e a distribui\u00e7\u00e3o. <\/p>\n<p>Segundo o Diagn\u00f3stico da Rede de Audiovisual da Bahia, apenas sete munic\u00edpios baianos contam com salas de cinema. S\u00e3o, ao todo, 70 salas, das quais 55 est\u00e3o em Salvador e as 15 restantes, no interior do estado. Ilh\u00e9us \u00e9 um destes munic\u00edpios e vai sediar o festival em pleno ver\u00e3o. Al\u00e9m de se tornar o centro das aten\u00e7\u00f5es por sediar um evento t\u00e3o importante, o fato de ser nessa cidade promove a descentraliza\u00e7\u00e3o dos circuitos de exibi\u00e7\u00e3o, que costumavam se concentrar na capital, e tamb\u00e9m ocasiona forma\u00e7\u00e3o de p\u00fablico para o cinema baiano. <\/p>\n<p><b>Programa\u00e7\u00e3o<\/b><\/p>\n<p><!--more--><\/p>\n<p>No FECIBA, o p\u00fablico vai conferir durante cinco dias, 23 sess\u00f5es e 13 bate papos com cineastas, al\u00e9m de oficinas de capacita\u00e7\u00e3o em audiovisual. A programa\u00e7\u00e3o est\u00e1 dividida em mostras de categorias diferentes. <\/p>\n<p>A Mostra Atualidade vai exibir oito filmes premiados na safra mais recente do cinema baiano. S\u00e3o eles: \u201cOs Filhos de Jo\u00e3o \u2013 Admir\u00e1vel Mundo Novo Baiano\u201d, de Henrique Dantas; \u201cProfiss\u00e3o Palha\u00e7o\u201d, de Paula Gomes; \u201cBatatinha, poeta do Samba\u201d, de Marcelo Rabelo; \u201cCascalho\u201d, de Tuna Espinheira; \u201c\u00c1lbum de Fam\u00edlia\u201d, de Wallace Nogueira; \u201cEsses Mo\u00e7os\u201d, Jos\u00e9 Araripe J\u00fanior; \u201cPau Brasil\u201d, de Fernando Bel\u00e9ns e \u201cCantador de Chula\u201d, de Marcelo Rabelo.<\/p>\n<p>A Mostra Retrospectiva vai exibir quatro filmes que fazem parte da hist\u00f3ria do cinema da Bahia. S\u00e3o: \u201cReden\u00e7\u00e3o\u201d, de Roberto Pires; \u201cMeteorango Kid \u2013 O Her\u00f3i Intergal\u00e1tico\u201d, de Andr\u00e9 Luiz Oliveira; \u201cSuperoutro\u201d, de Edgard Navarro e \u201cC\u00e9sio 137\u201d, de Roberto Pires. <\/p>\n<p>A Mostra Sexualidades vai promover espa\u00e7o para o debate sobre o cinema, a sexualidade e a sociedade. Ser\u00e3o exibidos: \u201cBombadeira\u201d, de Luis Carlos Alencar, \u201cNo Cora\u00e7\u00e3o de Shirley\u201d, de Edyala Yglesias e \u201cMeu Amigo Cl\u00e1udia\u201d, de D\u00e1cio Pinheiro. <\/p>\n<p>A curadoria das Mostras dos longas-metragens foi realizada por Renata Hasselman, experiente produtora de audiovisual e eventos de difus\u00e3o.<\/p>\n<p>Os curtas-metragens tamb\u00e9m receber\u00e3o destaque no Festival. Ser\u00e1 promovida a Mostra Competitiva de curtas-metragens, cuja curadoria foi feita pela Associa\u00e7\u00e3o Baiana de Cinema e V\u00eddeo (ABCV). Ser\u00e3o premiados com R$ 2 mil, R$ 1mil e R$ 800,00, o primeiro, segundo e terceiro lugares, respectivamente, e com R$ 500,00 as men\u00e7\u00f5es honrosas. Todos os premiados ser\u00e3o escolhidos por meio do voto do p\u00fablico presente. Os curtas selecionados para concorrer nesta mostra s\u00e3o: \u201c10 Centavos\u201d, de C\u00e9sar Fernandes; \u201c29&#8242; Polegadas\u201d, de Bernard Attal; \u201cO Anjo Dalt\u00f4nico\u201d, de F\u00e1bio Rocha; \u201cC\u00e3es\u201d, de Adler Paes, \u201cCat\u00e1logo de Meninas\u201d, de Ca\u00f3 Cruz Alves; \u201cDoido Lel\u00e9\u201d, de Ceci Alves; \u201cMr. Abrakadabra\u201d, de Jos\u00e9 Araripe Jr.; \u201cNa Terra do Sol\u201d, de Lula Oliveira; \u201cNego Fugido\u201d, de Cl\u00e1udio Marques e Mar\u00edlia Hugges; \u201cO Corneteiro Lopes\u201d, de Lazaro Faria; \u201cO Sarc\u00f3fago\u201d, de Daniel Lisboa e \u201cPornogr\u00e1phico\u201d, de Paula Gomes e Haroldo Borges. <\/p>\n<p>Produtores independentes tamb\u00e9m ter\u00e3o espa\u00e7o garantido na programa\u00e7\u00e3o. O Festival promove a Mostra Paralela, na qual ser\u00e3o exibidos 14 curtas-metragens. <\/p>\n<p>A fim de proporcionar capacita\u00e7\u00e3o em audiovisual, o FECIBA oferece tr\u00eas oficinas gratuitas. A Oficina Roteiro, que ser\u00e1 ministrada por Clarissa Rebou\u00e7as; a Oficina de Produ\u00e7\u00e3o, por Paula Gomes; e a Oficina de Dire\u00e7\u00e3o de Arte, por Carol Tanajura. Todas as profissionais atuam com destaque no audiovisual baiano. <\/p>\n<p>Produtores, estudantes, professores, agentes e gestores culturais, profissionais e amante da s\u00e9tima arte est\u00e3o convidados a participar do evento. Somente no dia 09 ser\u00e1 vendido por R$ 30,00 o passaporte que garante o acesso a todas as sess\u00f5es. O ingresso avulso para cada sess\u00e3o custar\u00e1 apenas R$ 5,00. As Mostras Paralela e Competitiva de curtas-metragens e a Mostra Sexualidade ter\u00e3o entrada franca. <\/p>\n<p>O evento \u00e9 uma realiza\u00e7\u00e3o do N\u00facleo de Produ\u00e7\u00f5es Art\u00edsticas (N\u00faproart) e da Panor\u00e2mica Produ\u00e7\u00f5es. Tem apoio financeiro da Secretaria de Cultura e Fazenda do Estado da Bahia, por meio do Fundo de Cultura e do edital de Apoio \u00e0 Realiza\u00e7\u00e3o Mostras e Festivais Audiovisuais, do Instituto de Radiodifus\u00e3o Educativa da Bahia. <\/p>\n<p>A programa\u00e7\u00e3o do Festival e informa\u00e7\u00f5es sobre como adquirir o ingresso est\u00e3o no site www.feciba.com.br. <\/p>\n<p>&#8212;<br \/>\n<b><i>Tacila Mendes &#8211; Ascom FECIBA<\/i><\/b><\/p>\n","protected":false},"excerpt":{"rendered":"<p>O 1\u00ba Festival de Cinema Baiano (FECIBA) come\u00e7a neste domingo (09) e vai at\u00e9 quinta (13), em Ilh\u00e9us. A abertura do Festival ser\u00e1 \u00e0s 17h no Teatro Municipal de Ilh\u00e9us, seguida da exibi\u00e7\u00e3o do filme \u201cBatatinha, poeta do samba\u201d, de Marcelo Rabelo, que tamb\u00e9m participar\u00e1 de um bate papo ap\u00f3s a sess\u00e3o. As exibi\u00e7\u00f5es ocorrer\u00e3o [&hellip;]<\/p>\n","protected":false},"author":2,"featured_media":0,"comment_status":"open","ping_status":"open","sticky":false,"template":"","format":"standard","meta":{"_links_to":"","_links_to_target":""},"categories":[5],"tags":[],"_links":{"self":[{"href":"https:\/\/www.r2cpress.com.br\/v1\/wp-json\/wp\/v2\/posts\/6092"}],"collection":[{"href":"https:\/\/www.r2cpress.com.br\/v1\/wp-json\/wp\/v2\/posts"}],"about":[{"href":"https:\/\/www.r2cpress.com.br\/v1\/wp-json\/wp\/v2\/types\/post"}],"author":[{"embeddable":true,"href":"https:\/\/www.r2cpress.com.br\/v1\/wp-json\/wp\/v2\/users\/2"}],"replies":[{"embeddable":true,"href":"https:\/\/www.r2cpress.com.br\/v1\/wp-json\/wp\/v2\/comments?post=6092"}],"version-history":[{"count":4,"href":"https:\/\/www.r2cpress.com.br\/v1\/wp-json\/wp\/v2\/posts\/6092\/revisions"}],"predecessor-version":[{"id":6096,"href":"https:\/\/www.r2cpress.com.br\/v1\/wp-json\/wp\/v2\/posts\/6092\/revisions\/6096"}],"wp:attachment":[{"href":"https:\/\/www.r2cpress.com.br\/v1\/wp-json\/wp\/v2\/media?parent=6092"}],"wp:term":[{"taxonomy":"category","embeddable":true,"href":"https:\/\/www.r2cpress.com.br\/v1\/wp-json\/wp\/v2\/categories?post=6092"},{"taxonomy":"post_tag","embeddable":true,"href":"https:\/\/www.r2cpress.com.br\/v1\/wp-json\/wp\/v2\/tags?post=6092"}],"curies":[{"name":"wp","href":"https:\/\/api.w.org\/{rel}","templated":true}]}}