{"id":60996,"date":"2013-03-18T14:27:31","date_gmt":"2013-03-18T17:27:31","guid":{"rendered":"http:\/\/www.r2cpress.com.br\/v1\/?p=60996"},"modified":"2013-03-18T14:27:31","modified_gmt":"2013-03-18T17:27:31","slug":"a-rrisca-cia-de-danca-substitui-exposicao-de-fotos-com-intervencao","status":"publish","type":"post","link":"https:\/\/www.r2cpress.com.br\/v1\/2013\/03\/18\/a-rrisca-cia-de-danca-substitui-exposicao-de-fotos-com-intervencao\/","title":{"rendered":"A-RRISCA Cia. de Dan\u00e7a substitui exposi\u00e7\u00e3o de fotos com interven\u00e7\u00e3o"},"content":{"rendered":"<p>            Bailarinos emoldurados, etiquetados e contemplando uma parede vazia.   Atos como esses fizeram parte da interven\u00e7\u00e3o realizada pela A-RRISCA Cia. de Dan\u00e7a em substitui\u00e7\u00e3o \u00e0 exposi\u00e7\u00e3o fotogr\u00e1fica que estaria em cartaz na Casa dos Artistas de Ilh\u00e9us. O protesto art\u00edstico aconteceu no \u00faltimo s\u00e1bado (16), data em que o espa\u00e7o receberia o acervo da exposi\u00e7\u00e3o Quarta que Dan\u00e7a, da Funda\u00e7\u00e3o Cultural do Estado da Bahia (Funceb).<br \/>\n<div id=\"attachment_60998\" style=\"width: 510px\" class=\"wp-caption aligncenter\"><a href=\"http:\/\/www.r2cpress.com.br\/v1\/wp-content\/uploads\/CAPA-R2CPRESS74.jpg\"><img aria-describedby=\"caption-attachment-60998\" loading=\"lazy\" src=\"http:\/\/www.r2cpress.com.br\/v1\/wp-content\/uploads\/CAPA-R2CPRESS74.jpg\" alt=\"Fotos by Karoline Vital.\" width=\"500\" height=\"500\" class=\"size-full wp-image-60998\" srcset=\"https:\/\/www.r2cpress.com.br\/v1\/wp-content\/uploads\/CAPA-R2CPRESS74.jpg 500w, https:\/\/www.r2cpress.com.br\/v1\/wp-content\/uploads\/CAPA-R2CPRESS74-150x150.jpg 150w, https:\/\/www.r2cpress.com.br\/v1\/wp-content\/uploads\/CAPA-R2CPRESS74-300x300.jpg 300w\" sizes=\"(max-width: 500px) 100vw, 500px\" \/><\/a><p id=\"caption-attachment-60998\" class=\"wp-caption-text\">Fotos by Karoline Vital.<\/p><\/div><br \/>\n            As fotografias do acervo da Funceb ficariam expostas at\u00e9 o final do m\u00eas, seguindo o acordo feito junto \u00e0 coordena\u00e7\u00e3o de dan\u00e7a do Teatro Popular de Ilh\u00e9us (TPI). Mas, na \u00faltima ter\u00e7a-feira (12), a expografista enviada pela institui\u00e7\u00e3o de cultura estadual afirmou que o local e estrutura dispon\u00edveis n\u00e3o eram adequadas e iriam interferir na est\u00e9tica. \u201cSugerimos outros espa\u00e7os e nossa equipe deu nova pintura \u00e0 parede. Por\u00e9m, mesmo reunindo esfor\u00e7os para atender \u00e0s especifica\u00e7\u00f5es, a Funceb suspendeu tudo na quinta-feira\u201d, explica a coordenadora de Dan\u00e7a do TPI e diretora da A-RRISCA, \u00c9rica Ock\u00e9.<\/p>\n<p>            Em fun\u00e7\u00e3o da recusa de promover a exposi\u00e7\u00e3o Quarta que Dan\u00e7a, os bailarinos da A-RRISCA Cia. de Dan\u00e7a n\u00e3o deixaram o espa\u00e7o sem a atra\u00e7\u00e3o, simulando imagens vivas, surpreendendo o p\u00fablico com o protesto din\u00e2mico e provocativo. \u201cLamentamos muito pelo ocorrido, mas pensamos que se a Funceb tivesse nos passado as exig\u00eancias detalhadas com anteced\u00eancia, as indisposi\u00e7\u00f5es seriam evitadas e o p\u00fablico poderia apreciar belas imagens sobre a produ\u00e7\u00e3o contempor\u00e2nea da dan\u00e7a baiana\u201d, complementou \u00c9rica.<\/p>\n<p><strong>Ter\u00e7a-feira \u00e9 dia de Cineclube<\/strong><\/p>\n<p>            O Cineclube \u00c9quio Reis exibe dois v\u00eddeos nesta ter\u00e7a-feira (19), na Casa dos Artistas. A partir das 19 horas, ser\u00e3o projetadas duas fic\u00e7\u00f5es: \u201cLuzir de Antanho\u201d, de Ronald Souza e La\u00edse Galv\u00e3o; e \u201cReprise\u201d, de Edriele Figueredo e Marcela Gon\u00e7alves. Esta edi\u00e7\u00e3o da iniciativa uma parceria entre o N\u00facleo de Produ\u00e7\u00e3o Audiovisual do Teatro Popular de Ilh\u00e9us e o curso de Comunica\u00e7\u00e3o Social da Universidade Estadual de Santa Cruz (Uesc). A entrada \u00e9 franca.<\/p>\n","protected":false},"excerpt":{"rendered":"<p>Bailarinos emoldurados, etiquetados e contemplando uma parede vazia. Atos como esses fizeram parte da interven\u00e7\u00e3o realizada pela A-RRISCA Cia. de Dan\u00e7a em substitui\u00e7\u00e3o \u00e0 exposi\u00e7\u00e3o fotogr\u00e1fica que estaria em cartaz na Casa dos Artistas de Ilh\u00e9us. O protesto art\u00edstico aconteceu no \u00faltimo s\u00e1bado (16), data em que o espa\u00e7o receberia o acervo da exposi\u00e7\u00e3o Quarta [&hellip;]<\/p>\n","protected":false},"author":2,"featured_media":0,"comment_status":"open","ping_status":"open","sticky":false,"template":"","format":"standard","meta":{"_links_to":"","_links_to_target":""},"categories":[5],"tags":[],"_links":{"self":[{"href":"https:\/\/www.r2cpress.com.br\/v1\/wp-json\/wp\/v2\/posts\/60996"}],"collection":[{"href":"https:\/\/www.r2cpress.com.br\/v1\/wp-json\/wp\/v2\/posts"}],"about":[{"href":"https:\/\/www.r2cpress.com.br\/v1\/wp-json\/wp\/v2\/types\/post"}],"author":[{"embeddable":true,"href":"https:\/\/www.r2cpress.com.br\/v1\/wp-json\/wp\/v2\/users\/2"}],"replies":[{"embeddable":true,"href":"https:\/\/www.r2cpress.com.br\/v1\/wp-json\/wp\/v2\/comments?post=60996"}],"version-history":[{"count":2,"href":"https:\/\/www.r2cpress.com.br\/v1\/wp-json\/wp\/v2\/posts\/60996\/revisions"}],"predecessor-version":[{"id":61000,"href":"https:\/\/www.r2cpress.com.br\/v1\/wp-json\/wp\/v2\/posts\/60996\/revisions\/61000"}],"wp:attachment":[{"href":"https:\/\/www.r2cpress.com.br\/v1\/wp-json\/wp\/v2\/media?parent=60996"}],"wp:term":[{"taxonomy":"category","embeddable":true,"href":"https:\/\/www.r2cpress.com.br\/v1\/wp-json\/wp\/v2\/categories?post=60996"},{"taxonomy":"post_tag","embeddable":true,"href":"https:\/\/www.r2cpress.com.br\/v1\/wp-json\/wp\/v2\/tags?post=60996"}],"curies":[{"name":"wp","href":"https:\/\/api.w.org\/{rel}","templated":true}]}}