{"id":6101,"date":"2011-01-08T14:20:00","date_gmt":"2011-01-08T17:20:00","guid":{"rendered":"http:\/\/www.r2cpress.com.br\/v1\/?p=6101"},"modified":"2011-01-08T14:20:00","modified_gmt":"2011-01-08T17:20:00","slug":"caso-joel-mp-vai-denunciar-9-pms","status":"publish","type":"post","link":"https:\/\/www.r2cpress.com.br\/v1\/2011\/01\/08\/caso-joel-mp-vai-denunciar-9-pms\/","title":{"rendered":"Caso Joel: MP vai denunciar 9 PMs"},"content":{"rendered":"<p><em><strong>Os policiais envolvidos no caso do garoto Joel ser\u00e3o denunciados \u00e0 Justi\u00e7a por homic\u00eddio e omiss\u00e3o de socorro<\/strong><\/em><\/p>\n<p><div style=\"width: 210px\" class=\"wp-caption alignleft\"><img loading=\"lazy\" alt=\"Joel foi morto com tiros disparados por policias (Foto: Reprodu\u00e7\u00e3o).\" src=\"http:\/\/www.correio24horas.com.br\/fileadmin\/user_upload\/tt_news\/pics\/JOEL_03.jpg\" title=\"Joel foi morto com tiros disparados por policias (Foto: Reprodu\u00e7\u00e3o).\" width=\"200\" height=\"160\" \/><p class=\"wp-caption-text\">Joel foi morto com tiros disparados por policias (Foto: Reprodu\u00e7\u00e3o).<\/p><\/div>Os nove policiais militares da 40\u00aa CIPM, no Nordeste de Amaralina, envolvidos no caso do garoto Joel ser\u00e3o denunciados \u00e0 Justi\u00e7a por homic\u00eddio e omiss\u00e3o de socorro. \u00c9 o que garante o promotor Davi Gallo, que atua no Tribunal do J\u00fari. Ele disse que a den\u00fancia deve ser feita na pr\u00f3xima semana.<\/p>\n<p>Ontem, Gallo devolveu o inqu\u00e9rito policial para a titular da 28\u00aa Delegacia, Jussara Souza, para que fossem adicionados os boletins individuais dos PMs que participaram da a\u00e7\u00e3o militar no dia 21 de novembro. Joel morreu na madrugada do dia seguinte dentro de casa. \u201cA delegada n\u00e3o indiciou nenhum dos policiais por entender que era crime militar. \u00c9 o entendimento dela, mas \u00e9 crime comum. Vou denunciar todos os nove\u201d, disse o promotor.<\/p>\n<p><!--more--><\/p>\n<p>A fam\u00edlia do garoto e os moradores do bairro alegaram que n\u00e3o houve confronto, como foi dito pelos policiais, e que os PMs se recusaram a dar socorro \u00e0 v\u00edtima. Ap\u00f3s an\u00e1lise dos laudos periciais do Departamento de Pol\u00edcia T\u00e9cnica, a Secretaria de Seguran\u00e7a P\u00fablica informou que o proj\u00e9til que atingiu a cabe\u00e7a e ficou alojado no c\u00e9rebro do garoto partiu da pistola calibre .40 do PM Eraldo Menezes de Souza, que h\u00e1 14 anos trabalha na corpora\u00e7\u00e3o. \u201cVou denunciar um (dos PMs) como autor e os outros como part\u00edcipes (no homic\u00eddio) e todos por omiss\u00e3o de socorro. Um PM matou e os outros deram cobertura. A pena m\u00ednima \u00e9 de 13 anos \u201d, explicou o promotor. \u201cN\u00e3o estou denunciando hoje porque a delegada n\u00e3o indiciou nenhum deles\u201d, finalizou Gallo.<\/p>\n<p>Procurada pelo CORREIO, a delegada  afirmou que os policiais estavam em servi\u00e7o, por isso o entendimento de crime militar. \u201cConforme o C\u00f3digo de Processo Militar, crime militar \u00e9 julgado pela Justi\u00e7a Militar e encaminhado ao Minist\u00e9rio P\u00fablico quando h\u00e1 dolo. Mandei o inqu\u00e9rito para aprecia\u00e7\u00e3o do MP, vou cumprir a determina\u00e7\u00e3o e enviar os boletins individuais. Estamos dialogando\u201d, minimizou Jussara.<\/p>\n<p>&#8212;<br \/>\nReda\u00e7\u00e3o <a href = \"http:\/\/www.correio24horas.com.br\/noticias\/detalhes\/detalhes-3\/artigo\/caso-joel-mp-vai-denunciar-9-pms\/\" target = \"_news\"><b>CORREIO DA BAHIA<\/b><\/a><\/p>\n","protected":false},"excerpt":{"rendered":"<p>Os policiais envolvidos no caso do garoto Joel ser\u00e3o denunciados \u00e0 Justi\u00e7a por homic\u00eddio e omiss\u00e3o de socorro Os nove policiais militares da 40\u00aa CIPM, no Nordeste de Amaralina, envolvidos no caso do garoto Joel ser\u00e3o denunciados \u00e0 Justi\u00e7a por homic\u00eddio e omiss\u00e3o de socorro. \u00c9 o que garante o promotor Davi Gallo, que atua [&hellip;]<\/p>\n","protected":false},"author":2,"featured_media":0,"comment_status":"open","ping_status":"open","sticky":false,"template":"","format":"standard","meta":{"_links_to":"","_links_to_target":""},"categories":[25],"tags":[],"_links":{"self":[{"href":"https:\/\/www.r2cpress.com.br\/v1\/wp-json\/wp\/v2\/posts\/6101"}],"collection":[{"href":"https:\/\/www.r2cpress.com.br\/v1\/wp-json\/wp\/v2\/posts"}],"about":[{"href":"https:\/\/www.r2cpress.com.br\/v1\/wp-json\/wp\/v2\/types\/post"}],"author":[{"embeddable":true,"href":"https:\/\/www.r2cpress.com.br\/v1\/wp-json\/wp\/v2\/users\/2"}],"replies":[{"embeddable":true,"href":"https:\/\/www.r2cpress.com.br\/v1\/wp-json\/wp\/v2\/comments?post=6101"}],"version-history":[{"count":3,"href":"https:\/\/www.r2cpress.com.br\/v1\/wp-json\/wp\/v2\/posts\/6101\/revisions"}],"predecessor-version":[{"id":6104,"href":"https:\/\/www.r2cpress.com.br\/v1\/wp-json\/wp\/v2\/posts\/6101\/revisions\/6104"}],"wp:attachment":[{"href":"https:\/\/www.r2cpress.com.br\/v1\/wp-json\/wp\/v2\/media?parent=6101"}],"wp:term":[{"taxonomy":"category","embeddable":true,"href":"https:\/\/www.r2cpress.com.br\/v1\/wp-json\/wp\/v2\/categories?post=6101"},{"taxonomy":"post_tag","embeddable":true,"href":"https:\/\/www.r2cpress.com.br\/v1\/wp-json\/wp\/v2\/tags?post=6101"}],"curies":[{"name":"wp","href":"https:\/\/api.w.org\/{rel}","templated":true}]}}