{"id":61027,"date":"2013-03-18T19:08:38","date_gmt":"2013-03-18T22:08:38","guid":{"rendered":"http:\/\/www.r2cpress.com.br\/v1\/?p=61027"},"modified":"2013-03-18T19:17:19","modified_gmt":"2013-03-18T22:17:19","slug":"policia-militar-de-itacare-apreende-menores-que-participaram-de-assaltos-a-turistas-e-a-casa-comercial","status":"publish","type":"post","link":"https:\/\/www.r2cpress.com.br\/v1\/2013\/03\/18\/policia-militar-de-itacare-apreende-menores-que-participaram-de-assaltos-a-turistas-e-a-casa-comercial\/","title":{"rendered":"POL\u00cdCIA MILITAR DE ITACAR\u00c9 APREENDE MENORES QUE PARTICIPARAM DE ASSALTOS A TURISTAS E A CASA COMERCIAL."},"content":{"rendered":"<p style=\"text-align: center;\" align=\"center\"><b>POL\u00cdCIA MILITAR DA BAHIA<\/b><\/p>\n<p style=\"text-align: center;\"><b>COPM\u00a0\u00a0\u00a0\u00a0\u00a0\u00a0\u00a0\u00a0\u00a0\u00a0\u00a0\u00a0\u00a0\u00a0\u00a0\u00a0\u00a0\u00a0 &#8211;\u00a0\u00a0\u00a0\u00a0\u00a0\u00a0\u00a0\u00a0\u00a0\u00a0\u00a0\u00a0\u00a0\u00a0\u00a0\u00a0\u00a0 CPRS<\/b><\/p>\n<p style=\"text-align: center;\"><b>72\u00aa CIPM &#8211; ITACAR\u00c9<\/b><\/p>\n<p style=\"text-align: center;\" align=\"center\"><b>\u00a0INFORMATIVO N\u00b0 007\/2013<\/b><\/p>\n<table cellspacing=\"0\" cellpadding=\"0\" align=\"left\">\n<tbody>\n<tr>\n<td width=\"6\" height=\"6\"><\/td>\n<\/tr>\n<tr>\n<td><\/td>\n<td><\/td>\n<\/tr>\n<\/tbody>\n<\/table>\n<p align=\"center\"><b>POL\u00cdCIA MILITAR DE ITACAR\u00c9 APREENDE MENORES QUE PARTICIPARAM DE ASSALTOS A TURISTAS E A CASA COMERCIAL.<\/b><\/p>\n<p>&nbsp;<\/p>\n<div id=\"attachment_61033\" style=\"width: 560px\" class=\"wp-caption aligncenter\"><a href=\"http:\/\/www.r2cpress.com.br\/v1\/wp-content\/uploads\/CAPA-R2CPRESS76.jpg\"><img aria-describedby=\"caption-attachment-61033\" loading=\"lazy\" class=\"size-full wp-image-61033\" alt=\"72 CIPM_ITACAR\u00c9\" src=\"http:\/\/www.r2cpress.com.br\/v1\/wp-content\/uploads\/CAPA-R2CPRESS76.jpg\" width=\"550\" height=\"550\" srcset=\"https:\/\/www.r2cpress.com.br\/v1\/wp-content\/uploads\/CAPA-R2CPRESS76.jpg 550w, https:\/\/www.r2cpress.com.br\/v1\/wp-content\/uploads\/CAPA-R2CPRESS76-150x150.jpg 150w, https:\/\/www.r2cpress.com.br\/v1\/wp-content\/uploads\/CAPA-R2CPRESS76-300x300.jpg 300w\" sizes=\"(max-width: 550px) 100vw, 550px\" \/><\/a><p id=\"caption-attachment-61033\" class=\"wp-caption-text\">72 CIPM_ITACAR\u00c9_Mont: R2CPRESS<\/p><\/div>\n<p>Duas equipes da 72\u00aa CIPM\/Itacar\u00e9 capturaram os menores infratores <b>M. S. de J.<\/b> de 16 anos, filho de \u00c2ngela Cristina, morador da Rua Principal \u2013 Bairro Santo Ant\u00f4nio, Itacar\u00e9-Ba.. Com o mesmo foi apreendido 01 pistola de brinquedo, que ele utilizava para coagir e assaltar pessoas ao entardecer durante o retorno ou ida \u00e0s praias e pousadas ali existentes. O outro menor apreendido foi <b>U. S. de L.<\/b> 16 anos, morador da Vila Judite, bairro da Passagem que participou do assalto ao Posto S\u00e3o Miguel e que foi reconhecido pelos Policiais Militares ap\u00f3s terem visto as filmagens obtidas pelo servi\u00e7o de monitoramento eletr\u00f4nico do referido estabelecimento.<\/p>\n<p>A Pol\u00edcia Militar de Itacar\u00e9 com o apoio da CAERC continua realizando dilig\u00eancias em busca de mais integrantes do bando que vem praticando assaltos nas trilhas e em alguns bairros dessa cidade de Itacar\u00e9-Ba.<\/p>\n<p style=\"text-align: center;\"><strong>Jos\u00e9 Raimundo Carvalho Pessoa &#8211; Maj PM<\/strong><\/p>\n","protected":false},"excerpt":{"rendered":"<p>POL\u00cdCIA MILITAR DA BAHIA COPM\u00a0\u00a0\u00a0\u00a0\u00a0\u00a0\u00a0\u00a0\u00a0\u00a0\u00a0\u00a0\u00a0\u00a0\u00a0\u00a0\u00a0\u00a0 &#8211;\u00a0\u00a0\u00a0\u00a0\u00a0\u00a0\u00a0\u00a0\u00a0\u00a0\u00a0\u00a0\u00a0\u00a0\u00a0\u00a0\u00a0 CPRS 72\u00aa CIPM &#8211; ITACAR\u00c9 \u00a0INFORMATIVO N\u00b0 007\/2013 POL\u00cdCIA MILITAR DE ITACAR\u00c9 APREENDE MENORES QUE PARTICIPARAM DE ASSALTOS A TURISTAS E A CASA COMERCIAL. &nbsp; Duas equipes da 72\u00aa CIPM\/Itacar\u00e9 capturaram os menores infratores M. S. de J. de 16 anos, filho de \u00c2ngela Cristina, morador da Rua Principal [&hellip;]<\/p>\n","protected":false},"author":2,"featured_media":0,"comment_status":"open","ping_status":"open","sticky":false,"template":"","format":"standard","meta":{"_links_to":"","_links_to_target":""},"categories":[25],"tags":[],"_links":{"self":[{"href":"https:\/\/www.r2cpress.com.br\/v1\/wp-json\/wp\/v2\/posts\/61027"}],"collection":[{"href":"https:\/\/www.r2cpress.com.br\/v1\/wp-json\/wp\/v2\/posts"}],"about":[{"href":"https:\/\/www.r2cpress.com.br\/v1\/wp-json\/wp\/v2\/types\/post"}],"author":[{"embeddable":true,"href":"https:\/\/www.r2cpress.com.br\/v1\/wp-json\/wp\/v2\/users\/2"}],"replies":[{"embeddable":true,"href":"https:\/\/www.r2cpress.com.br\/v1\/wp-json\/wp\/v2\/comments?post=61027"}],"version-history":[{"count":7,"href":"https:\/\/www.r2cpress.com.br\/v1\/wp-json\/wp\/v2\/posts\/61027\/revisions"}],"predecessor-version":[{"id":61035,"href":"https:\/\/www.r2cpress.com.br\/v1\/wp-json\/wp\/v2\/posts\/61027\/revisions\/61035"}],"wp:attachment":[{"href":"https:\/\/www.r2cpress.com.br\/v1\/wp-json\/wp\/v2\/media?parent=61027"}],"wp:term":[{"taxonomy":"category","embeddable":true,"href":"https:\/\/www.r2cpress.com.br\/v1\/wp-json\/wp\/v2\/categories?post=61027"},{"taxonomy":"post_tag","embeddable":true,"href":"https:\/\/www.r2cpress.com.br\/v1\/wp-json\/wp\/v2\/tags?post=61027"}],"curies":[{"name":"wp","href":"https:\/\/api.w.org\/{rel}","templated":true}]}}