{"id":61178,"date":"2013-03-20T12:45:35","date_gmt":"2013-03-20T15:45:35","guid":{"rendered":"http:\/\/www.r2cpress.com.br\/v1\/?p=61178"},"modified":"2013-03-20T12:45:35","modified_gmt":"2013-03-20T15:45:35","slug":"anvisa-abre-inscricoes-para-concurso-com-salario-de-ate-r-10-mil","status":"publish","type":"post","link":"https:\/\/www.r2cpress.com.br\/v1\/2013\/03\/20\/anvisa-abre-inscricoes-para-concurso-com-salario-de-ate-r-10-mil\/","title":{"rendered":"Anvisa abre inscri\u00e7\u00f5es para concurso com sal\u00e1rio de at\u00e9 R$ 10 mil"},"content":{"rendered":"<h3>S\u00e3o 314 vagas de n\u00edvel m\u00e9dio e superior. Prova est\u00e1 marcada para junho<\/h3>\n<p>A Ag\u00eancia Nacional de Vigil\u00e2ncia Sanit\u00e1ria (Anvisa) abriu nesta quarta-feira (20) as inscri\u00e7\u00f5es para concurso de n\u00edvel m\u00e9dio e superior. S\u00e3o 314 vagas para especialista em regula\u00e7\u00e3o e vigil\u00e2ncia sanit\u00e1ria, analista administrativo, t\u00e9cnico em regula\u00e7\u00e3o e vigil\u00e2ncia sanit\u00e1ria e t\u00e9cnico administrativo. Os sal\u00e1rios variam de R$ 4.760,18 a R$ 10.019,20.<\/p>\n<p>As inscri\u00e7\u00f5es devem ser feitas at\u00e9 as 16h59 de 10 de abril, no site da Cetro <a href=\"http:\/\/www.cetroconcursos.org.br\" target=\"_blank\">www.cetroconcursos.org.br<\/a>, organizadora do concurso. As taxas s\u00e3o de R$ 50 para n\u00edvel m\u00e9dio e de R$ 70 para n\u00edvel superior.<\/p>\n<p>Do total de vagas, 100 s\u00e3o para t\u00e9cnico em regula\u00e7\u00e3o e vigil\u00e2ncia sanit\u00e1ria, 157 para especialista em regula\u00e7\u00e3o e vigil\u00e2ncia sanit\u00e1ria, para analista administrativo, e 28 vagas para t\u00e9cnico administrativo. A carga de trabalho \u00e9 de 40 horas semanais. As vagas s\u00e3o para a sede da ag\u00eancia, em Bras\u00edlia.<\/p>\n<p>Os candidatos a t\u00e9cnicos em regula\u00e7\u00e3o e vigil\u00e2ncia sanit\u00e1ria e administrativo devem ter n\u00edvel m\u00e9dio. O cargo de analista administrativo exige n\u00edvel superior em administra\u00e7\u00e3o ou economia (\u00e1rea 1), ci\u00eancias cont\u00e1beis (\u00e1rea 2), direito (\u00e1rea 3), engenharia civil (\u00e1rea 4), an\u00e1lise\u00a0 de sistemas ou ci\u00eancia da computa\u00e7\u00e3o ou processamento de dados ou sistemas de informa\u00e7\u00e3o ou inform\u00e1tica ou engenharia da computa\u00e7\u00e3o ou engenharia de sistemas ou engenharia de redes (\u00e1rea 5), pedagogia (\u00e1rea 6) e psicologia (\u00e1rea 7).<\/p>\n<p><!--more--><\/p>\n<p>Interessados no cargo de especialista em regula\u00e7\u00e3o e vigil\u00e2ncia sanit\u00e1ria precisam ter n\u00edvel superior em engenharia el\u00e9trica ou engenharia mec\u00e2nica ou engenharia de materiais ou engenharia de produ\u00e7\u00e3o ou f\u00edsica ou engenharia qu\u00edmica ou qu\u00edmica (\u00e1rea 1), enfermagem ou farm\u00e1cia ou medicina ou biologia ou biomedicina ou nutri\u00e7\u00e3o ou medicina veterin\u00e1ria ou fisioterapia ou odontologia (\u00e1rea 2) e qualquer \u00e1rea de forma\u00e7\u00e3o (\u00e1rea 3).<\/p>\n<p><b><a title=\"Opens external link in new window\" href=\"http:\/\/www.cetroconcursos.org.br\/site\/?p=concurso_detalhes&amp;tipo=1&amp;id=2066\" target=\"_blank\">VEJA O EDITAL<\/a><\/b><\/p>\n<p>As provas objetivas e discursivas est\u00e3o marcadas para 2 de junho. Elas ser\u00e3o aplicadas em Aracaju, Bel\u00e9m, Belo Horizonte, Boa Vista, Bras\u00edlia, Campo Grande, Cuiab\u00e1, Curitiba, Florian\u00f3polis, Fortaleza, Goi\u00e2nia, Jo\u00e3o Pessoa, Macap\u00e1, Macei\u00f3, Manaus, Natal, Palmas, Porto Alegre, Porto Velho, Recife, Rio Branco, Rio de Janeiro, Salvador, S\u00e3o Lu\u00eds, S\u00e3o Paulo, Teresina e Vit\u00f3ria.<\/p>\n<p>Os selecionados para os cargos de especialista em regula\u00e7\u00e3o e vigil\u00e2ncia sanit\u00e1ria e analista administrativo devem passar por uma segunda etapa &#8211; composta pelo Curso de Forma\u00e7\u00e3o Profissional, com carga hor\u00e1ria de at\u00e9 160 horas. Segundo o G1, o curso ser\u00e1 realizado em Bras\u00edlia, em regime de tempo integral. As atividades do curso poder\u00e3o ocorrer nos turnos diurno e noturno, inclusive aos s\u00e1bados, domingos e feriados.<\/p>\n<p>&#8212;<\/p>\n<p><b>Da Reda\u00e7\u00e3o <\/b><\/p>\n<p><strong>CORREIO DA BAHIA<\/strong><\/p>\n<p>http:\/\/www.correio24horas.com.br\/noticias\/detalhes\/detalhes-1\/artigo\/anvisa-abre-inscricoes-para-concurso-com-salario-de-ate-r-10-mil\/<\/p>\n","protected":false},"excerpt":{"rendered":"<p>S\u00e3o 314 vagas de n\u00edvel m\u00e9dio e superior. Prova est\u00e1 marcada para junho A Ag\u00eancia Nacional de Vigil\u00e2ncia Sanit\u00e1ria (Anvisa) abriu nesta quarta-feira (20) as inscri\u00e7\u00f5es para concurso de n\u00edvel m\u00e9dio e superior. S\u00e3o 314 vagas para especialista em regula\u00e7\u00e3o e vigil\u00e2ncia sanit\u00e1ria, analista administrativo, t\u00e9cnico em regula\u00e7\u00e3o e vigil\u00e2ncia sanit\u00e1ria e t\u00e9cnico administrativo. Os [&hellip;]<\/p>\n","protected":false},"author":2,"featured_media":0,"comment_status":"open","ping_status":"open","sticky":false,"template":"","format":"standard","meta":{"_links_to":"","_links_to_target":""},"categories":[24],"tags":[],"_links":{"self":[{"href":"https:\/\/www.r2cpress.com.br\/v1\/wp-json\/wp\/v2\/posts\/61178"}],"collection":[{"href":"https:\/\/www.r2cpress.com.br\/v1\/wp-json\/wp\/v2\/posts"}],"about":[{"href":"https:\/\/www.r2cpress.com.br\/v1\/wp-json\/wp\/v2\/types\/post"}],"author":[{"embeddable":true,"href":"https:\/\/www.r2cpress.com.br\/v1\/wp-json\/wp\/v2\/users\/2"}],"replies":[{"embeddable":true,"href":"https:\/\/www.r2cpress.com.br\/v1\/wp-json\/wp\/v2\/comments?post=61178"}],"version-history":[{"count":3,"href":"https:\/\/www.r2cpress.com.br\/v1\/wp-json\/wp\/v2\/posts\/61178\/revisions"}],"predecessor-version":[{"id":61181,"href":"https:\/\/www.r2cpress.com.br\/v1\/wp-json\/wp\/v2\/posts\/61178\/revisions\/61181"}],"wp:attachment":[{"href":"https:\/\/www.r2cpress.com.br\/v1\/wp-json\/wp\/v2\/media?parent=61178"}],"wp:term":[{"taxonomy":"category","embeddable":true,"href":"https:\/\/www.r2cpress.com.br\/v1\/wp-json\/wp\/v2\/categories?post=61178"},{"taxonomy":"post_tag","embeddable":true,"href":"https:\/\/www.r2cpress.com.br\/v1\/wp-json\/wp\/v2\/tags?post=61178"}],"curies":[{"name":"wp","href":"https:\/\/api.w.org\/{rel}","templated":true}]}}