{"id":6122,"date":"2011-01-08T21:05:59","date_gmt":"2011-01-09T00:05:59","guid":{"rendered":"http:\/\/www.r2cpress.com.br\/v1\/?p=6122"},"modified":"2011-01-08T21:05:59","modified_gmt":"2011-01-09T00:05:59","slug":"girando-com-paulo-roberto","status":"publish","type":"post","link":"https:\/\/www.r2cpress.com.br\/v1\/2011\/01\/08\/girando-com-paulo-roberto\/","title":{"rendered":"Girando com Paulo Roberto"},"content":{"rendered":"<p><strong>Por Paulo Roberto Argollo<\/strong><\/p>\n<p><a href=\"http:\/\/www.r2cpress.com.br\/v1\/wp-content\/uploads\/Janilson_do_juazeiro.jpg\"><img loading=\"lazy\" src=\"http:\/\/www.r2cpress.com.br\/v1\/wp-content\/uploads\/Janilson_do_juazeiro.jpg\" alt=\"\" title=\"Janilson_do_juazeiro\" width=\"300\" height=\"250\" class=\"alignnone size-full wp-image-6123\" \/><\/a><br \/>\n<em><strong>JUAZEIRO: Janilson Silva comanda a equipe na volta a elite<\/strong><\/em><\/p>\n<p><a href=\"http:\/\/www.r2cpress.com.br\/v1\/wp-content\/uploads\/Eduardo_Bahia_camaca.jpg\"><img loading=\"lazy\" src=\"http:\/\/www.r2cpress.com.br\/v1\/wp-content\/uploads\/Eduardo_Bahia_camaca-300x210.jpg\" alt=\"\" title=\"Eduardo_Bahia_camaca\" width=\"300\" height=\"210\" class=\"alignnone size-medium wp-image-6124\" srcset=\"https:\/\/www.r2cpress.com.br\/v1\/wp-content\/uploads\/Eduardo_Bahia_camaca-300x210.jpg 300w, https:\/\/www.r2cpress.com.br\/v1\/wp-content\/uploads\/Eduardo_Bahia_camaca.jpg 350w\" sizes=\"(max-width: 300px) 100vw, 300px\" \/><\/a><br \/>\n<em><strong>CAMA\u00c7ARI: Ex treinador de goleiros estreia como treinador<\/strong><\/em><\/p>\n<p><!--more--><\/p>\n<p>***<\/p>\n<p><strong>JUAZEIRO: Janilson Silva comanda a equipe na volta a elite<\/strong><\/p>\n<p>O Juazeiro Social Clube est\u00e1 de volta a primeira divis\u00e3o do futebol da Bahia, depois de dois anos na segunda divis\u00e3o. O time caiu na gest\u00e3o do presidente El\u00e1dio J\u00fanior,  que continou no comando da equipe, trabalhou muito e recolocou o time das Carrancas na elite do futebol baiano.<\/p>\n<p>A queda da equipe, motivou a cria\u00e7\u00e3o da Desportiva Juazeirense, que \u00e9 comandada pelo deputado estadual Roberto Carlos, que j\u00e1 foi presidente pr\u00f3prio Juazeiro. Para comandar tecnicamente o time do S\u00e3o Francisco, a diretoria aposta em Janilson Silva, que foi jogador do Juazeiro e comandou a equipe na segunda divis\u00e3o.<\/p>\n<p>A diretoria do Juazeiro manteve a base da equipe, que disputou a segunda divis\u00e3o e vem com uma equipe forte para brigar pela \u00fanica vaga que resta para a Serie D do Campeonato Brasileiro. &#8220;Estou confiante no meu grupo, tenho certeza que vamos fazer um bom campeonato&#8221;, declarou o presidente do clube.<\/p>\n<p>J\u00e1 o t\u00e9cnico Janilson Silva, que atuou no Caxias\/SC, Bahia e Itabaiana\/SE, al\u00e9m do Juazeiro, foi mais cauteloso. &#8220;Sei que \u00e9 um campeonato dif\u00edcil e muito nivelado, quem errar menos pode se d\u00e1 bem. Nosso time \u00e9 qualificado, mas o importante \u00e9 se manter na primeira divis\u00e3o, declarou o treinador.<\/p>\n<p><strong>CAMA\u00c7ARI: Ex treinador de goleiros estreia como treinador<\/strong><\/p>\n<p>O ex treinador de goleiros do Vit\u00f3ria, Eduardo Andrade Bahia vai estrear como treinador de futebol no Campeonato Baiano deste ano. Eduardo ser\u00e1 o comandante t\u00e9cnico do Cama\u00e7ari, time do presidente Fernando Lopes que resolveu apostar no jovem treinador.<\/p>\n<p>Eduardo Bahia foi revelado na divis\u00e3o de base do Esporte Clube Bahia nos anos 80, quando se transferiu para a base do Flamengo do Rio de Janeiro. Uma les\u00e3o tirou o jovem e promissor goleiro precocemente de dentro das quatro linhas.<\/p>\n<p>Mas Duda como era chamado pelos amigos de inf\u00e2ncia, n\u00e3o desistiu do futebol, fez um curso de treinador de goleiro, com Valdir Joaquim de Morais em S\u00e3o Paulo e veio trabalhar no Vit\u00f3ria, onde trabalhou durante 16 anos.<\/p>\n<p>No rubro negro revelou v\u00e1rios goleiros, como Dida, F\u00e1bio Costa, Felipe, Juninho, dentre outros. Quando saiu do Vit\u00f3ria foi para o Atl\u00e9tico\/PR e depois foi trabalhar com Wanderley Luxemburgo no Santos, como auxiliar t\u00e9cnico. &#8220;Trabalhar com Luxemburgo foi muito bom, aprendir muito com ele&#8221;, disse Eduardo.<\/p>\n<p>Quando perguntado quem s\u00e3o os destaques do time para o Baian\u00e3o, o treinador segue a linha do presidente do clube e tamb\u00e9m faz mist\u00e9rio, &#8220;Nosso elenco \u00e9 forte e qualificado, n\u00e3o temos nomes conhecidos no nosso grupo. Fernando gosta de trabalhar com jogadores jovens e isso \u00e9 muito bom&#8221;, enfatiza o treinador.<\/p>\n<p>O Cama\u00e7ari conseguiu esta semana a contrata\u00e7\u00e3o de dois jogadores do Vit\u00f3ria por empr\u00e9stimo, o volante Eveson e o atacante J\u00fanior Timb\u00f3, ambos de 20 anos. Timb\u00f3 atuou no ano passado na equipe do Fluminense de Feira de Santana.<\/p>\n<p>&#8212;<br \/>\nAcessem o meu site &#8211; <a href = \"http:\/\/www.galeriadabola.com\/\" target = \"_news\"><b>GALERIA DA BOLA<\/b><\/a><\/p>\n","protected":false},"excerpt":{"rendered":"<p>Por Paulo Roberto Argollo JUAZEIRO: Janilson Silva comanda a equipe na volta a elite CAMA\u00c7ARI: Ex treinador de goleiros estreia como treinador<\/p>\n","protected":false},"author":2,"featured_media":0,"comment_status":"open","ping_status":"open","sticky":false,"template":"","format":"standard","meta":{"_links_to":"","_links_to_target":""},"categories":[11],"tags":[],"_links":{"self":[{"href":"https:\/\/www.r2cpress.com.br\/v1\/wp-json\/wp\/v2\/posts\/6122"}],"collection":[{"href":"https:\/\/www.r2cpress.com.br\/v1\/wp-json\/wp\/v2\/posts"}],"about":[{"href":"https:\/\/www.r2cpress.com.br\/v1\/wp-json\/wp\/v2\/types\/post"}],"author":[{"embeddable":true,"href":"https:\/\/www.r2cpress.com.br\/v1\/wp-json\/wp\/v2\/users\/2"}],"replies":[{"embeddable":true,"href":"https:\/\/www.r2cpress.com.br\/v1\/wp-json\/wp\/v2\/comments?post=6122"}],"version-history":[{"count":4,"href":"https:\/\/www.r2cpress.com.br\/v1\/wp-json\/wp\/v2\/posts\/6122\/revisions"}],"predecessor-version":[{"id":6128,"href":"https:\/\/www.r2cpress.com.br\/v1\/wp-json\/wp\/v2\/posts\/6122\/revisions\/6128"}],"wp:attachment":[{"href":"https:\/\/www.r2cpress.com.br\/v1\/wp-json\/wp\/v2\/media?parent=6122"}],"wp:term":[{"taxonomy":"category","embeddable":true,"href":"https:\/\/www.r2cpress.com.br\/v1\/wp-json\/wp\/v2\/categories?post=6122"},{"taxonomy":"post_tag","embeddable":true,"href":"https:\/\/www.r2cpress.com.br\/v1\/wp-json\/wp\/v2\/tags?post=6122"}],"curies":[{"name":"wp","href":"https:\/\/api.w.org\/{rel}","templated":true}]}}