{"id":61308,"date":"2013-03-21T18:59:23","date_gmt":"2013-03-21T21:59:23","guid":{"rendered":"http:\/\/www.r2cpress.com.br\/v1\/?p=61308"},"modified":"2013-03-21T18:59:23","modified_gmt":"2013-03-21T21:59:23","slug":"jabes-ribeiro-pede-a-ministro-apoio-para-retomar-programa-viva-o-morro","status":"publish","type":"post","link":"https:\/\/www.r2cpress.com.br\/v1\/2013\/03\/21\/jabes-ribeiro-pede-a-ministro-apoio-para-retomar-programa-viva-o-morro\/","title":{"rendered":"Jabes Ribeiro pede a ministro apoio para retomar programa Viva o Morro"},"content":{"rendered":"<p>O prefeito Jabes Ribeiro apresentou ao ministro das Cidades, Aguinaldo Ribeiro, durante audi\u00eancia na sede do Minist\u00e9rio, em Bras\u00edlia, a proposta de retomada do programa Viva o Morro, que prev\u00ea a realiza\u00e7\u00e3o de uma s\u00e9rie de interven\u00e7\u00f5es, a exemplo de saneamento b\u00e1sico, pavimenta\u00e7\u00e3o, urbaniza\u00e7\u00e3o, ilumina\u00e7\u00e3o e conten\u00e7\u00e3o de encostas, em localidades situadas nas partes altas de Ilh\u00e9us. O Viva o Morro foi implantado durante a primeira gest\u00e3o de Jabes Ribeiro, mas n\u00e3o teve continuidade nos \u00faltimos oito anos, resultando no abandono daquelas comunidades e at\u00e9 na deteriora\u00e7\u00e3o do trabalho que j\u00e1 havia sido feito.<br \/>\n<div id=\"attachment_61309\" style=\"width: 510px\" class=\"wp-caption aligncenter\"><a href=\"http:\/\/www.r2cpress.com.br\/v1\/wp-content\/uploads\/Prefeito-Jabes-Ribeiro-com-o-ministro-das-Cidades-Aguinaldo-Ribeiro-e-os-deputados-federais-M\u00e1rio-Negromonte-e-Jo\u00e3o-Le\u00e3o.jpg\"><img aria-describedby=\"caption-attachment-61309\" loading=\"lazy\" src=\"http:\/\/www.r2cpress.com.br\/v1\/wp-content\/uploads\/Prefeito-Jabes-Ribeiro-com-o-ministro-das-Cidades-Aguinaldo-Ribeiro-e-os-deputados-federais-M\u00e1rio-Negromonte-e-Jo\u00e3o-Le\u00e3o.jpg\" alt=\"Prefeito Jabes Ribeiro com o ministro das Cidades, Aguinaldo Ribeiro e os deputados federais M\u00e1rio Negromonte e Jo\u00e3o Le\u00e3o.\" width=\"500\" height=\"375\" class=\"size-full wp-image-61309\" srcset=\"https:\/\/www.r2cpress.com.br\/v1\/wp-content\/uploads\/Prefeito-Jabes-Ribeiro-com-o-ministro-das-Cidades-Aguinaldo-Ribeiro-e-os-deputados-federais-M\u00e1rio-Negromonte-e-Jo\u00e3o-Le\u00e3o.jpg 500w, https:\/\/www.r2cpress.com.br\/v1\/wp-content\/uploads\/Prefeito-Jabes-Ribeiro-com-o-ministro-das-Cidades-Aguinaldo-Ribeiro-e-os-deputados-federais-M\u00e1rio-Negromonte-e-Jo\u00e3o-Le\u00e3o-300x225.jpg 300w\" sizes=\"(max-width: 500px) 100vw, 500px\" \/><\/a><p id=\"caption-attachment-61309\" class=\"wp-caption-text\">Prefeito Jabes Ribeiro com o ministro das Cidades, Aguinaldo Ribeiro e os deputados federais M\u00e1rio Negromonte e Jo\u00e3o Le\u00e3o.<\/p><\/div><br \/>\nO ministro garantiu ao prefeito ilheense e aos deputados federais M\u00e1rio Negromonte, presidente regional do PP, e Jo\u00e3o Le\u00e3o, vice-l\u00edder da legenda na C\u00e2mara Federal, ter todo interesse em dar apoio \u00e0 implementa\u00e7\u00e3o do programa, em raz\u00e3o da sua import\u00e2ncia social, uma vez que visa dar melhores condi\u00e7\u00f5es de vida \u00e0 popula\u00e7\u00e3o das \u00e1reas beneficiadas. Ele solicitou ao prefeito que conclua o projeto, que j\u00e1 est\u00e1 sendo elaborado pelas equipes t\u00e9cnicas da atual gest\u00e3o, para que possa incluir a nova fase do Viva o Morro nos recursos destinados ao Programa de Acelera\u00e7\u00e3o do Crescimento &#8211; PAC 2.<\/p>\n<p><!--more--><\/p>\n<p>Jabes observou que este \u00e9 um programa do mais alto interesse para sua administra\u00e7\u00e3o e acrescentou que, al\u00e9m das obras j\u00e1 citadas, sua inten\u00e7\u00e3o \u00e9 tamb\u00e9m dar condi\u00e7\u00f5es para que o transporte coletivo possa ter acesso \u00e0s localidades beneficiadas, evitando que a popula\u00e7\u00e3o tenha que descer ladeiras ou longas escadarias para pegar os \u00f4nibus. \u201cQuando realizamos os servi\u00e7os do Viva o Morro, conseguimos livrar a popula\u00e7\u00e3o de diversas localidades da lama em que viviam e eliminar o perigo de deslizamentos de encostas\u201d, afirmou o prefeito, acrescentando que agora pretende ampliar o programa para beneficiar comunidades ainda n\u00e3o atingidas e tamb\u00e9m recuperar \u00e1reas que est\u00e3o danificadas pela falta de servi\u00e7os de manuten\u00e7\u00e3o destes \u00faltimos anos.<\/p>\n<p>OUTROS PROJETOS \u2013 Na audi\u00eancia, o prefeito ainda apresentou outros projetos considerados essenciais para a comunidade ilheense, a exemplo da constru\u00e7\u00e3o de mais casas populares, por meio do Programa Minha Casa Minha Vida, e do saneamento b\u00e1sico nas bacias do Pontal e do Malhado. Em rela\u00e7\u00e3o a \u00e1rea da habita\u00e7\u00e3o, Aguinaldo Ribeiro informou a Jabes Ribeiro e aos deputados M\u00e1rio Negromonte e Jo\u00e3o Le\u00e3o, que, pelas an\u00e1lises preliminares da \u00e1rea t\u00e9cnica do Minist\u00e9rio, Ilh\u00e9us tem possibilidade de receber pelo menos mais tr\u00eas mil casas, o que depender\u00e1 somente da elabora\u00e7\u00e3o dos projetos que j\u00e1 est\u00e3o sendo elaborados pela Prefeitura Municipal.<\/p>\n<p>Em rela\u00e7\u00e3o aos dois projetos de saneamento, o ministro tamb\u00e9m abriu a possibilidade de inclu\u00ed-los na programa\u00e7\u00e3o do PAC-2 e o prefeito informou que, a respeito da Bacia do Pontal j\u00e1 tem entabulado conversas com a Embasa e o Governo do Estado, cobrando a realiza\u00e7\u00e3o dos servi\u00e7os que s\u00e3o essenciais para a melhoria das condi\u00e7\u00f5es de vida dos moradores da zona sul de Ilh\u00e9us. Quanto \u00e0 Bacia do Malhado, obra qualificada por ele t\u00e3o importante quanto a da zona Sul, disse que a pretens\u00e3o \u00e9 conseguir os recursos do PAC-2 para que a pr\u00f3pria Prefeitura realize as obras, que incluem a cobertura do canal ali existente e as liga\u00e7\u00f5es dom\u00e9sticas a um sistema de esgotamento sanit\u00e1rio.<\/p>\n<p>&#8212;<br \/>\nSecretaria de Comunica\u00e7\u00e3o Social (Secom)<br \/>\nIlh\u00e9us \u2013 21.03.2013<\/p>\n","protected":false},"excerpt":{"rendered":"<p>O prefeito Jabes Ribeiro apresentou ao ministro das Cidades, Aguinaldo Ribeiro, durante audi\u00eancia na sede do Minist\u00e9rio, em Bras\u00edlia, a proposta de retomada do programa Viva o Morro, que prev\u00ea a realiza\u00e7\u00e3o de uma s\u00e9rie de interven\u00e7\u00f5es, a exemplo de saneamento b\u00e1sico, pavimenta\u00e7\u00e3o, urbaniza\u00e7\u00e3o, ilumina\u00e7\u00e3o e conten\u00e7\u00e3o de encostas, em localidades situadas nas partes altas [&hellip;]<\/p>\n","protected":false},"author":2,"featured_media":0,"comment_status":"open","ping_status":"open","sticky":false,"template":"","format":"standard","meta":{"_links_to":"","_links_to_target":""},"categories":[23],"tags":[],"_links":{"self":[{"href":"https:\/\/www.r2cpress.com.br\/v1\/wp-json\/wp\/v2\/posts\/61308"}],"collection":[{"href":"https:\/\/www.r2cpress.com.br\/v1\/wp-json\/wp\/v2\/posts"}],"about":[{"href":"https:\/\/www.r2cpress.com.br\/v1\/wp-json\/wp\/v2\/types\/post"}],"author":[{"embeddable":true,"href":"https:\/\/www.r2cpress.com.br\/v1\/wp-json\/wp\/v2\/users\/2"}],"replies":[{"embeddable":true,"href":"https:\/\/www.r2cpress.com.br\/v1\/wp-json\/wp\/v2\/comments?post=61308"}],"version-history":[{"count":2,"href":"https:\/\/www.r2cpress.com.br\/v1\/wp-json\/wp\/v2\/posts\/61308\/revisions"}],"predecessor-version":[{"id":61311,"href":"https:\/\/www.r2cpress.com.br\/v1\/wp-json\/wp\/v2\/posts\/61308\/revisions\/61311"}],"wp:attachment":[{"href":"https:\/\/www.r2cpress.com.br\/v1\/wp-json\/wp\/v2\/media?parent=61308"}],"wp:term":[{"taxonomy":"category","embeddable":true,"href":"https:\/\/www.r2cpress.com.br\/v1\/wp-json\/wp\/v2\/categories?post=61308"},{"taxonomy":"post_tag","embeddable":true,"href":"https:\/\/www.r2cpress.com.br\/v1\/wp-json\/wp\/v2\/tags?post=61308"}],"curies":[{"name":"wp","href":"https:\/\/api.w.org\/{rel}","templated":true}]}}