{"id":61379,"date":"2013-03-22T20:00:55","date_gmt":"2013-03-22T23:00:55","guid":{"rendered":"http:\/\/www.r2cpress.com.br\/v1\/?p=61379"},"modified":"2013-03-22T20:03:39","modified_gmt":"2013-03-22T23:03:39","slug":"do-fundo-do-bau-de-jose-leite-106","status":"publish","type":"post","link":"https:\/\/www.r2cpress.com.br\/v1\/2013\/03\/22\/do-fundo-do-bau-de-jose-leite-106\/","title":{"rendered":"DO FUNDO DO BA\u00da DE JOS\u00c9 LEITE"},"content":{"rendered":"<p><center><img src=\"http:\/\/www.r2cpress.com.br\/v1\/wp-content\/uploads\/tampa-do-ba%C3%BA-com-camisa.jpg\" \/><\/p>\n<p><strong>1)\tA VISITA DO MELHOR GOVERNADOR DA BAHIA \u00c1 ASSOCIA\u00c7\u00c3O COMERCIAL DE ILH\u00c9US.<br \/>\n2)\tAS FOTOS DESTAQUES DA SEMANA.<\/strong><\/center><\/p>\n<p><!--more--><\/p>\n<p>***<\/p>\n<p><center><b>A VISITA DO MELHOR GOVERNADOR DA BAHIA \u00c0 ASSOCIA\u00c7\u00c3O COMERCIAL DE ILH\u00c9US.<\/b><\/center><\/p>\n<p>O MELHOR GOVERNADOR DA BAHIA de todos os tempos para mim foi ANTONIO CARLOS MAGALH\u00c3ES, quem n\u00e3o concordar tamb\u00e9m eu n\u00e3o discordo. Foram 3 gest\u00f5es 1971-1975 \/ 1979-1983 \/ e 1991-1994. No m\u00eas de mar\u00e7o de 1994 o Governador A.C.M visitou ILH\u00c9US para inaugurar o MOINHO IDEAL e o POLO DE CONFEC\u00c7\u00d5ES e fez uma visita \u00e0 ASSOCIA\u00c7\u00c3O COMERCIAL DE ILH\u00c9US. Observe nas fotos abaixo:<\/p>\n<div id=\"attachment_61380\" style=\"width: 310px\" class=\"wp-caption aligncenter\"><a href=\"http:\/\/www.r2cpress.com.br\/v1\/wp-content\/uploads\/17.jpeg\"><img aria-describedby=\"caption-attachment-61380\" loading=\"lazy\" src=\"http:\/\/www.r2cpress.com.br\/v1\/wp-content\/uploads\/17-300x241.jpeg\" alt=\"Chegada do Governador A.C.M \u00e0 ASSOCIA\u00c7\u00c3O COMERCIAL DE ILH\u00c9US. Na \u00e9poca o Presidente da ACI era ALBERTO ALBAGLI que aparece na foto. (Mar\u00e7o de 1994)\" width=\"300\" height=\"241\" class=\"size-medium wp-image-61380\" srcset=\"https:\/\/www.r2cpress.com.br\/v1\/wp-content\/uploads\/17-300x241.jpeg 300w, https:\/\/www.r2cpress.com.br\/v1\/wp-content\/uploads\/17.jpeg 680w\" sizes=\"(max-width: 300px) 100vw, 300px\" \/><\/a><p id=\"caption-attachment-61380\" class=\"wp-caption-text\">Chegada do Governador A.C.M \u00e0 ASSOCIA\u00c7\u00c3O COMERCIAL DE ILH\u00c9US. Na \u00e9poca o Presidente da ACI era ALBERTO ALBAGLI que aparece na foto. (Mar\u00e7o de 1994)<\/p><\/div>\n<div id=\"attachment_61381\" style=\"width: 310px\" class=\"wp-caption aligncenter\"><a href=\"http:\/\/www.r2cpress.com.br\/v1\/wp-content\/uploads\/22.jpeg\"><img aria-describedby=\"caption-attachment-61381\" loading=\"lazy\" src=\"http:\/\/www.r2cpress.com.br\/v1\/wp-content\/uploads\/22-300x241.jpeg\" alt=\"Governador A.C.M assinando o livro de presen\u00e7a da ACI. (Mar\u00e7o de 1994)\" width=\"300\" height=\"241\" class=\"size-medium wp-image-61381\" srcset=\"https:\/\/www.r2cpress.com.br\/v1\/wp-content\/uploads\/22-300x241.jpeg 300w, https:\/\/www.r2cpress.com.br\/v1\/wp-content\/uploads\/22.jpeg 680w\" sizes=\"(max-width: 300px) 100vw, 300px\" \/><\/a><p id=\"caption-attachment-61381\" class=\"wp-caption-text\">Governador A.C.M assinando o livro de presen\u00e7a da ACI. (Mar\u00e7o de 1994)<\/p><\/div>\n<div id=\"attachment_61382\" style=\"width: 310px\" class=\"wp-caption aligncenter\"><a href=\"http:\/\/www.r2cpress.com.br\/v1\/wp-content\/uploads\/32.jpeg\"><img aria-describedby=\"caption-attachment-61382\" loading=\"lazy\" src=\"http:\/\/www.r2cpress.com.br\/v1\/wp-content\/uploads\/32-300x240.jpeg\" alt=\"O Governador ACM quando discursava, deixava os baianos de boca fechada, com os olhos vibrantes e o rosto tenso.Observe na foto os amigos CARLOS BASTOS \u00e0 esquerda e FERNANDO BOHANA no centro. (Mar\u00e7o de 1994).\" width=\"300\" height=\"240\" class=\"size-medium wp-image-61382\" srcset=\"https:\/\/www.r2cpress.com.br\/v1\/wp-content\/uploads\/32-300x240.jpeg 300w, https:\/\/www.r2cpress.com.br\/v1\/wp-content\/uploads\/32.jpeg 680w\" sizes=\"(max-width: 300px) 100vw, 300px\" \/><\/a><p id=\"caption-attachment-61382\" class=\"wp-caption-text\">O Governador ACM quando discursava, deixava os baianos de boca fechada, com os olhos vibrantes e o rosto tenso.Observe na foto os amigos CARLOS BASTOS \u00e0 esquerda e FERNANDO BOHANA no centro. (Mar\u00e7o de 1994).<\/p><\/div>\n<div id=\"attachment_61384\" style=\"width: 275px\" class=\"wp-caption aligncenter\"><a href=\"http:\/\/www.r2cpress.com.br\/v1\/wp-content\/uploads\/42.jpeg\"><img aria-describedby=\"caption-attachment-61384\" loading=\"lazy\" src=\"http:\/\/www.r2cpress.com.br\/v1\/wp-content\/uploads\/42-265x300.jpeg\" alt=\"Governador ACM descendo as escadas da ASSOCIA\u00c7\u00c3O COMERCIAL DE ILH\u00c9US. (Mar\u00e7o de 1994).\" width=\"265\" height=\"300\" class=\"size-medium wp-image-61384\" srcset=\"https:\/\/www.r2cpress.com.br\/v1\/wp-content\/uploads\/42-265x300.jpeg 265w, https:\/\/www.r2cpress.com.br\/v1\/wp-content\/uploads\/42.jpeg 601w\" sizes=\"(max-width: 265px) 100vw, 265px\" \/><\/a><p id=\"caption-attachment-61384\" class=\"wp-caption-text\">Governador ACM descendo as escadas da ASSOCIA\u00c7\u00c3O COMERCIAL DE ILH\u00c9US. (Mar\u00e7o de 1994).<\/p><\/div>\n<p><center><b>AS FOTOS DESTAQUES DA SEMANA<\/b><\/center><\/p>\n<div id=\"attachment_61385\" style=\"width: 310px\" class=\"wp-caption aligncenter\"><a href=\"http:\/\/www.r2cpress.com.br\/v1\/wp-content\/uploads\/52.jpeg\"><img aria-describedby=\"caption-attachment-61385\" loading=\"lazy\" src=\"http:\/\/www.r2cpress.com.br\/v1\/wp-content\/uploads\/52-300x207.jpeg\" alt=\"Com a ren\u00fancia do PAPA BENTO XVI e a posse do PAPA FRANCISCO a cidade de ROMA (VATICANO) foi a cidade de maior destaque no mundo nesse m\u00eas de mar\u00e7o.\" width=\"300\" height=\"207\" class=\"size-medium wp-image-61385\" srcset=\"https:\/\/www.r2cpress.com.br\/v1\/wp-content\/uploads\/52-300x207.jpeg 300w, https:\/\/www.r2cpress.com.br\/v1\/wp-content\/uploads\/52.jpeg 680w\" sizes=\"(max-width: 300px) 100vw, 300px\" \/><\/a><p id=\"caption-attachment-61385\" class=\"wp-caption-text\">Com a ren\u00fancia do PAPA BENTO XVI e a posse do PAPA FRANCISCO a cidade de ROMA (VATICANO) foi a cidade de maior destaque no mundo nesse m\u00eas de mar\u00e7o.<\/p><\/div>\n<div id=\"attachment_61386\" style=\"width: 310px\" class=\"wp-caption aligncenter\"><a href=\"http:\/\/www.r2cpress.com.br\/v1\/wp-content\/uploads\/63.jpeg\"><img aria-describedby=\"caption-attachment-61386\" loading=\"lazy\" src=\"http:\/\/www.r2cpress.com.br\/v1\/wp-content\/uploads\/63-300x199.jpeg\" alt=\"Agora com o PAPA FRANCISCO (ARGENTINO) tudo ficar\u00e1 mais f\u00e1cil para a reabilita\u00e7\u00e3o dos DIREITOS RELIGIOSOS DO PADRE C\u00cdCERO e JUAZEIRO DO NORTE ser uma das cidades de maior destaque no BRASIL no dia dessa t\u00e3o esperada REABILITA\u00c7\u00c3O.\" width=\"300\" height=\"199\" class=\"size-medium wp-image-61386\" srcset=\"https:\/\/www.r2cpress.com.br\/v1\/wp-content\/uploads\/63-300x199.jpeg 300w, https:\/\/www.r2cpress.com.br\/v1\/wp-content\/uploads\/63.jpeg 680w\" sizes=\"(max-width: 300px) 100vw, 300px\" \/><\/a><p id=\"caption-attachment-61386\" class=\"wp-caption-text\">Agora com o PAPA FRANCISCO (ARGENTINO) tudo ficar\u00e1 mais f\u00e1cil para a reabilita\u00e7\u00e3o dos DIREITOS RELIGIOSOS DO PADRE C\u00cdCERO e JUAZEIRO DO NORTE ser uma das cidades de maior destaque no BRASIL no dia dessa t\u00e3o esperada REABILITA\u00c7\u00c3O.<\/p><\/div>\n<div id=\"attachment_61387\" style=\"width: 208px\" class=\"wp-caption aligncenter\"><a href=\"http:\/\/www.r2cpress.com.br\/v1\/wp-content\/uploads\/73.jpeg\"><img aria-describedby=\"caption-attachment-61387\" loading=\"lazy\" src=\"http:\/\/www.r2cpress.com.br\/v1\/wp-content\/uploads\/73-198x300.jpeg\" alt=\"No pr\u00f3ximo dia 29 (Sexta feira Santa) estarei com meu filho JOS\u00c9 LEITE DE SOUZA FILHO (ZEZINHO) na CIDADE SANTA de JUAZEIRO DO NORTE.\" width=\"198\" height=\"300\" class=\"size-medium wp-image-61387\" srcset=\"https:\/\/www.r2cpress.com.br\/v1\/wp-content\/uploads\/73-198x300.jpeg 198w, https:\/\/www.r2cpress.com.br\/v1\/wp-content\/uploads\/73.jpeg 451w\" sizes=\"(max-width: 198px) 100vw, 198px\" \/><\/a><p id=\"caption-attachment-61387\" class=\"wp-caption-text\">No pr\u00f3ximo dia 29 (Sexta feira Santa) estarei com meu filho JOS\u00c9 LEITE DE SOUZA FILHO (ZEZINHO) na CIDADE SANTA de JUAZEIRO DO NORTE.<\/p><\/div>\n<div id=\"attachment_61388\" style=\"width: 310px\" class=\"wp-caption aligncenter\"><a href=\"http:\/\/www.r2cpress.com.br\/v1\/wp-content\/uploads\/83.jpeg\"><img aria-describedby=\"caption-attachment-61388\" loading=\"lazy\" src=\"http:\/\/www.r2cpress.com.br\/v1\/wp-content\/uploads\/83-300x221.jpeg\" alt=\"14 de Mar\u00e7o: Dia da Poesia, Anivers\u00e1rio de CASTRO ALVES e do Prefeito JABES RIBEIRO. Na foto: Vereador ALZIM\u00c1RIO BELMONTE (Prof. GURITA), Prefeito JABES RIBEIRO e JOS\u00c9 LEITE DE SOUZA na posse da Nova Diretoria da ACADEMIA DE LETRAS DE ILH\u00c9US. (14-03-2013).\" width=\"300\" height=\"221\" class=\"size-medium wp-image-61388\" srcset=\"https:\/\/www.r2cpress.com.br\/v1\/wp-content\/uploads\/83-300x221.jpeg 300w, https:\/\/www.r2cpress.com.br\/v1\/wp-content\/uploads\/83.jpeg 680w\" sizes=\"(max-width: 300px) 100vw, 300px\" \/><\/a><p id=\"caption-attachment-61388\" class=\"wp-caption-text\">14 de Mar\u00e7o: Dia da Poesia, Anivers\u00e1rio de CASTRO ALVES e do Prefeito JABES RIBEIRO. Na foto: Vereador ALZIM\u00c1RIO BELMONTE (Prof. GURITA), Prefeito JABES RIBEIRO e JOS\u00c9 LEITE DE SOUZA na posse da Nova Diretoria da ACADEMIA DE LETRAS DE ILH\u00c9US. (14-03-2013).<\/p><\/div>\n<div id=\"attachment_61389\" style=\"width: 310px\" class=\"wp-caption aligncenter\"><a href=\"http:\/\/www.r2cpress.com.br\/v1\/wp-content\/uploads\/93.jpeg\"><img aria-describedby=\"caption-attachment-61389\" loading=\"lazy\" src=\"http:\/\/www.r2cpress.com.br\/v1\/wp-content\/uploads\/93-300x222.jpeg\" alt=\"Posse da Nova Diretoria da ACADEMIA DE LETRAS DE ILH\u00c9US. Na foto, os Acad\u00eamicos HANS SCHEAPPY, Prof. EDIVALDO BRITO (Palestrante da Noite) e JOS\u00c9 LEITE. (14-03-2013).\" width=\"300\" height=\"222\" class=\"size-medium wp-image-61389\" srcset=\"https:\/\/www.r2cpress.com.br\/v1\/wp-content\/uploads\/93-300x222.jpeg 300w, https:\/\/www.r2cpress.com.br\/v1\/wp-content\/uploads\/93.jpeg 680w\" sizes=\"(max-width: 300px) 100vw, 300px\" \/><\/a><p id=\"caption-attachment-61389\" class=\"wp-caption-text\">Posse da Nova Diretoria da ACADEMIA DE LETRAS DE ILH\u00c9US. Na foto, os Acad\u00eamicos HANS SCHEAPPY, Prof. EDIVALDO BRITO (Palestrante da Noite) e JOS\u00c9 LEITE. (14-03-2013).<\/p><\/div>\n<div id=\"attachment_61390\" style=\"width: 310px\" class=\"wp-caption aligncenter\"><a href=\"http:\/\/www.r2cpress.com.br\/v1\/wp-content\/uploads\/103.jpeg\"><img aria-describedby=\"caption-attachment-61390\" loading=\"lazy\" src=\"http:\/\/www.r2cpress.com.br\/v1\/wp-content\/uploads\/103-300x196.jpeg\" alt=\"CASA DE SHOW E ESPA\u00c7O PARA EVENTOS, a saudosa CABANAS DO MIRANTE coberta com PIA\u00c7AVA na d\u00e9cada de 1980 incendiou-se e em 1990 o CDL DE ILH\u00c9US assumiu o espa\u00e7o e mandou construir as duas CABANAS, ficando o espa\u00e7o maior (FOTO) para as futuras diretorias empossadas constru\u00edrem. E LA SE V\u00c3O 23 ANOS! Coitado do CDL de ILH\u00c9US, nem uma SEDE PR\u00d3PRIA tem.\" width=\"300\" height=\"196\" class=\"size-medium wp-image-61390\" srcset=\"https:\/\/www.r2cpress.com.br\/v1\/wp-content\/uploads\/103-300x196.jpeg 300w, https:\/\/www.r2cpress.com.br\/v1\/wp-content\/uploads\/103.jpeg 680w\" sizes=\"(max-width: 300px) 100vw, 300px\" \/><\/a><p id=\"caption-attachment-61390\" class=\"wp-caption-text\">CASA DE SHOW E ESPA\u00c7O PARA EVENTOS, a saudosa CABANAS DO MIRANTE coberta com PIA\u00c7AVA na d\u00e9cada de 1980 incendiou-se e em 1990 o CDL DE ILH\u00c9US assumiu o espa\u00e7o e mandou construir as duas CABANAS, ficando o espa\u00e7o maior (FOTO) para as futuras diretorias empossadas constru\u00edrem. E LA SE V\u00c3O 23 ANOS! Coitado do CDL de ILH\u00c9US, nem uma SEDE PR\u00d3PRIA tem.<\/p><\/div>\n<div id=\"attachment_61391\" style=\"width: 310px\" class=\"wp-caption aligncenter\"><a href=\"http:\/\/www.r2cpress.com.br\/v1\/wp-content\/uploads\/113.jpeg\"><img aria-describedby=\"caption-attachment-61391\" loading=\"lazy\" src=\"http:\/\/www.r2cpress.com.br\/v1\/wp-content\/uploads\/113-300x238.jpeg\" alt=\"Na \u00e9poca que o CDL era CLUBE DE DIRETORES LOJISTAS. Reuni\u00e3o Festiva do CDL de ILH\u00c9US no Sal\u00e3o de Eventos da CABANAS DO MIRANTE. Na foto da esquerda para a direita: Dr. MARQUES NETO, JABES RIBEIRO (Prefeito na \u00e9poca), MOIS\u00c9S BOHANA (Presidente do CDL), Dr. FRANCISCO VALDECE (Cearense), JOAQUIM CARDOSO (CEPLAC) e VILI MODESTO. Destaque para meu ex colega do IME o saudoso Radialista EVALDO TABAJARA (sentado ao lado da bandeira). (Foto: Julho de 1986).\" width=\"300\" height=\"238\" class=\"size-medium wp-image-61391\" srcset=\"https:\/\/www.r2cpress.com.br\/v1\/wp-content\/uploads\/113-300x238.jpeg 300w, https:\/\/www.r2cpress.com.br\/v1\/wp-content\/uploads\/113.jpeg 680w\" sizes=\"(max-width: 300px) 100vw, 300px\" \/><\/a><p id=\"caption-attachment-61391\" class=\"wp-caption-text\">Na \u00e9poca que o CDL era CLUBE DE DIRETORES LOJISTAS. Reuni\u00e3o Festiva do CDL de ILH\u00c9US no Sal\u00e3o de Eventos da CABANAS DO MIRANTE. Na foto da esquerda para a direita: Dr. MARQUES NETO, JABES RIBEIRO (Prefeito na \u00e9poca), MOIS\u00c9S BOHANA (Presidente do CDL), Dr. FRANCISCO VALDECE (Cearense), JOAQUIM CARDOSO (CEPLAC) e VILI MODESTO. Destaque para meu ex colega do IME o saudoso Radialista EVALDO TABAJARA (sentado ao lado da bandeira). (Foto: Julho de 1986).<\/p><\/div>\n<div id=\"attachment_61392\" style=\"width: 207px\" class=\"wp-caption aligncenter\"><a href=\"http:\/\/www.r2cpress.com.br\/v1\/wp-content\/uploads\/123.jpeg\"><img aria-describedby=\"caption-attachment-61392\" loading=\"lazy\" src=\"http:\/\/www.r2cpress.com.br\/v1\/wp-content\/uploads\/123-197x300.jpeg\" alt=\"MAIS UM AMIGO QUE SE VAI! ADIVAL CARDOSO \u201cFERREIRA\u201d foi funcion\u00e1rio da SECRETARIA ESTADUAL DA FAZENDA por mais de 30 anos.ESTEJA JUNTO DE DEUS AMIGO!\" width=\"197\" height=\"300\" class=\"size-medium wp-image-61392\" srcset=\"https:\/\/www.r2cpress.com.br\/v1\/wp-content\/uploads\/123-197x300.jpeg 197w, https:\/\/www.r2cpress.com.br\/v1\/wp-content\/uploads\/123.jpeg 448w\" sizes=\"(max-width: 197px) 100vw, 197px\" \/><\/a><p id=\"caption-attachment-61392\" class=\"wp-caption-text\">MAIS UM AMIGO QUE SE VAI!<br \/>ADIVAL CARDOSO \u201cFERREIRA\u201d foi funcion\u00e1rio da SECRETARIA ESTADUAL DA FAZENDA por mais de 30 anos.<br \/>ESTEJA JUNTO DE DEUS AMIGO!<br \/><\/p><\/div>\n<div id=\"attachment_61393\" style=\"width: 310px\" class=\"wp-caption aligncenter\"><a href=\"http:\/\/www.r2cpress.com.br\/v1\/wp-content\/uploads\/133.jpeg\"><img aria-describedby=\"caption-attachment-61393\" loading=\"lazy\" src=\"http:\/\/www.r2cpress.com.br\/v1\/wp-content\/uploads\/133-300x197.jpeg\" alt=\"Inaugura\u00e7\u00e3o da nova loja LANYLLAS SURF SHOP no Cal\u00e7ad\u00e3o da PARANAGU\u00c1. Na foto: Vice-Prefeito de ILH\u00c9US CARLOS ALBERTO (CAC\u00c1), JOS\u00c9 LEITE, JOSU\u00c9 M. DE SOUZA, ROQUE FRAGA e o Secret\u00e1rio de Desenvolvimento Social JAMIL OCKE. (Foto: 13-03-2013).\" width=\"300\" height=\"197\" class=\"size-medium wp-image-61393\" srcset=\"https:\/\/www.r2cpress.com.br\/v1\/wp-content\/uploads\/133-300x197.jpeg 300w, https:\/\/www.r2cpress.com.br\/v1\/wp-content\/uploads\/133.jpeg 680w\" sizes=\"(max-width: 300px) 100vw, 300px\" \/><\/a><p id=\"caption-attachment-61393\" class=\"wp-caption-text\">Inaugura\u00e7\u00e3o da nova loja LANYLLAS SURF SHOP no Cal\u00e7ad\u00e3o da PARANAGU\u00c1. Na foto: Vice-Prefeito de ILH\u00c9US CARLOS ALBERTO (CAC\u00c1), JOS\u00c9 LEITE, JOSU\u00c9 M. DE SOUZA, ROQUE FRAGA e o Secret\u00e1rio de Desenvolvimento Social JAMIL OCKE. (Foto: 13-03-2013).<\/p><\/div>\n<div id=\"attachment_61394\" style=\"width: 310px\" class=\"wp-caption aligncenter\"><a href=\"http:\/\/www.r2cpress.com.br\/v1\/wp-content\/uploads\/142.jpeg\"><img aria-describedby=\"caption-attachment-61394\" loading=\"lazy\" src=\"http:\/\/www.r2cpress.com.br\/v1\/wp-content\/uploads\/142-300x202.jpeg\" alt=\"MARCOS VINICIUS (MARQUINHOS) agora com 9 lojas da LANYLLAS na foto com seu incentivador ROQUE FRAGA (13-03-2013).\" width=\"300\" height=\"202\" class=\"size-medium wp-image-61394\" srcset=\"https:\/\/www.r2cpress.com.br\/v1\/wp-content\/uploads\/142-300x202.jpeg 300w, https:\/\/www.r2cpress.com.br\/v1\/wp-content\/uploads\/142.jpeg 680w\" sizes=\"(max-width: 300px) 100vw, 300px\" \/><\/a><p id=\"caption-attachment-61394\" class=\"wp-caption-text\">MARCOS VINICIUS (MARQUINHOS) agora com 9 lojas da LANYLLAS na foto com seu incentivador ROQUE FRAGA (13-03-2013).<\/p><\/div>\n<p><center><b>E NO MAIS&#8230;<\/b><\/center><\/p>\n<div id=\"attachment_61395\" style=\"width: 310px\" class=\"wp-caption aligncenter\"><a href=\"http:\/\/www.r2cpress.com.br\/v1\/wp-content\/uploads\/153.jpeg\"><img aria-describedby=\"caption-attachment-61395\" loading=\"lazy\" src=\"http:\/\/www.r2cpress.com.br\/v1\/wp-content\/uploads\/153-300x198.jpeg\" alt=\"COMO O TEMPO PASSA!Esses 4 garotos da foto, atualmente cada um com mais de 40 anos de idade. Da esquerda para a direita: VALTECI, GUILHERME, GIL e J\u00daNIOR (meu afilhado). Tamb\u00e9m na foto meus saudosos cachorros HULK e SUSI. (Foto clicada na resid\u00eancia de JOS\u00c9 LEITE, d\u00e9cada de 1980).\" width=\"300\" height=\"198\" class=\"size-medium wp-image-61395\" srcset=\"https:\/\/www.r2cpress.com.br\/v1\/wp-content\/uploads\/153-300x198.jpeg 300w, https:\/\/www.r2cpress.com.br\/v1\/wp-content\/uploads\/153.jpeg 680w\" sizes=\"(max-width: 300px) 100vw, 300px\" \/><\/a><p id=\"caption-attachment-61395\" class=\"wp-caption-text\">COMO O TEMPO PASSA!<br \/>Esses 4 garotos da foto, atualmente cada um com mais de 40 anos de idade. Da esquerda para a direita: VALTECI, GUILHERME, GIL e J\u00daNIOR (meu afilhado). Tamb\u00e9m na foto meus saudosos cachorros HULK e SUSI. (Foto clicada na resid\u00eancia de JOS\u00c9 LEITE, d\u00e9cada de 1980).<br \/><\/p><\/div>\n<p>&#8212;<br \/>\nTexto e fotos: Jos\u00e9 Leite de Souza<br \/>\njleitesouza@hotmail.com<br \/>\n(73) 3634-3134<\/p>\n","protected":false},"excerpt":{"rendered":"<p>1) A VISITA DO MELHOR GOVERNADOR DA BAHIA \u00c1 ASSOCIA\u00c7\u00c3O COMERCIAL DE ILH\u00c9US. 2) AS FOTOS DESTAQUES DA SEMANA.<\/p>\n","protected":false},"author":2,"featured_media":0,"comment_status":"open","ping_status":"open","sticky":false,"template":"","format":"standard","meta":{"_links_to":"","_links_to_target":""},"categories":[10],"tags":[],"_links":{"self":[{"href":"https:\/\/www.r2cpress.com.br\/v1\/wp-json\/wp\/v2\/posts\/61379"}],"collection":[{"href":"https:\/\/www.r2cpress.com.br\/v1\/wp-json\/wp\/v2\/posts"}],"about":[{"href":"https:\/\/www.r2cpress.com.br\/v1\/wp-json\/wp\/v2\/types\/post"}],"author":[{"embeddable":true,"href":"https:\/\/www.r2cpress.com.br\/v1\/wp-json\/wp\/v2\/users\/2"}],"replies":[{"embeddable":true,"href":"https:\/\/www.r2cpress.com.br\/v1\/wp-json\/wp\/v2\/comments?post=61379"}],"version-history":[{"count":6,"href":"https:\/\/www.r2cpress.com.br\/v1\/wp-json\/wp\/v2\/posts\/61379\/revisions"}],"predecessor-version":[{"id":61470,"href":"https:\/\/www.r2cpress.com.br\/v1\/wp-json\/wp\/v2\/posts\/61379\/revisions\/61470"}],"wp:attachment":[{"href":"https:\/\/www.r2cpress.com.br\/v1\/wp-json\/wp\/v2\/media?parent=61379"}],"wp:term":[{"taxonomy":"category","embeddable":true,"href":"https:\/\/www.r2cpress.com.br\/v1\/wp-json\/wp\/v2\/categories?post=61379"},{"taxonomy":"post_tag","embeddable":true,"href":"https:\/\/www.r2cpress.com.br\/v1\/wp-json\/wp\/v2\/tags?post=61379"}],"curies":[{"name":"wp","href":"https:\/\/api.w.org\/{rel}","templated":true}]}}