{"id":6139,"date":"2011-01-09T11:13:26","date_gmt":"2011-01-09T14:13:26","guid":{"rendered":"http:\/\/www.r2cpress.com.br\/v1\/?p=6139"},"modified":"2011-01-09T11:13:26","modified_gmt":"2011-01-09T14:13:26","slug":"estilo-de-dilma-se-contrapoe-ao-de-lula","status":"publish","type":"post","link":"https:\/\/www.r2cpress.com.br\/v1\/2011\/01\/09\/estilo-de-dilma-se-contrapoe-ao-de-lula\/","title":{"rendered":"Estilo de Dilma se contrap\u00f5e ao de Lula"},"content":{"rendered":"<p>O retrato oficial nos gabinetes ainda \u00e9 o de Lula, mas o estilo de trabalho da nova presidente Dilma Rousseff, pelo menos na primeira semana de trabalho, tem diferen\u00e7as do adotado pelo seu antecessor e criador.<\/p>\n<p>Dilma evitou se expor, dedicou-se mais \u00e0s reuni\u00f5es e mostrou que, diferentemente de Lula, quer mais rapidez nas decis\u00f5es do governo.<\/p>\n<p><a href = \"http:\/\/www1.folha.uol.com.br\/poder\/856996-biblia-e-crucifixo-sao-retirados-do-gabinete-de-dilma-no-planalto.shtml\" target = \"_news\"><b>B\u00edblia e crucifixo s\u00e3o retirados do gabinete de Dilma no Planalto<\/b><\/a><br \/>\n<a href = \"http:\/\/www1.folha.uol.com.br\/poder\/856426-discricao-de-dilma-contrasta-com-onipresenca-de-lula.shtml\" target = \"_news\"><b>Discri\u00e7\u00e3o de Dilma contrasta com onipresen\u00e7a de Lula<\/b><\/a><\/p>\n<p>Segundo um auxiliar da petista que trabalhou com Lula, Dilma mostra que &#8220;vai agir rapidamente e n\u00e3o quer deixar os problemas se agravarem para resolv\u00ea-los&#8221;.<\/p>\n<p>Outro assessor cita o c\u00e2mbio como exemplo do novo estilo presidencial. Na \u00faltima quarta, a presidente questionou o ministro Guido Mantega (Fazenda) se havia &#8220;alguma bala na agulha&#8221; para deter a valoriza\u00e7\u00e3o do real.<\/p>\n<p><!--more--><\/p>\n<p>Segundo esse auxiliar, Dilma avalia que a situa\u00e7\u00e3o cambial \u00e9 grave, e o governo n\u00e3o pode &#8220;ficar esperando as coisas melhorarem&#8221;.<\/p>\n<p>Mantega respondeu que o Banco Central estudava medidas desde o ano passado. Ela pediu ent\u00e3o que ele entrasse em contato com o presidente do BC, Alexandre Tombini, para checar se havia algo pronto.<\/p>\n<p>Diante da resposta positiva, algumas horas depois a assessoria do BC convocava uma entrevista para o dia seguinte, quando foi anunciada a medida para combater a desvaloriza\u00e7\u00e3o cambial.<\/p>\n<p>Dilma tamb\u00e9m repreendeu o general Jos\u00e9 Elito Siqueira, chefe do Gabinete de Seguran\u00e7a Institucional, um dia depois de ele ter dito que a exist\u00eancia de desaparecidos pol\u00edticos no pa\u00eds n\u00e3o deve ser motivo de vergonha.<\/p>\n<p>Imediatamente, checou com sua equipe se algu\u00e9m estava presente na cerim\u00f4nia em que o general discursou, pediu detalhes e o convocou.<\/p>\n<p>Dilma tentou evitar uma crise sem criar outra, contou um assessor, que prefere n\u00e3o se identificar &#8211;a presidente se irrita com vazamentos. Em suas palavras, ela foi &#8220;rigorosa&#8221; e &#8220;cuidadosa&#8221;.<br \/>\nA presidente tamb\u00e9m repreendeu Mantega por anunciar que seu governo vetaria qualquer aumento do sal\u00e1rio m\u00ednimo acima dos R$ 540. Segundo um assessor, ela foi direta: ministro sugere, presidente \u00e9 quem veta.<\/p>\n<p>Habituada desde a \u00e9poca da Casa Civil a almo\u00e7ar no seu gabinete, na ter\u00e7a Dilma telefonou para o ministro Jos\u00e9 Eduardo Cardozo (Justi\u00e7a) pedindo que fosse ao Planalto. Ele estava almo\u00e7ando e pediu 15 minutos. A presidente deu a ordem: &#8220;Embrulha e vem comer aqui&#8221;.<\/p>\n<p>O almo\u00e7o de Dilma \u00e9 entregue por funcion\u00e1rios da Granja do Torto todos os dias no gabinete presidencial. Para n\u00e3o comer sozinha, chama ministros da casa ou auxiliares. Lula raramente almo\u00e7ava no Planalto ou na rua. Por insist\u00eancia de dona Marisa, ia para o Alvorada. <\/p>\n<p>&#8212;<\/p>\n<p>VALDO CRUZ<br \/>\nSIMONE IGLESIAS<br \/>\nBRENO COSTA<br \/>\nDE BRAS\u00cdLIA<br \/>\n<a href = \"http:\/\/www1.folha.uol.com.br\/poder\/857117-estilo-de-dilma-se-contrapoe-ao-de-lula.shtml\" target = \"_news\"><b>Folha.com<\/b><\/a><\/p>\n","protected":false},"excerpt":{"rendered":"<p>O retrato oficial nos gabinetes ainda \u00e9 o de Lula, mas o estilo de trabalho da nova presidente Dilma Rousseff, pelo menos na primeira semana de trabalho, tem diferen\u00e7as do adotado pelo seu antecessor e criador. Dilma evitou se expor, dedicou-se mais \u00e0s reuni\u00f5es e mostrou que, diferentemente de Lula, quer mais rapidez nas decis\u00f5es [&hellip;]<\/p>\n","protected":false},"author":2,"featured_media":0,"comment_status":"open","ping_status":"open","sticky":false,"template":"","format":"standard","meta":{"_links_to":"","_links_to_target":""},"categories":[18],"tags":[],"_links":{"self":[{"href":"https:\/\/www.r2cpress.com.br\/v1\/wp-json\/wp\/v2\/posts\/6139"}],"collection":[{"href":"https:\/\/www.r2cpress.com.br\/v1\/wp-json\/wp\/v2\/posts"}],"about":[{"href":"https:\/\/www.r2cpress.com.br\/v1\/wp-json\/wp\/v2\/types\/post"}],"author":[{"embeddable":true,"href":"https:\/\/www.r2cpress.com.br\/v1\/wp-json\/wp\/v2\/users\/2"}],"replies":[{"embeddable":true,"href":"https:\/\/www.r2cpress.com.br\/v1\/wp-json\/wp\/v2\/comments?post=6139"}],"version-history":[{"count":3,"href":"https:\/\/www.r2cpress.com.br\/v1\/wp-json\/wp\/v2\/posts\/6139\/revisions"}],"predecessor-version":[{"id":6142,"href":"https:\/\/www.r2cpress.com.br\/v1\/wp-json\/wp\/v2\/posts\/6139\/revisions\/6142"}],"wp:attachment":[{"href":"https:\/\/www.r2cpress.com.br\/v1\/wp-json\/wp\/v2\/media?parent=6139"}],"wp:term":[{"taxonomy":"category","embeddable":true,"href":"https:\/\/www.r2cpress.com.br\/v1\/wp-json\/wp\/v2\/categories?post=6139"},{"taxonomy":"post_tag","embeddable":true,"href":"https:\/\/www.r2cpress.com.br\/v1\/wp-json\/wp\/v2\/tags?post=6139"}],"curies":[{"name":"wp","href":"https:\/\/api.w.org\/{rel}","templated":true}]}}