{"id":61399,"date":"2013-03-22T15:27:13","date_gmt":"2013-03-22T18:27:13","guid":{"rendered":"http:\/\/www.r2cpress.com.br\/v1\/?p=61399"},"modified":"2013-03-22T15:27:13","modified_gmt":"2013-03-22T18:27:13","slug":"tpi-leva-sua-programacao-a-novo-espaco-na-avenida-soares-lopes","status":"publish","type":"post","link":"https:\/\/www.r2cpress.com.br\/v1\/2013\/03\/22\/tpi-leva-sua-programacao-a-novo-espaco-na-avenida-soares-lopes\/","title":{"rendered":"TPI leva sua programa\u00e7\u00e3o a novo  espa\u00e7o na Avenida Soares Lopes"},"content":{"rendered":"<div>O TPI e grupos agregados deixam a Casa dos Artistas e levam sua programa\u00e7\u00e3o a um novo local na Avenida Soares Lopes. A partir do dia 06 de abril, as a\u00e7\u00f5es do grupo ilheense acontecer\u00e3o em uma tenda, montada ao lado do campo da ADEB. A estreia ser\u00e1 com o musical infanto-juvenil da Cia. Boi da Cara Preta Lendas da Lagoa Encantada, \u00e0s 2<\/div>\n<div>\n<div id=\"attachment_61400\" style=\"width: 560px\" class=\"wp-caption aligncenter\"><a href=\"http:\/\/www.r2cpress.com.br\/v1\/wp-content\/uploads\/CAPA-R2CPRESS87.jpg\"><img aria-describedby=\"caption-attachment-61400\" loading=\"lazy\" class=\"size-full wp-image-61400\" alt=\"TEATRO POPULAR DE ILH\u00c9US (TPI).\" src=\"http:\/\/www.r2cpress.com.br\/v1\/wp-content\/uploads\/CAPA-R2CPRESS87.jpg\" width=\"550\" height=\"550\" srcset=\"https:\/\/www.r2cpress.com.br\/v1\/wp-content\/uploads\/CAPA-R2CPRESS87.jpg 550w, https:\/\/www.r2cpress.com.br\/v1\/wp-content\/uploads\/CAPA-R2CPRESS87-150x150.jpg 150w, https:\/\/www.r2cpress.com.br\/v1\/wp-content\/uploads\/CAPA-R2CPRESS87-300x300.jpg 300w\" sizes=\"(max-width: 550px) 100vw, 550px\" \/><\/a><p id=\"caption-attachment-61400\" class=\"wp-caption-text\">TEATRO POPULAR DE ILH\u00c9US (TPI).<\/p><\/div>\n<p>Antes da mudan\u00e7a para o novo endere\u00e7o, o TPI ser\u00e1 respons\u00e1vel pelas atra\u00e7\u00f5es do espa\u00e7o <i>A Tenda \u00e9 Nossa<\/i>, no <i>Aleluia Ilh\u00e9us<\/i>, entre os pr\u00f3ximos dias 28 e 31. A participa\u00e7\u00e3o no evento foi garantida a convite do Sebrae, um dos patrocinadores do festival.\u00a0A organiza\u00e7\u00e3o t\u00e9cnica e art\u00edstica do espa\u00e7o ficou a cargo do grupo, contando com\u00a0atra\u00e7\u00f5es de teatro, m\u00fasica, dan\u00e7a e circo, sempre a partir das 16 horas.<\/p>\n<p><!--more--><\/p>\n<p>A programa\u00e7\u00e3o d\u2019<i>A Tenda \u00e9 Nossa<\/i> come\u00e7a com a Cia. Boi da Cara Preta, que apresentar\u00e1 o espet\u00e1culo <i>Auto do Boi da Cara Preta<\/i>. Em seguida, o Grupo Arte no Atto encena <i>Via Sacra em Versos<\/i>, contando a hist\u00f3ria de Jesus Cristo atrav\u00e9s de textos da Literatura Brasileira e Portuguesa. E, \u00e0s 19 horas, o Teatro Popular de Ilh\u00e9us encena a s\u00e1tira em cordel <i>Teodorico Majestade, as \u00faltimas horas de um prefeito.<\/i><\/p>\n<p><i>Lendas da Lagoa Encantada<\/i> abre a programa\u00e7\u00e3o do segundo dia e, mais uma vez, o Grupo Arte no Attomarca a Sexta-feira da Paix\u00e3o com nova apresenta\u00e7\u00e3o de <i>Via Sacra em Versos. <\/i>\u00c0s 19 horas, as bandas Jah Bless e Improviso Nordestino fazem um show, que ter\u00e1 a participa\u00e7\u00e3o especial do m\u00fasico e cantor S\u00e9rgio di Ramos.<\/p>\n<p>No s\u00e1bado, o Grupo Teatro\/Circo Maktub apresenta o espet\u00e1culo de palha\u00e7aria <i>Homens ajudam homens? e <\/i>a Companhia Casa Aberta de Teatro encena a com\u00e9dia <i>A filha do coronel<\/i>. Fechando a noite, shows das bandas Entroppia e Dr. Imbira, transportando a estrutura do projeto <i>S\u00e1bado Sim<\/i>, que traz o som das bandas alternativas regionais.<\/p>\n<p>O \u00faltimo dia de programa\u00e7\u00e3o d\u2019<i>A Tenda \u00e9 Nossa<\/i> come\u00e7a com o espet\u00e1culo <i>Hoje \u00e9 dia de Circo<\/i>, do Grupo Teatro\/Circo Maktub. Ap\u00f3s a apresenta\u00e7\u00e3o, a A-RRISCA Cia. de Dan\u00e7a traz a interven\u00e7\u00e3o urbana <i>Outros Olhares.<\/i> E, a partir das 19 horas, o palco da <i>Tenda<\/i> ficar\u00e1 dispon\u00edvel para diversas improvisa\u00e7\u00f5es art\u00edsticas.<\/p>\n<p><b>Ainda na Casa dos Artistas<\/b><\/p>\n<p>A m\u00fasica continua presente neste final de semana, na Casa dos Artistas de Ilh\u00e9us, com o projeto <i>S\u00e1bado Sim<\/i>. A iniciativa acontece atrav\u00e9s da parceria entre o Teatro Popular de Ilh\u00e9us e o Coletivo Chocolate Groove, trazendo representantes da m\u00fasica independente da regi\u00e3o. Neste s\u00e1bado (23), as bandas Dominic e Elo C se apresentam a partir das 20 horas. Os ingressos custam R$ 10 e R$ 5 e a classifica\u00e7\u00e3o indicativa dos shows \u00e9 16 anos.<\/p>\n<\/div>\n","protected":false},"excerpt":{"rendered":"<p>O TPI e grupos agregados deixam a Casa dos Artistas e levam sua programa\u00e7\u00e3o a um novo local na Avenida Soares Lopes. A partir do dia 06 de abril, as a\u00e7\u00f5es do grupo ilheense acontecer\u00e3o em uma tenda, montada ao lado do campo da ADEB. A estreia ser\u00e1 com o musical infanto-juvenil da Cia. Boi [&hellip;]<\/p>\n","protected":false},"author":2,"featured_media":0,"comment_status":"open","ping_status":"open","sticky":false,"template":"","format":"standard","meta":{"_links_to":"","_links_to_target":""},"categories":[5],"tags":[],"_links":{"self":[{"href":"https:\/\/www.r2cpress.com.br\/v1\/wp-json\/wp\/v2\/posts\/61399"}],"collection":[{"href":"https:\/\/www.r2cpress.com.br\/v1\/wp-json\/wp\/v2\/posts"}],"about":[{"href":"https:\/\/www.r2cpress.com.br\/v1\/wp-json\/wp\/v2\/types\/post"}],"author":[{"embeddable":true,"href":"https:\/\/www.r2cpress.com.br\/v1\/wp-json\/wp\/v2\/users\/2"}],"replies":[{"embeddable":true,"href":"https:\/\/www.r2cpress.com.br\/v1\/wp-json\/wp\/v2\/comments?post=61399"}],"version-history":[{"count":3,"href":"https:\/\/www.r2cpress.com.br\/v1\/wp-json\/wp\/v2\/posts\/61399\/revisions"}],"predecessor-version":[{"id":61403,"href":"https:\/\/www.r2cpress.com.br\/v1\/wp-json\/wp\/v2\/posts\/61399\/revisions\/61403"}],"wp:attachment":[{"href":"https:\/\/www.r2cpress.com.br\/v1\/wp-json\/wp\/v2\/media?parent=61399"}],"wp:term":[{"taxonomy":"category","embeddable":true,"href":"https:\/\/www.r2cpress.com.br\/v1\/wp-json\/wp\/v2\/categories?post=61399"},{"taxonomy":"post_tag","embeddable":true,"href":"https:\/\/www.r2cpress.com.br\/v1\/wp-json\/wp\/v2\/tags?post=61399"}],"curies":[{"name":"wp","href":"https:\/\/api.w.org\/{rel}","templated":true}]}}