{"id":61409,"date":"2013-03-22T15:39:31","date_gmt":"2013-03-22T18:39:31","guid":{"rendered":"http:\/\/www.r2cpress.com.br\/v1\/?p=61409"},"modified":"2013-03-22T15:39:31","modified_gmt":"2013-03-22T18:39:31","slug":"sindicato-dos-radialistas-de-ilheus-3","status":"publish","type":"post","link":"https:\/\/www.r2cpress.com.br\/v1\/2013\/03\/22\/sindicato-dos-radialistas-de-ilheus-3\/","title":{"rendered":"Sindicato dos Radialistas de Ilh\u00e9us"},"content":{"rendered":"<p align=\"center\"><span style=\"text-decoration: underline;\">Sindicato dos Radialistas de Ilh\u00e9us<\/span><\/p>\n<p align=\"center\">CNPJ 16.473.407\/0001-76<\/p>\n<p align=\"center\">REUNI\u00c3O MENSAL<\/p>\n<p align=\"center\">CONVOCA\u00c7\u00c3O<\/p>\n<p>O Presidente do Sindicato dos Radialistas de Ilh\u00e9us, Elias Reis, no uso de suas atribui\u00e7\u00f5es legais, convoca todos os diretores desta entidade, bem como os associados que estejam em dia com suas contribui\u00e7\u00f5es, para a reuni\u00e3o ordin\u00e1ria mensal que acontece dia 26\/03, \u00e0s 14h30min em primeira chamada; e \u00faltima chamada \u00e0s 15h com qualquer n\u00famero, em sua sede \u00e0 Rua Ant\u00f4nio Lavigne de Lemos, 39, centro da cidade de Ilh\u00e9us, para tratar da seguinte pauta:<\/p>\n<p>a) ACT, 2013;<\/p>\n<p>b) Semin\u00e1rio sobre \u00e9tica e imprensa;<\/p>\n<p>c) Encaminhamento atribui\u00e7\u00f5es dos diretores acordadas reuni\u00e3o anterior;<\/p>\n<p>d) Taxa assistencial;<\/p>\n<p>e) GRCS, 2013<\/p>\n<p>f) O que ocorrer.<\/p>\n<p style=\"text-align: center;\">\u00a0\u00a0\u00a0 Ilh\u00e9us-Ba, 20 de Mar\u00e7o de 2013.<\/p>\n<p style=\"text-align: center;\" align=\"center\">DINO ROCHA<\/p>\n<p style=\"text-align: center;\" align=\"center\">Secret\u00e1rio Geral<\/p>\n","protected":false},"excerpt":{"rendered":"<p>Sindicato dos Radialistas de Ilh\u00e9us CNPJ 16.473.407\/0001-76 REUNI\u00c3O MENSAL CONVOCA\u00c7\u00c3O O Presidente do Sindicato dos Radialistas de Ilh\u00e9us, Elias Reis, no uso de suas atribui\u00e7\u00f5es legais, convoca todos os diretores desta entidade, bem como os associados que estejam em dia com suas contribui\u00e7\u00f5es, para a reuni\u00e3o ordin\u00e1ria mensal que acontece dia 26\/03, \u00e0s 14h30min em [&hellip;]<\/p>\n","protected":false},"author":2,"featured_media":0,"comment_status":"open","ping_status":"open","sticky":false,"template":"","format":"standard","meta":{"_links_to":"","_links_to_target":""},"categories":[28],"tags":[],"_links":{"self":[{"href":"https:\/\/www.r2cpress.com.br\/v1\/wp-json\/wp\/v2\/posts\/61409"}],"collection":[{"href":"https:\/\/www.r2cpress.com.br\/v1\/wp-json\/wp\/v2\/posts"}],"about":[{"href":"https:\/\/www.r2cpress.com.br\/v1\/wp-json\/wp\/v2\/types\/post"}],"author":[{"embeddable":true,"href":"https:\/\/www.r2cpress.com.br\/v1\/wp-json\/wp\/v2\/users\/2"}],"replies":[{"embeddable":true,"href":"https:\/\/www.r2cpress.com.br\/v1\/wp-json\/wp\/v2\/comments?post=61409"}],"version-history":[{"count":4,"href":"https:\/\/www.r2cpress.com.br\/v1\/wp-json\/wp\/v2\/posts\/61409\/revisions"}],"predecessor-version":[{"id":61413,"href":"https:\/\/www.r2cpress.com.br\/v1\/wp-json\/wp\/v2\/posts\/61409\/revisions\/61413"}],"wp:attachment":[{"href":"https:\/\/www.r2cpress.com.br\/v1\/wp-json\/wp\/v2\/media?parent=61409"}],"wp:term":[{"taxonomy":"category","embeddable":true,"href":"https:\/\/www.r2cpress.com.br\/v1\/wp-json\/wp\/v2\/categories?post=61409"},{"taxonomy":"post_tag","embeddable":true,"href":"https:\/\/www.r2cpress.com.br\/v1\/wp-json\/wp\/v2\/tags?post=61409"}],"curies":[{"name":"wp","href":"https:\/\/api.w.org\/{rel}","templated":true}]}}