{"id":61421,"date":"2013-03-22T17:22:40","date_gmt":"2013-03-22T20:22:40","guid":{"rendered":"http:\/\/www.r2cpress.com.br\/v1\/?p=61421"},"modified":"2013-03-22T17:22:40","modified_gmt":"2013-03-22T20:22:40","slug":"os-refrigerantes-estao-ligados-a-180-000-mortes-anuais","status":"publish","type":"post","link":"https:\/\/www.r2cpress.com.br\/v1\/2013\/03\/22\/os-refrigerantes-estao-ligados-a-180-000-mortes-anuais\/","title":{"rendered":"OS REFRIGERANTES EST\u00c3O LIGADOS A 180.000 MORTES ANUAIS."},"content":{"rendered":"<p>O consumo de refrigerantes, sucos industrializados e outras bebidas a\u00e7ucaradas pode estar associado a cerca de 180 mil mortes por ano no mundo, de acordo com uma pesquisa apresentada nesta semana no Congresso da Associa\u00e7\u00e3o Americana de Cardiologia. <\/p>\n<p>Especialistas afirmam que o consumo dessas bebidas poder gerar resist\u00eancia \u00e0 insulina e levar ao diabetes tipo 2, al\u00e9m de aumentar o risco de obesidade.<\/p>\n<p>Cerca de 80% dessas mortes ocorreram em pa\u00edses de rendas m\u00e9dia e baixa.<\/p>\n<p>&#8212;<br \/>\n<strong>Publicado no Jornal FOLHA DE S\u00c3O PAULO, em 20-03-2013<\/strong><br \/>\n<em>Enviada por Juventino Ribeiro.<\/em><\/p>\n","protected":false},"excerpt":{"rendered":"<p>O consumo de refrigerantes, sucos industrializados e outras bebidas a\u00e7ucaradas pode estar associado a cerca de 180 mil mortes por ano no mundo, de acordo com uma pesquisa apresentada nesta semana no Congresso da Associa\u00e7\u00e3o Americana de Cardiologia. Especialistas afirmam que o consumo dessas bebidas poder gerar resist\u00eancia \u00e0 insulina e levar ao diabetes tipo [&hellip;]<\/p>\n","protected":false},"author":2,"featured_media":0,"comment_status":"open","ping_status":"open","sticky":false,"template":"","format":"standard","meta":{"_links_to":"","_links_to_target":""},"categories":[24],"tags":[],"_links":{"self":[{"href":"https:\/\/www.r2cpress.com.br\/v1\/wp-json\/wp\/v2\/posts\/61421"}],"collection":[{"href":"https:\/\/www.r2cpress.com.br\/v1\/wp-json\/wp\/v2\/posts"}],"about":[{"href":"https:\/\/www.r2cpress.com.br\/v1\/wp-json\/wp\/v2\/types\/post"}],"author":[{"embeddable":true,"href":"https:\/\/www.r2cpress.com.br\/v1\/wp-json\/wp\/v2\/users\/2"}],"replies":[{"embeddable":true,"href":"https:\/\/www.r2cpress.com.br\/v1\/wp-json\/wp\/v2\/comments?post=61421"}],"version-history":[{"count":2,"href":"https:\/\/www.r2cpress.com.br\/v1\/wp-json\/wp\/v2\/posts\/61421\/revisions"}],"predecessor-version":[{"id":61423,"href":"https:\/\/www.r2cpress.com.br\/v1\/wp-json\/wp\/v2\/posts\/61421\/revisions\/61423"}],"wp:attachment":[{"href":"https:\/\/www.r2cpress.com.br\/v1\/wp-json\/wp\/v2\/media?parent=61421"}],"wp:term":[{"taxonomy":"category","embeddable":true,"href":"https:\/\/www.r2cpress.com.br\/v1\/wp-json\/wp\/v2\/categories?post=61421"},{"taxonomy":"post_tag","embeddable":true,"href":"https:\/\/www.r2cpress.com.br\/v1\/wp-json\/wp\/v2\/tags?post=61421"}],"curies":[{"name":"wp","href":"https:\/\/api.w.org\/{rel}","templated":true}]}}