{"id":6147,"date":"2011-01-09T12:36:30","date_gmt":"2011-01-09T15:36:30","guid":{"rendered":"http:\/\/www.r2cpress.com.br\/v1\/?p=6147"},"modified":"2011-01-09T12:36:30","modified_gmt":"2011-01-09T15:36:30","slug":"erro-gera-tumulto-na-realizacao-de-concurso-para-defensoria-publica-ba","status":"publish","type":"post","link":"https:\/\/www.r2cpress.com.br\/v1\/2011\/01\/09\/erro-gera-tumulto-na-realizacao-de-concurso-para-defensoria-publica-ba\/","title":{"rendered":"Erro gera tumulto na realiza\u00e7\u00e3o de concurso para Defensoria P\u00fablica-BA"},"content":{"rendered":"<p>Um erro na lista de convoca\u00e7\u00e3o para a segunda etapa do concurso para a Defessoria P\u00fablica do Estado da Bahia gerou confus\u00e3o na manh\u00e3 deste domingo, 9, no Instituto Social da Bahia (Isba), onde acontecem as provas. Cerca de 80 candidatos de diversos estados brasileiros vieram a Salvador realizar a prova, mas n\u00e3o encontraram seus nomes na lista.<\/p>\n<p>A confus\u00e3o se deu devido a um erro na lista publicada no site da Defensoria, onde constava os nomes dos candidatos que realizaram as provas e suas notas, junto \u00e0 convoca\u00e7\u00e3o para a segunda etapa da prova. A lista foi divulgada em 29 de dezembro, data prevista para o resultado.<\/p>\n<p><!--more--><\/p>\n<p>Dias depois, uma nova lista, corrigindo o erro da anterior foi publicada no site, mas muitos candidatos n\u00e3o tomaram conhecimento. \u00c9 o caso da advogada Patr\u00edcia Sousa: \u201cVim do Rio de Janeiro at\u00e9 aqui, tive muitos gastos e agora esse edital &#8216;bem redigido&#8217; gera toda essa confus\u00e3o\u201d, diz.<\/p>\n<p>Os candidatos reclamam que a divulga\u00e7\u00e3o da lista contendo o nome dos aprovados deveria ter sido realizada em arquivos separados. Para Edmilson Silva, a publica\u00e7\u00e3o do resultado final e a convoca\u00e7\u00e3o em um \u00fanico documento induziu os candidatos ao erro.<\/p>\n<p>Os prejudicados dizem que v\u00e3o entrar com um mandato de seguran\u00e7a, requerendo a anula\u00e7\u00e3o da prova. J\u00e1 os candidatos oriundos de outras cidades afirmaram que v\u00e3o entrar com a\u00e7\u00f5es individuais por danos morais e pedindo o ressarcimento dos gastos realizados para vir fazer a prova.  <\/p>\n<p>&#8212;<br \/>\nJuliana Dias l A TARDE *<br \/>\n*Com reda\u00e7\u00e3o de L\u00edliam Cunha, do <a href = \"http:\/\/atarde.com.br\/cidades\/noticia.jsf?id=5671331\" target = \"_news\"><b>A TARDE On Line.<\/b><\/a><\/p>\n","protected":false},"excerpt":{"rendered":"<p>Um erro na lista de convoca\u00e7\u00e3o para a segunda etapa do concurso para a Defessoria P\u00fablica do Estado da Bahia gerou confus\u00e3o na manh\u00e3 deste domingo, 9, no Instituto Social da Bahia (Isba), onde acontecem as provas. Cerca de 80 candidatos de diversos estados brasileiros vieram a Salvador realizar a prova, mas n\u00e3o encontraram seus [&hellip;]<\/p>\n","protected":false},"author":2,"featured_media":0,"comment_status":"open","ping_status":"open","sticky":false,"template":"","format":"standard","meta":{"_links_to":"","_links_to_target":""},"categories":[13],"tags":[],"_links":{"self":[{"href":"https:\/\/www.r2cpress.com.br\/v1\/wp-json\/wp\/v2\/posts\/6147"}],"collection":[{"href":"https:\/\/www.r2cpress.com.br\/v1\/wp-json\/wp\/v2\/posts"}],"about":[{"href":"https:\/\/www.r2cpress.com.br\/v1\/wp-json\/wp\/v2\/types\/post"}],"author":[{"embeddable":true,"href":"https:\/\/www.r2cpress.com.br\/v1\/wp-json\/wp\/v2\/users\/2"}],"replies":[{"embeddable":true,"href":"https:\/\/www.r2cpress.com.br\/v1\/wp-json\/wp\/v2\/comments?post=6147"}],"version-history":[{"count":2,"href":"https:\/\/www.r2cpress.com.br\/v1\/wp-json\/wp\/v2\/posts\/6147\/revisions"}],"predecessor-version":[{"id":6149,"href":"https:\/\/www.r2cpress.com.br\/v1\/wp-json\/wp\/v2\/posts\/6147\/revisions\/6149"}],"wp:attachment":[{"href":"https:\/\/www.r2cpress.com.br\/v1\/wp-json\/wp\/v2\/media?parent=6147"}],"wp:term":[{"taxonomy":"category","embeddable":true,"href":"https:\/\/www.r2cpress.com.br\/v1\/wp-json\/wp\/v2\/categories?post=6147"},{"taxonomy":"post_tag","embeddable":true,"href":"https:\/\/www.r2cpress.com.br\/v1\/wp-json\/wp\/v2\/tags?post=6147"}],"curies":[{"name":"wp","href":"https:\/\/api.w.org\/{rel}","templated":true}]}}