{"id":61520,"date":"2013-03-24T10:24:12","date_gmt":"2013-03-24T13:24:12","guid":{"rendered":"http:\/\/www.r2cpress.com.br\/v1\/?p=61520"},"modified":"2013-03-24T12:30:09","modified_gmt":"2013-03-24T15:30:09","slug":"um-exemplo-que-sobe-para-o-pai","status":"publish","type":"post","link":"https:\/\/www.r2cpress.com.br\/v1\/2013\/03\/24\/um-exemplo-que-sobe-para-o-pai\/","title":{"rendered":"Um exemplo que sobe para o PAI."},"content":{"rendered":"<p><center>  <a href=\"http:\/\/www.r2cpress.com.br\/v1\/wp-content\/uploads\/chamada-d-ely.jpg\"><img loading=\"lazy\" src=\"http:\/\/www.r2cpress.com.br\/v1\/wp-content\/uploads\/chamada-d-ely.jpg\" alt=\"chamada d ely\" width=\"550\" height=\"297\" class=\"aligncenter size-full wp-image-61521\" srcset=\"https:\/\/www.r2cpress.com.br\/v1\/wp-content\/uploads\/chamada-d-ely.jpg 550w, https:\/\/www.r2cpress.com.br\/v1\/wp-content\/uploads\/chamada-d-ely-300x162.jpg 300w\" sizes=\"(max-width: 550px) 100vw, 550px\" \/><\/a>  <\/center><\/p>\n<p>A fam\u00edlia de <strong>J\u00daLIO RODOLFO VIEIRA<\/strong> comunica o falecimento de <strong>Ely Seixas Vieira<\/strong> ocorrido na madrugada de hoje.<br \/>\nO vel\u00f3rio est\u00e1 acontecendo no SAF (Av Itabuna) e o sepultamento previsto para as 16 horas deste domingo (24 03 2013) no cemit\u00e9rio da Vit\u00f3ria.<\/p>\n<p><center> <a href=\"http:\/\/www.r2cpress.com.br\/v1\/wp-content\/uploads\/luto-d-ely.jpg\"><img loading=\"lazy\" src=\"http:\/\/www.r2cpress.com.br\/v1\/wp-content\/uploads\/luto-d-ely.jpg\" alt=\"luto d ely\" width=\"482\" height=\"76\" class=\"aligncenter size-full wp-image-61523\" srcset=\"https:\/\/www.r2cpress.com.br\/v1\/wp-content\/uploads\/luto-d-ely.jpg 482w, https:\/\/www.r2cpress.com.br\/v1\/wp-content\/uploads\/luto-d-ely-300x47.jpg 300w\" sizes=\"(max-width: 482px) 100vw, 482px\" \/><\/a>  <\/center><\/p>\n","protected":false},"excerpt":{"rendered":"<p>A fam\u00edlia de J\u00daLIO RODOLFO VIEIRA comunica o falecimento de Ely Seixas Vieira ocorrido na madrugada de hoje. O vel\u00f3rio est\u00e1 acontecendo no SAF (Av Itabuna) e o sepultamento previsto para as 16 horas deste domingo (24 03 2013) no cemit\u00e9rio da Vit\u00f3ria.<\/p>\n","protected":false},"author":2,"featured_media":0,"comment_status":"open","ping_status":"open","sticky":false,"template":"","format":"standard","meta":{"_links_to":"","_links_to_target":""},"categories":[21],"tags":[],"_links":{"self":[{"href":"https:\/\/www.r2cpress.com.br\/v1\/wp-json\/wp\/v2\/posts\/61520"}],"collection":[{"href":"https:\/\/www.r2cpress.com.br\/v1\/wp-json\/wp\/v2\/posts"}],"about":[{"href":"https:\/\/www.r2cpress.com.br\/v1\/wp-json\/wp\/v2\/types\/post"}],"author":[{"embeddable":true,"href":"https:\/\/www.r2cpress.com.br\/v1\/wp-json\/wp\/v2\/users\/2"}],"replies":[{"embeddable":true,"href":"https:\/\/www.r2cpress.com.br\/v1\/wp-json\/wp\/v2\/comments?post=61520"}],"version-history":[{"count":5,"href":"https:\/\/www.r2cpress.com.br\/v1\/wp-json\/wp\/v2\/posts\/61520\/revisions"}],"predecessor-version":[{"id":61528,"href":"https:\/\/www.r2cpress.com.br\/v1\/wp-json\/wp\/v2\/posts\/61520\/revisions\/61528"}],"wp:attachment":[{"href":"https:\/\/www.r2cpress.com.br\/v1\/wp-json\/wp\/v2\/media?parent=61520"}],"wp:term":[{"taxonomy":"category","embeddable":true,"href":"https:\/\/www.r2cpress.com.br\/v1\/wp-json\/wp\/v2\/categories?post=61520"},{"taxonomy":"post_tag","embeddable":true,"href":"https:\/\/www.r2cpress.com.br\/v1\/wp-json\/wp\/v2\/tags?post=61520"}],"curies":[{"name":"wp","href":"https:\/\/api.w.org\/{rel}","templated":true}]}}