{"id":61540,"date":"2013-03-24T21:18:52","date_gmt":"2013-03-25T00:18:52","guid":{"rendered":"http:\/\/www.r2cpress.com.br\/v1\/?p=61540"},"modified":"2013-03-24T21:18:52","modified_gmt":"2013-03-25T00:18:52","slug":"domingo-de-ramos-na-diocese-de-ilheus-ba","status":"publish","type":"post","link":"https:\/\/www.r2cpress.com.br\/v1\/2013\/03\/24\/domingo-de-ramos-na-diocese-de-ilheus-ba\/","title":{"rendered":"Domingo de Ramos na Diocese de Ilh\u00e9us-BA"},"content":{"rendered":"<p>No ultimo domingo (24\/03) \u00e0s 07h30 da manh\u00e3 ap\u00f3s um per\u00edodo de cinco domingos vivenciando no tempo quaresmal a caminhada de prepara\u00e7\u00e3o para a P\u00e1scoa do Senhor, a Igreja iniciou a Semana Maior ou tamb\u00e9m \u201cSemana Santa\u201d com a celebra\u00e7\u00e3o do Domingo de Ramos da Paix\u00e3o do Senhor, cuja liturgia faz mem\u00f3ria da entrada de Jesus na cidade de Jerusal\u00e9m.<\/p>\n<div id=\"attachment_61541\" style=\"width: 560px\" class=\"wp-caption aligncenter\"><a href=\"http:\/\/www.r2cpress.com.br\/v1\/wp-content\/uploads\/00-Domingo-de-Ramos-2013.jpg\"><img aria-describedby=\"caption-attachment-61541\" loading=\"lazy\" class=\"size-full wp-image-61541\" alt=\"Diocese de Ilh\u00e9us  .\" src=\"http:\/\/www.r2cpress.com.br\/v1\/wp-content\/uploads\/00-Domingo-de-Ramos-2013.jpg\" width=\"550\" height=\"413\" srcset=\"https:\/\/www.r2cpress.com.br\/v1\/wp-content\/uploads\/00-Domingo-de-Ramos-2013.jpg 550w, https:\/\/www.r2cpress.com.br\/v1\/wp-content\/uploads\/00-Domingo-de-Ramos-2013-300x225.jpg 300w\" sizes=\"(max-width: 550px) 100vw, 550px\" \/><\/a><p id=\"caption-attachment-61541\" class=\"wp-caption-text\">Diocese de Ilh\u00e9us .<\/p><\/div>\n<p>Em todas as Par\u00f3quias da Diocese houve uma participa\u00e7\u00e3o significativa de fi\u00e9is que acompanharam a prociss\u00e3o com Ramos nas m\u00e3os. Na Igreja Matriz de S\u00e3o Jorge, o Bispo Diocesano, Dom Mauro Montagnoli fez a Ben\u00e7\u00e3o dos Ramos e em seguida convidou a todos os presentes para\u00a0 participarem da Prociss\u00e3o em Dire\u00e7\u00e3o a Catedral Diocesana, fazendo Mem\u00f3ria a entrada Triunfal de Jesus em Jerusal\u00e9m montado num jumentinho contrasta com a concep\u00e7\u00e3o e mentalidade dos l\u00edderes religiosos de sua \u00e9poca e do pr\u00f3prio povo que esperava um messias forte e dominador.<\/p>\n<p>O triunfo de Jesus ser\u00e1 a sua cruz, quando levantado da terra atrair\u00e1 todos a si. Assim nos foi lembrado pelo nosso Bispo Diocesano,<\/p>\n<p><em><strong>Por Paulo Costa<\/strong><\/em><\/p>\n","protected":false},"excerpt":{"rendered":"<p>No ultimo domingo (24\/03) \u00e0s 07h30 da manh\u00e3 ap\u00f3s um per\u00edodo de cinco domingos vivenciando no tempo quaresmal a caminhada de prepara\u00e7\u00e3o para a P\u00e1scoa do Senhor, a Igreja iniciou a Semana Maior ou tamb\u00e9m \u201cSemana Santa\u201d com a celebra\u00e7\u00e3o do Domingo de Ramos da Paix\u00e3o do Senhor, cuja liturgia faz mem\u00f3ria da entrada de [&hellip;]<\/p>\n","protected":false},"author":2,"featured_media":0,"comment_status":"open","ping_status":"open","sticky":false,"template":"","format":"standard","meta":{"_links_to":"","_links_to_target":""},"categories":[14],"tags":[],"_links":{"self":[{"href":"https:\/\/www.r2cpress.com.br\/v1\/wp-json\/wp\/v2\/posts\/61540"}],"collection":[{"href":"https:\/\/www.r2cpress.com.br\/v1\/wp-json\/wp\/v2\/posts"}],"about":[{"href":"https:\/\/www.r2cpress.com.br\/v1\/wp-json\/wp\/v2\/types\/post"}],"author":[{"embeddable":true,"href":"https:\/\/www.r2cpress.com.br\/v1\/wp-json\/wp\/v2\/users\/2"}],"replies":[{"embeddable":true,"href":"https:\/\/www.r2cpress.com.br\/v1\/wp-json\/wp\/v2\/comments?post=61540"}],"version-history":[{"count":3,"href":"https:\/\/www.r2cpress.com.br\/v1\/wp-json\/wp\/v2\/posts\/61540\/revisions"}],"predecessor-version":[{"id":61544,"href":"https:\/\/www.r2cpress.com.br\/v1\/wp-json\/wp\/v2\/posts\/61540\/revisions\/61544"}],"wp:attachment":[{"href":"https:\/\/www.r2cpress.com.br\/v1\/wp-json\/wp\/v2\/media?parent=61540"}],"wp:term":[{"taxonomy":"category","embeddable":true,"href":"https:\/\/www.r2cpress.com.br\/v1\/wp-json\/wp\/v2\/categories?post=61540"},{"taxonomy":"post_tag","embeddable":true,"href":"https:\/\/www.r2cpress.com.br\/v1\/wp-json\/wp\/v2\/tags?post=61540"}],"curies":[{"name":"wp","href":"https:\/\/api.w.org\/{rel}","templated":true}]}}