{"id":61559,"date":"2013-03-25T20:20:06","date_gmt":"2013-03-25T23:20:06","guid":{"rendered":"http:\/\/www.r2cpress.com.br\/v1\/?p=61559"},"modified":"2013-03-25T20:20:06","modified_gmt":"2013-03-25T23:20:06","slug":"curtas-de-ficcao-e-animacao-encerram-cineclube-de-marco","status":"publish","type":"post","link":"https:\/\/www.r2cpress.com.br\/v1\/2013\/03\/25\/curtas-de-ficcao-e-animacao-encerram-cineclube-de-marco\/","title":{"rendered":"Curtas de fic\u00e7\u00e3o e anima\u00e7\u00e3o  encerram Cineclube de mar\u00e7o"},"content":{"rendered":"<p>O Cineclube \u00c9quio Reis desta ter\u00e7a-feira (26) encerra o m\u00eas de mar\u00e7o com dois curtas-metragens. A partir das 19 horas, na Casa dos Artistas de Ilh\u00e9us, ser\u00e3o exibidas a fic\u00e7\u00e3o <i>Bordel<\/i> e a anima\u00e7\u00e3o <i>Tra\u00e7os do Sil\u00eancio<\/i>, produzidas por alunos do curso de Comunica\u00e7\u00e3o Social da Universidade Estadual de Santa Cruz (Uesc). A entrada \u00e9 franca e ambos os v\u00eddeos s\u00e3o recomendados para maiores de 18<\/p>\n<p>A fic\u00e7\u00e3o <i>Bordel<\/i>, de Camila Bahia, conta a hist\u00f3ria de um bordel cuja rotina \u00e9 mudada ap\u00f3s um cliente misterioso solicitar a prostituta mais famosa da casa. J\u00e1 <i>Tra\u00e7os do Sil\u00eancio<\/i>, anima\u00e7\u00e3o dirigida por Dimitri Vasconcelos e Raphael Nascimento, \u00e9 um conto de terror no qual desenhos de uma garotinha expressam seus conflitos familiares. A atual edi\u00e7\u00e3o do Cineclube \u00c9quio Reis \u00e9 fruto da parceria entre a Uesc e o N\u00facleo de Produ\u00e7\u00e3o Audiovisual do Teatro Popular de Ilh\u00e9us.<\/p>\n","protected":false},"excerpt":{"rendered":"<p>O Cineclube \u00c9quio Reis desta ter\u00e7a-feira (26) encerra o m\u00eas de mar\u00e7o com dois curtas-metragens. A partir das 19 horas, na Casa dos Artistas de Ilh\u00e9us, ser\u00e3o exibidas a fic\u00e7\u00e3o Bordel e a anima\u00e7\u00e3o Tra\u00e7os do Sil\u00eancio, produzidas por alunos do curso de Comunica\u00e7\u00e3o Social da Universidade Estadual de Santa Cruz (Uesc). A entrada \u00e9 [&hellip;]<\/p>\n","protected":false},"author":2,"featured_media":0,"comment_status":"open","ping_status":"open","sticky":false,"template":"","format":"standard","meta":{"_links_to":"","_links_to_target":""},"categories":[5],"tags":[],"_links":{"self":[{"href":"https:\/\/www.r2cpress.com.br\/v1\/wp-json\/wp\/v2\/posts\/61559"}],"collection":[{"href":"https:\/\/www.r2cpress.com.br\/v1\/wp-json\/wp\/v2\/posts"}],"about":[{"href":"https:\/\/www.r2cpress.com.br\/v1\/wp-json\/wp\/v2\/types\/post"}],"author":[{"embeddable":true,"href":"https:\/\/www.r2cpress.com.br\/v1\/wp-json\/wp\/v2\/users\/2"}],"replies":[{"embeddable":true,"href":"https:\/\/www.r2cpress.com.br\/v1\/wp-json\/wp\/v2\/comments?post=61559"}],"version-history":[{"count":2,"href":"https:\/\/www.r2cpress.com.br\/v1\/wp-json\/wp\/v2\/posts\/61559\/revisions"}],"predecessor-version":[{"id":61561,"href":"https:\/\/www.r2cpress.com.br\/v1\/wp-json\/wp\/v2\/posts\/61559\/revisions\/61561"}],"wp:attachment":[{"href":"https:\/\/www.r2cpress.com.br\/v1\/wp-json\/wp\/v2\/media?parent=61559"}],"wp:term":[{"taxonomy":"category","embeddable":true,"href":"https:\/\/www.r2cpress.com.br\/v1\/wp-json\/wp\/v2\/categories?post=61559"},{"taxonomy":"post_tag","embeddable":true,"href":"https:\/\/www.r2cpress.com.br\/v1\/wp-json\/wp\/v2\/tags?post=61559"}],"curies":[{"name":"wp","href":"https:\/\/api.w.org\/{rel}","templated":true}]}}