{"id":61599,"date":"2013-03-25T21:17:07","date_gmt":"2013-03-26T00:17:07","guid":{"rendered":"http:\/\/www.r2cpress.com.br\/v1\/?p=61599"},"modified":"2013-03-25T21:17:07","modified_gmt":"2013-03-26T00:17:07","slug":"a-etica-no-radio","status":"publish","type":"post","link":"https:\/\/www.r2cpress.com.br\/v1\/2013\/03\/25\/a-etica-no-radio\/","title":{"rendered":"A \u00e9tica no r\u00e1dio."},"content":{"rendered":"<p style=\"text-align: left;\" align=\"center\"><strong>*Elias Reis<\/strong><\/p>\n<p>&nbsp;<\/p>\n<p>A palavra \u00e9tica, muito usual nos dias atuais est\u00e1 se esvaindo e cedendo lugar a trasgos de baixarias, palavras de duplo sentido, procedimentos indignos, ou p\u00e9rfidos, s\u00f3rdidos e situa\u00e7\u00f5es decorrentes de radialistas que esqueceram que o r\u00e1dio foi programado para educar e n\u00e3o deseducar.<\/p>\n<p>Por incr\u00edvel que pare\u00e7a a pornografia tornou-se banal no meio radiof\u00f4nico de Fortaleza. O r\u00e1dio deve ter uma linha de a\u00e7\u00e3o norteadora a todos os que t\u00eam compromisso com o microfone. N\u00e3o s\u00f3 o rep\u00f3rter, redator, mas, principalmente o locutor, deve mensurar o que vai expor aos seus ouvintes.<\/p>\n<p>O radialista, seja qual for o seu campo de atua\u00e7\u00e3o, tem o dever de cultivar a precis\u00e3o, a clareza, a objetividade, a seriedade. O que menos se v\u00ea em alguns programas de r\u00e1dio aqui em Fortaleza \u00e9 a seriedade, e quando se reclama, eles afirmam que o pov\u00e3o gosta.<\/p>\n<p>O jornalista Armando Figueiredo diz que o radialista tem que ter plena no\u00e7\u00e3o de que milh\u00f5es de brasileiros, nas \u00e1reas urbanas e rurais, dependem da massa de informa\u00e7\u00f5es que lhes proporciona o r\u00e1dio e que t\u00e3o profundamente influi na sua forma\u00e7\u00e3o, para criar ju\u00edzos pr\u00f3prios e, assim, assumir e manter cidadania (qualidade ou estado de cidad\u00e3o).<\/p>\n<p><!--more--><\/p>\n<p>Mais do que uma bela voz o locutor tem que exercer a cidadania com \u00e9tica e educa\u00e7\u00e3o e esquecer os palavr\u00f5es e as hist\u00f3rias de mau gosto e a banaliza\u00e7\u00e3o da pornografia. Fortaleza possui uma Associa\u00e7\u00e3o de Ouvintes de R\u00e1dio (Aouvir), exercendo um papel preponderante na qualifica\u00e7\u00e3o dos grandes programas e na escolha dos bons profissionais do r\u00e1dio. Aqueles radialistas que se destacam s\u00e3o premiados com um diploma em sess\u00e3o solene, na casa de Juvenal Galeno. \u00c9 uma institui\u00e7\u00e3o s\u00e9ria composta por pessoas de boa \u00edndole, n\u00e3o remunerados, visto que trabalham com amor e dedica\u00e7\u00e3o, e com objetivo prec\u00edpuo de obtermos um r\u00e1dio de qualidade.<\/p>\n<p>O poder de agress\u00e3o n\u00e3o faz o g\u00eanero do radialista. Recentemente a Associa\u00e7\u00e3o foi surpreendida por um festival de improp\u00e9rios desferido por um radialista que trabalha na maior rede de radiodifus\u00e3o do Cear\u00e1. Intrigou-nos o motivo de tais agress\u00f5es, pois nosso grupo n\u00e3o procura fazer ca\u00e7ada \u00e0s bruxas nem tem o intuito de persegui\u00e7\u00e3o, pelo contr\u00e1rio, nosso objetivo primordial \u00e9 fazer e colaborar para que tenhamos um r\u00e1dio de qualidade com profissionais competentes e que se destaquem fora da terrinha.<\/p>\n<p>A informa\u00e7\u00e3o sem preconceitos e sem ridiculariza\u00e7\u00e3o deve servir e interagir com respaldos jornal\u00edsticos no processo de comunica\u00e7\u00e3o. Os radialistas despreparados, entretanto est\u00e3o chegando a limites insuport\u00e1veis, pois a bestialidade est\u00e1 se tornando t\u00e3o banal que compromete n\u00e3o s\u00f3 a classe profissional como o pr\u00f3prio r\u00e1dio na sua condi\u00e7\u00e3o de meio de comunica\u00e7\u00e3o social.<\/p>\n<p>Car\u00edssimos senhores torcemos por um r\u00e1dio de qualidade e queremos ver o progresso dos nossos meios de comunica\u00e7\u00e3o, mas do jeito que est\u00e1 \u00e0 tend\u00eancia \u00e9 o decl\u00ednio moral do r\u00e1dio cearense. Deixamos a miss\u00e3o de moraliza\u00e7\u00e3o do r\u00e1dio para os grandes radialistas que temos e pelo andar da carruagem iremos chegar \u00e0 conclus\u00e3o de que a comunica\u00e7\u00e3o radiof\u00f4nica estacionou e os profissionais do passado faziam um r\u00e1dio com mais amor e seriedade. A conota\u00e7\u00e3o de vendas de hor\u00e1rios em esta\u00e7\u00f5es de r\u00e1dios vem interferindo negativamente na programa\u00e7\u00e3o radiof\u00f4nica. <i>(<\/i><a href=\"http:\/\/www.carosouvintes.org.br\"><i>http:\/\/www.carosouvintes.org.br<\/i><\/a><i>).<\/i><\/p>\n<p>E, em Ilh\u00e9us e Itabuna, como estamos? Temos sidos \u00e9ticos e profissionais?<\/p>\n<p align=\"right\"><em><strong>*Elias \u00e9 Presidente do Sindicato dos Radialistas de Ilh\u00e9us e discente do curso de direito da Faculdade de Ilh\u00e9us.<\/strong><\/em><\/p>\n","protected":false},"excerpt":{"rendered":"<p>*Elias Reis &nbsp; A palavra \u00e9tica, muito usual nos dias atuais est\u00e1 se esvaindo e cedendo lugar a trasgos de baixarias, palavras de duplo sentido, procedimentos indignos, ou p\u00e9rfidos, s\u00f3rdidos e situa\u00e7\u00f5es decorrentes de radialistas que esqueceram que o r\u00e1dio foi programado para educar e n\u00e3o deseducar. Por incr\u00edvel que pare\u00e7a a pornografia tornou-se banal [&hellip;]<\/p>\n","protected":false},"author":2,"featured_media":0,"comment_status":"open","ping_status":"open","sticky":false,"template":"","format":"standard","meta":{"_links_to":"","_links_to_target":""},"categories":[10],"tags":[],"_links":{"self":[{"href":"https:\/\/www.r2cpress.com.br\/v1\/wp-json\/wp\/v2\/posts\/61599"}],"collection":[{"href":"https:\/\/www.r2cpress.com.br\/v1\/wp-json\/wp\/v2\/posts"}],"about":[{"href":"https:\/\/www.r2cpress.com.br\/v1\/wp-json\/wp\/v2\/types\/post"}],"author":[{"embeddable":true,"href":"https:\/\/www.r2cpress.com.br\/v1\/wp-json\/wp\/v2\/users\/2"}],"replies":[{"embeddable":true,"href":"https:\/\/www.r2cpress.com.br\/v1\/wp-json\/wp\/v2\/comments?post=61599"}],"version-history":[{"count":2,"href":"https:\/\/www.r2cpress.com.br\/v1\/wp-json\/wp\/v2\/posts\/61599\/revisions"}],"predecessor-version":[{"id":61601,"href":"https:\/\/www.r2cpress.com.br\/v1\/wp-json\/wp\/v2\/posts\/61599\/revisions\/61601"}],"wp:attachment":[{"href":"https:\/\/www.r2cpress.com.br\/v1\/wp-json\/wp\/v2\/media?parent=61599"}],"wp:term":[{"taxonomy":"category","embeddable":true,"href":"https:\/\/www.r2cpress.com.br\/v1\/wp-json\/wp\/v2\/categories?post=61599"},{"taxonomy":"post_tag","embeddable":true,"href":"https:\/\/www.r2cpress.com.br\/v1\/wp-json\/wp\/v2\/tags?post=61599"}],"curies":[{"name":"wp","href":"https:\/\/api.w.org\/{rel}","templated":true}]}}