{"id":6162,"date":"2011-01-09T18:55:01","date_gmt":"2011-01-09T21:55:01","guid":{"rendered":"http:\/\/www.r2cpress.com.br\/v1\/?p=6162"},"modified":"2011-01-09T18:55:01","modified_gmt":"2011-01-09T21:55:01","slug":"avaliacao-medica-define-que-alencar-pode-deixar-uti","status":"publish","type":"post","link":"https:\/\/www.r2cpress.com.br\/v1\/2011\/01\/09\/avaliacao-medica-define-que-alencar-pode-deixar-uti\/","title":{"rendered":"Avalia\u00e7\u00e3o m\u00e9dica define que Alencar pode deixar UTI"},"content":{"rendered":"<p><strong>S\u00e3o Paulo<\/strong> \u2013 O ex-vice-presidente Jos\u00e9 Alencar vai deixar hoje (9) a Unidade de Terapia Intensiva (UTI) do Hospital S\u00edrio-Liban\u00eas, em S\u00e3o Paulo. A informa\u00e7\u00e3o \u00e9 da assessoria de imprensa do hospital.<\/p>\n<p>Alencar passou no in\u00edcio da tarde por uma avalia\u00e7\u00e3o m\u00e9dica que definiu sua volta para um quarto do hospital, onde permanecer\u00e1 internado. Ainda n\u00e3o est\u00e1 definida a hora que o ex-vice-presidente ser\u00e1 transferido.<\/p>\n<p>Antes da avalia\u00e7\u00e3o, o m\u00e9dico Raul Cutait, integrante da equipe que acompanha Alencar, disse que ele est\u00e1 bem, o sangramento foi estancado e que o ex-vice-presidente passou por uma sess\u00e3o de hemodi\u00e1lise pela manh\u00e3.<\/p>\n<p>&#8212;<br \/>\nVinicius Konchinski<br \/>\nRep\u00f3rter da <a href = \"http:\/\/agenciabrasil.ebc.com.br\/home;jsessionid=D801739AB63F19A5EAB2F0A3AAB95ACD?p_p_id=56&#038;p_p_lifecycle=0&#038;p_p_state=maximized&#038;p_p_mode=view&#038;p_p_col_id=column-3&#038;p_p_col_pos=2&#038;p_p_col_count=8&#038;_56_groupId=19523&#038;_56_articleId=3159378\" target = \"_news\"><b>Ag\u00eancia Brasil<\/b><\/a><br \/>\nEdi\u00e7\u00e3o: A\u00e9cio Amado<\/p>\n","protected":false},"excerpt":{"rendered":"<p>S\u00e3o Paulo \u2013 O ex-vice-presidente Jos\u00e9 Alencar vai deixar hoje (9) a Unidade de Terapia Intensiva (UTI) do Hospital S\u00edrio-Liban\u00eas, em S\u00e3o Paulo. A informa\u00e7\u00e3o \u00e9 da assessoria de imprensa do hospital. Alencar passou no in\u00edcio da tarde por uma avalia\u00e7\u00e3o m\u00e9dica que definiu sua volta para um quarto do hospital, onde permanecer\u00e1 internado. Ainda [&hellip;]<\/p>\n","protected":false},"author":2,"featured_media":0,"comment_status":"open","ping_status":"open","sticky":false,"template":"","format":"standard","meta":{"_links_to":"","_links_to_target":""},"categories":[18],"tags":[],"_links":{"self":[{"href":"https:\/\/www.r2cpress.com.br\/v1\/wp-json\/wp\/v2\/posts\/6162"}],"collection":[{"href":"https:\/\/www.r2cpress.com.br\/v1\/wp-json\/wp\/v2\/posts"}],"about":[{"href":"https:\/\/www.r2cpress.com.br\/v1\/wp-json\/wp\/v2\/types\/post"}],"author":[{"embeddable":true,"href":"https:\/\/www.r2cpress.com.br\/v1\/wp-json\/wp\/v2\/users\/2"}],"replies":[{"embeddable":true,"href":"https:\/\/www.r2cpress.com.br\/v1\/wp-json\/wp\/v2\/comments?post=6162"}],"version-history":[{"count":3,"href":"https:\/\/www.r2cpress.com.br\/v1\/wp-json\/wp\/v2\/posts\/6162\/revisions"}],"predecessor-version":[{"id":6165,"href":"https:\/\/www.r2cpress.com.br\/v1\/wp-json\/wp\/v2\/posts\/6162\/revisions\/6165"}],"wp:attachment":[{"href":"https:\/\/www.r2cpress.com.br\/v1\/wp-json\/wp\/v2\/media?parent=6162"}],"wp:term":[{"taxonomy":"category","embeddable":true,"href":"https:\/\/www.r2cpress.com.br\/v1\/wp-json\/wp\/v2\/categories?post=6162"},{"taxonomy":"post_tag","embeddable":true,"href":"https:\/\/www.r2cpress.com.br\/v1\/wp-json\/wp\/v2\/tags?post=6162"}],"curies":[{"name":"wp","href":"https:\/\/api.w.org\/{rel}","templated":true}]}}