{"id":61622,"date":"2013-03-25T21:56:48","date_gmt":"2013-03-26T00:56:48","guid":{"rendered":"http:\/\/www.r2cpress.com.br\/v1\/?p=61622"},"modified":"2013-03-25T21:56:48","modified_gmt":"2013-03-26T00:56:48","slug":"prefeitura-de-itabuna-58","status":"publish","type":"post","link":"https:\/\/www.r2cpress.com.br\/v1\/2013\/03\/25\/prefeitura-de-itabuna-58\/","title":{"rendered":"Prefeitura de Itabuna"},"content":{"rendered":"<p><center><a href=\"http:\/\/www.r2cpress.com.br\/v1\/wp-content\/uploads\/CAPA-R2CPRESS91.jpg\"><img loading=\"lazy\" src=\"http:\/\/www.r2cpress.com.br\/v1\/wp-content\/uploads\/CAPA-R2CPRESS91.jpg\" alt=\"CAPA R2CPRESS\" width=\"500\" height=\"500\" class=\"aligncenter size-full wp-image-61623\" srcset=\"https:\/\/www.r2cpress.com.br\/v1\/wp-content\/uploads\/CAPA-R2CPRESS91.jpg 500w, https:\/\/www.r2cpress.com.br\/v1\/wp-content\/uploads\/CAPA-R2CPRESS91-150x150.jpg 150w, https:\/\/www.r2cpress.com.br\/v1\/wp-content\/uploads\/CAPA-R2CPRESS91-300x300.jpg 300w\" sizes=\"(max-width: 500px) 100vw, 500px\" \/><\/a><br \/>\n<strong>Reuni\u00f5es do \u201cViver sem limites\u201d come\u00e7am nesta ter\u00e7a<br \/>\nCampeonato Amador de Itabuna inicia com vit\u00f3ria do S\u00e3o Caetano<br \/>\nUnidades B\u00e1sicas de Sa\u00fade de Itabuna recebem medicamentos<br \/>\nProfessores itabunenses recebem forma\u00e7\u00e3o continuada<\/strong><\/center><\/p>\n<p><!--more--><\/p>\n<p>***<\/p>\n<p><strong>Reuni\u00f5es do \u201cViver sem limites\u201d come\u00e7am nesta ter\u00e7a<\/strong><\/p>\n<p>Come\u00e7am amanh\u00e3 as reuni\u00f5es t\u00e9cnicas do Plano Nacional dos Direitos da Pessoa com Defici\u00eancia, \u201cViver em Limites\u201d. Os encontros acontecer\u00e3o no audit\u00f3rio da Faculdade de Tecnologia e Ci\u00eancia (FTC), contando com a participa\u00e7\u00e3o de 41 prefeitos, vice-prefeitos e representantes de cidades, do Baixo Sul e Litoral Sul, que a partir das 13h30min discutir\u00e3o propostas, esclarecer\u00e3o d\u00favidas e ouvir\u00e3o sugest\u00f5es que contribuam para o sucesso do projeto em Itabuna e regi\u00e3o.<br \/>\nO segundo dia de debate ser\u00e1 com os conselhos de cada categoria envolvida no programa e na quinta-feira com os representantes da sociedade civil organizada, movimentos sociais e agentes comunit\u00e1rios de sa\u00fade. As reuni\u00f5es acontecem em parceria com a Prefeitura de Itabuna para a execu\u00e7\u00e3o do programa do Governo Federal, que apresenta fundamental import\u00e2ncia para a inclus\u00e3o social das pessoas com defici\u00eancia.<br \/>\nO apoiador institucional do Viver sem Limites para Bahia, Moyses Leal, disse que o plano \u00e9 divido em quatro eixos: acesso \u00e0 educa\u00e7\u00e3o, aten\u00e7\u00e3o \u00e0 sa\u00fade, acessibilidade e inclus\u00e3o. O plano envolve 12 minist\u00e9rios em sua execu\u00e7\u00e3o para melhoria da qualidade de vida dos portadores de necessidades especiais. \u201cO objetivo principal \u00e9 que o ordenamento e o plano diretor das cidades comecem a incorporar essas pol\u00edticas de inclus\u00e3o\u201d destacou Moys\u00e9s.<\/p>\n<p><strong>Campeonato Amador de Itabuna inicia com vit\u00f3ria do S\u00e3o Caetano<\/strong><\/p>\n<p>\tA equipe do S\u00e3o Caetano venceu por 1 a 0, com gol de Pepeta, o Atl\u00e9tico do Banco Raso, domingo, no Est\u00e1dio Luiz Viana Filho, no jogo de abertura do Campeonato de Futebol Amador de Itabuna. A partida contou com um p\u00fablico superior a 300 torcedores que vibrou, torceu e ainda assistiu a cada um dos times desperdi\u00e7ar p\u00eanaltis na etapa complementar, al\u00e9m de belas defesas protagonizadas pelos goleiros William, do S\u00e3o Caetano, e Rodrigo, do Atl\u00e9tico, considerados como os melhores em campo pelos cronistas desportivos. O time vencedor tamb\u00e9m recebeu trof\u00e9u incentivo doado pela Secretaria de Esportes e Recrea\u00e7\u00e3o.<br \/>\n\tPara o secret\u00e1rio Evans Maxwel Silva, a abertura do certame amador surpreendeu n\u00e3o s\u00f3 pelo n\u00famero de pessoas presentes como pela disposi\u00e7\u00e3o em campo das equipes, que jogaram um futebol t\u00e9cnico e qualificado. Maxwel agradeceu a doa\u00e7\u00e3o de bolas de futebol pela ind\u00fastria de materiais esportivos Penalty, por meio da Secretaria de Ind\u00fastria, Com\u00e9rcio e Turismo, e a presen\u00e7a dos secret\u00e1rios Jos\u00e9 Humberto Martins e Marcos Monteiro, vice-prefeito Wenceslau Augusto Junior, al\u00e9m do l\u00edder do governo, vereador C\u00e9sar Brand\u00e3o.<br \/>\n\tAntes do in\u00edcio da partida, as autoridades participaram da cerim\u00f4nia de hasteamento das bandeiras do Brasil, Bahia e Itabuna e canto do Hino Nacional. O presidente da Liga Itabunense de Futebol (LIF), Ubaldino Souza, o Z\u00fa, afirmou que as equipes do S\u00e3o Caetano e do Atl\u00e9tico do Banco Raso fizeram bom jogo, com bom n\u00edvel t\u00e9cnico e demonstraram o quanto evolu\u00eddo est\u00e1 o futebol amador da cidade. O jogo teve arbitragem de Raimundo Rodrigues, auxiliado por Welsey Santos e Lucimara Alc\u00e2ntara e Mariene Bonfim.<br \/>\n Nesta ter\u00e7a-feira, \u00e0s 20h30min, a rodada ser\u00e1 complementada com<br \/>\no jogo entre Associa\u00e7\u00e3o Atl\u00e9tica Jan\u00edzaros x  Esporte Clube Dallas.As equipes participantes disputam o trof\u00e9u \u00c9lson Amorim Ramos (in memorian) e 35 medalhas e ainda trof\u00e9us e medalhas de vice-campe\u00e3o, goleiro menos vazado, atleta destaque e revela\u00e7\u00e3o, torcida, artilheiro e melhor \u00e1rbitro. Concorrem ao titulo de campe\u00e3 as equipes do S\u00e3o Caetano, Atl\u00e9tico, Am\u00e9rica, Londrina, Portimonense, Palmares, Itabuna, Uni\u00e3o Cat\u00f3lica, Jan\u00edzaros, Santa Cruz, Dallas e Vasco.     <\/p>\n<p><strong>Unidades B\u00e1sicas de Sa\u00fade de Itabuna recebem medicamentos<\/strong><\/p>\n<p>A Coordena\u00e7\u00e3o de Assist\u00eancia Farmac\u00eautica da Prefeitura de Itabuna conclui, nesta ter\u00e7a-feira, 26, o reabastecimento das unidades b\u00e1sicas de sa\u00fade dos bairros S\u00e3o Louren\u00e7o, Novo Horizonte, Mangabinha, Santo Ant\u00f4nio e Zildol\u00e2ndia, que pertencem ao m\u00f3dulo III. As unidades dos bairros Sarinha Alc\u00e2ntara, Maria Pinheiro, Zizo e S\u00e3o Caetano, que integram o m\u00f3dulo IV, tamb\u00e9m receber\u00e3o, ainda nesta semana, novos lotes de antibi\u00f3ticos e antiinflamat\u00f3rios.<br \/>\nA secretaria municipal de Sa\u00fade em parceria com Secretaria da Sa\u00fade da Bahia (Sesab) est\u00e1 garantindo ainda rem\u00e9dios para as pessoas cadastradas nos programas de Sa\u00fade Mental e Sa\u00fade do Idoso (Prosi).  A aquisi\u00e7\u00e3o de novos lotes de medicamentos garantem o atendimento para nove mil usu\u00e1rios que est\u00e3o no Programa de Sa\u00fade Mental e para todos os pacientes com Mal de Parkinson, que est\u00e3o inscritos no Prosi.<br \/>\nO secret\u00e1rio de Sa\u00fade, Renan Ara\u00fajo, destaca que abastecer as unidades b\u00e1sicas e assegurar tratamento de qualidade na rede p\u00fablica de sa\u00fade em Itabuna est\u00e3o entre as prioridades do prefeito Claudevane Leite. O secret\u00e1rio informou que uma licita\u00e7\u00e3o est\u00e1 em andamento para a aquisi\u00e7\u00e3o de rem\u00e9dios para todo o ano. Ser\u00e3o comprados mais de 300 tipos de medicamentos para a Aten\u00e7\u00e3o B\u00e1sica do Munic\u00edpio.<\/p>\n<p>Dengue<br \/>\nSegundo o coordenador de Assist\u00eancia Farmac\u00eautica, Wanderlei de Souza Machado J\u00fanior, outra medida importante adotada pelo governo municipal foi assegurar rem\u00e9dios para o tratamento de pacientes com dengue. As unidades de sa\u00fade foram abastecidas com sais de reidrata\u00e7\u00e3o oral, paracetamol e antit\u00e9rmicos para os pacientes diagnosticados com a doen\u00e7a. <\/p>\n<p><strong>Professores itabunenses recebem forma\u00e7\u00e3o continuada<\/strong><\/p>\n<p>\tA Secretaria da Educa\u00e7\u00e3o (SEC) de Itabuna iniciou na quinta-feira, 21, as atividades do Programa de Forma\u00e7\u00e3o Continuada Pr\u00f3-Letramento para professores da Rede P\u00fablica Municipal de Ensino, visando promover a melhoria da qualidade da aprendizagem da Leitura\/Escrita e Matem\u00e1tica nos anos iniciais do Ensino Fundamental.<br \/>\n\tPromovido em parceria com o Minist\u00e9rio da Educa\u00e7\u00e3o e a Universidade Estadual da Bahia (Uneb), o Pr\u00f3-Letramento tem o objetivo de oferecer suporte a a\u00e7\u00e3o pedag\u00f3gica dos professores, contribuindo para elevar a qualidade do ensino e da aprendizagem de L\u00edngua Portuguesa e Matem\u00e1tica, propondo situa\u00e7\u00f5es que incentivem a reflex\u00e3o e a constru\u00e7\u00e3o do conhecimento com o processo cont\u00ednuo de forma\u00e7\u00e3o docente.<br \/>\n\tSegundo a coordenadora local do Pr\u00f3-Letramento, professora F\u00e1tima Maria Santos, a iniciativa \u00e9 uma mobiliza\u00e7\u00e3o pela qualidade da Educa\u00e7\u00e3o que acontece em todo o territ\u00f3rio nacional. Em Itabuna, setenta professores est\u00e3o inscritos no programa, cujos encontros de estudos orientados acontecem quinzenalmente at\u00e9 o pr\u00f3ximo m\u00eas de dezembro. Ela ressalta que este \u00e9 o segundo ano que o Pr\u00f3-Letramento \u00e9 oferecido aos docentes itabunenses.<br \/>\n\t\u201cA nossa expectativa \u00e9 que, com a articula\u00e7\u00e3o entre teoria e pr\u00e1tica estimulada por meio do estudo dirigido e da viv\u00eancia, o professor assuma uma nova postura aplicando em sala de aula novos m\u00e9todos que, por sua vez, possibilitar\u00e3o aos alunos uma melhor compreens\u00e3o da Matem\u00e1tica e da Linguagem\u201d, argumenta F\u00e1tima Maria. A SEC prev\u00ea que 4,2 mil alunos ser\u00e3o beneficiados diretamente em sala de aula.<br \/>\n\tO Programa de Forma\u00e7\u00e3o Continuada Pr\u00f3-Letramento ser\u00e1 conclu\u00eddo com carga hor\u00e1ria de 120 horas, sendo 84 presenciais e 36 \u00e0 dist\u00e2ncia. Os encontros acontecem no Instituto Municipal de Educa\u00e7\u00e3o Aziz Maron (Imeam), das 17h30min \u00e0s 21h30min. Os estudos s\u00e3o orientados pelas tutoras Inajara Rosa dos Santos (Linguagem) e T\u00e2nia Maria Sampaio Dias (Matem\u00e1tica).<br \/>\n______________________________________________<br \/>\nPrefeitura de Itabuna<br \/>\nDepartamento de Comunica\u00e7\u00e3o Social<br \/>\nFotos: Pedro Augusto e Wilson  Oliveira.<\/p>\n","protected":false},"excerpt":{"rendered":"<p>Reuni\u00f5es do \u201cViver sem limites\u201d come\u00e7am nesta ter\u00e7a Campeonato Amador de Itabuna inicia com vit\u00f3ria do S\u00e3o Caetano Unidades B\u00e1sicas de Sa\u00fade de Itabuna recebem medicamentos Professores itabunenses recebem forma\u00e7\u00e3o continuada<\/p>\n","protected":false},"author":2,"featured_media":0,"comment_status":"open","ping_status":"open","sticky":false,"template":"","format":"standard","meta":{"_links_to":"","_links_to_target":""},"categories":[15],"tags":[],"_links":{"self":[{"href":"https:\/\/www.r2cpress.com.br\/v1\/wp-json\/wp\/v2\/posts\/61622"}],"collection":[{"href":"https:\/\/www.r2cpress.com.br\/v1\/wp-json\/wp\/v2\/posts"}],"about":[{"href":"https:\/\/www.r2cpress.com.br\/v1\/wp-json\/wp\/v2\/types\/post"}],"author":[{"embeddable":true,"href":"https:\/\/www.r2cpress.com.br\/v1\/wp-json\/wp\/v2\/users\/2"}],"replies":[{"embeddable":true,"href":"https:\/\/www.r2cpress.com.br\/v1\/wp-json\/wp\/v2\/comments?post=61622"}],"version-history":[{"count":2,"href":"https:\/\/www.r2cpress.com.br\/v1\/wp-json\/wp\/v2\/posts\/61622\/revisions"}],"predecessor-version":[{"id":61625,"href":"https:\/\/www.r2cpress.com.br\/v1\/wp-json\/wp\/v2\/posts\/61622\/revisions\/61625"}],"wp:attachment":[{"href":"https:\/\/www.r2cpress.com.br\/v1\/wp-json\/wp\/v2\/media?parent=61622"}],"wp:term":[{"taxonomy":"category","embeddable":true,"href":"https:\/\/www.r2cpress.com.br\/v1\/wp-json\/wp\/v2\/categories?post=61622"},{"taxonomy":"post_tag","embeddable":true,"href":"https:\/\/www.r2cpress.com.br\/v1\/wp-json\/wp\/v2\/tags?post=61622"}],"curies":[{"name":"wp","href":"https:\/\/api.w.org\/{rel}","templated":true}]}}