{"id":61725,"date":"2013-03-27T08:32:07","date_gmt":"2013-03-27T11:32:07","guid":{"rendered":"http:\/\/www.r2cpress.com.br\/v1\/?p=61725"},"modified":"2013-03-29T08:05:30","modified_gmt":"2013-03-29T11:05:30","slug":"alfredo-amorim-da-silveira-em-10taques-72","status":"publish","type":"post","link":"https:\/\/www.r2cpress.com.br\/v1\/2013\/03\/27\/alfredo-amorim-da-silveira-em-10taques-72\/","title":{"rendered":"Alfredo Amorim da Silveira em \u201c10TAQUES\u201d."},"content":{"rendered":"<div id=\"attachment_61726\" style=\"width: 224px\" class=\"wp-caption aligncenter\"><a href=\"http:\/\/www.r2cpress.com.br\/v1\/wp-content\/uploads\/Dalmiro-freitas.jpg\"><img aria-describedby=\"caption-attachment-61726\" loading=\"lazy\" class=\"size-full wp-image-61726\" alt=\"Dalmiro de Lima Freitas.\" src=\"http:\/\/www.r2cpress.com.br\/v1\/wp-content\/uploads\/Dalmiro-freitas.jpg\" width=\"214\" height=\"269\" \/><\/a><p id=\"caption-attachment-61726\" class=\"wp-caption-text\">Dalmiro de Lima Freitas.<\/p><\/div>\n<p><img loading=\"lazy\" class=\"alignleft\" alt=\"\" src=\"http:\/\/www.r2cpress.com.br\/v1\/wp-content\/uploads\/alfredo-amorim-nova.jpg\" width=\"300\" height=\"105\" \/>Nasceu em Irar\u00e1, no dia 30 de abril de 1891, filho de Gavino Alves de Freitas e de Em\u00edlia Lima Freitas. Eram seus irm\u00e3os: Joaquim, Claudia, Agenor, Ant\u00f4nio e Adolfo, que foi quem o trouxe para Ilh\u00e9us.<br \/>\nCrian\u00e7a ainda foi morar em Canavieiras onde se casou, em 26 de setembro de 1914, com Dulce Michol Sabino de Freitas, com quem teve seis filhos: Oswaldo, Dulce, casada com Deroaldo Maia, Ant\u00f4nio, Almir, Glacy e D\u00edlson. Ficando vi\u00favo de Dulce casou-se com sua cunhada D\u00e9a Sabino, com quem n\u00e3o teve filhos.<br \/>\nEm 1919 veio morar em Ilh\u00e9us, foi comerciante at\u00e9 1925. Durante dez anos foi agente da Companhia Sul Am\u00e9rica de Seguros de Vida.<br \/>\nEm 1936 assumiu o cargo de Oficial do Registro de Im\u00f3veis, do qual se aposentou em 1962, passando o cargo para seu filho Ant\u00f4nio, casado com Branca Siufo, Ant\u00f4nio faleceu cinco anos depois.<br \/>\nAinda em Canavieiras tornou-se Ma\u00e7on, em 1915, quando se mudou para Ilh\u00e9us , em 1917;  foi um dos fundadores da Loja Regenera\u00e7\u00e3o Sul Baiano, em 1922, quando tamb\u00e9m se tornou Mestre, era 2\u00ba Vigilante, chegou ao grau 33.<br \/>\nInveterado bebedor de bons whisky e vinhos e grande fumador de charutos. Certa vez foi internado com um problema de sa\u00fade e quando lhe injetaram soro fisiol\u00f3gico nas veias, teve uma grande rea\u00e7\u00e3o, foi ai que os m\u00e9dicos descobrir\u00e3o que ele tinha muitos e muitos anos que n\u00e3o bebia \u00e1gua, s\u00f3 vinho, whisky e cerveja.<br \/>\nFaleceu em 18 de agosto de 1983, com 93 anos, seu corpo foi sepultado no Cemit\u00e9rio de Nossa Senhora da Vit\u00f3ria.<\/p>\n","protected":false},"excerpt":{"rendered":"<p>Nasceu em Irar\u00e1, no dia 30 de abril de 1891, filho de Gavino Alves de Freitas e de Em\u00edlia Lima Freitas. Eram seus irm\u00e3os: Joaquim, Claudia, Agenor, Ant\u00f4nio e Adolfo, que foi quem o trouxe para Ilh\u00e9us. Crian\u00e7a ainda foi morar em Canavieiras onde se casou, em 26 de setembro de 1914, com Dulce Michol [&hellip;]<\/p>\n","protected":false},"author":2,"featured_media":0,"comment_status":"open","ping_status":"open","sticky":false,"template":"","format":"standard","meta":{"_links_to":"","_links_to_target":""},"categories":[10],"tags":[],"_links":{"self":[{"href":"https:\/\/www.r2cpress.com.br\/v1\/wp-json\/wp\/v2\/posts\/61725"}],"collection":[{"href":"https:\/\/www.r2cpress.com.br\/v1\/wp-json\/wp\/v2\/posts"}],"about":[{"href":"https:\/\/www.r2cpress.com.br\/v1\/wp-json\/wp\/v2\/types\/post"}],"author":[{"embeddable":true,"href":"https:\/\/www.r2cpress.com.br\/v1\/wp-json\/wp\/v2\/users\/2"}],"replies":[{"embeddable":true,"href":"https:\/\/www.r2cpress.com.br\/v1\/wp-json\/wp\/v2\/comments?post=61725"}],"version-history":[{"count":4,"href":"https:\/\/www.r2cpress.com.br\/v1\/wp-json\/wp\/v2\/posts\/61725\/revisions"}],"predecessor-version":[{"id":61729,"href":"https:\/\/www.r2cpress.com.br\/v1\/wp-json\/wp\/v2\/posts\/61725\/revisions\/61729"}],"wp:attachment":[{"href":"https:\/\/www.r2cpress.com.br\/v1\/wp-json\/wp\/v2\/media?parent=61725"}],"wp:term":[{"taxonomy":"category","embeddable":true,"href":"https:\/\/www.r2cpress.com.br\/v1\/wp-json\/wp\/v2\/categories?post=61725"},{"taxonomy":"post_tag","embeddable":true,"href":"https:\/\/www.r2cpress.com.br\/v1\/wp-json\/wp\/v2\/tags?post=61725"}],"curies":[{"name":"wp","href":"https:\/\/api.w.org\/{rel}","templated":true}]}}