{"id":61730,"date":"2013-03-27T08:48:54","date_gmt":"2013-03-27T11:48:54","guid":{"rendered":"http:\/\/www.r2cpress.com.br\/v1\/?p=61730"},"modified":"2013-03-27T08:50:01","modified_gmt":"2013-03-27T11:50:01","slug":"vereadores-de-salvador-conhecem-projeto-da-ponte-salvador-itaparica","status":"publish","type":"post","link":"https:\/\/www.r2cpress.com.br\/v1\/2013\/03\/27\/vereadores-de-salvador-conhecem-projeto-da-ponte-salvador-itaparica\/","title":{"rendered":"Vereadores de Salvador conhecem projeto da ponte Salvador-Itaparica"},"content":{"rendered":"<p>Como conter ou se apropriar da especula\u00e7\u00e3o imobili\u00e1ria que acontece no centro antigo da capital baiana e nos munic\u00edpios de Itaparica e Vera Cruz, tendo como horizonte a constru\u00e7\u00e3o da ponte Salvador-Itaparica a partir de 2014? Este foi um dos questionamentos dos vereadores de Salvador para o secret\u00e1rio do Planejamento da Bahia, Jos\u00e9 Sergio Gabrielli, durante o encontro realizado nesta ter\u00e7a-feira (26) \u00e0 noite, na sede da Secretaria do Planejamento (Seplan).<br \/>\n<div id=\"attachment_61731\" style=\"width: 560px\" class=\"wp-caption aligncenter\"><a href=\"http:\/\/www.r2cpress.com.br\/v1\/wp-content\/uploads\/encontro_vereadores_ssa_gabrielli.jpg\"><img aria-describedby=\"caption-attachment-61731\" loading=\"lazy\" src=\"http:\/\/www.r2cpress.com.br\/v1\/wp-content\/uploads\/encontro_vereadores_ssa_gabrielli.jpg\" alt=\"Encontro.\" width=\"550\" height=\"367\" class=\"size-full wp-image-61731\" srcset=\"https:\/\/www.r2cpress.com.br\/v1\/wp-content\/uploads\/encontro_vereadores_ssa_gabrielli.jpg 550w, https:\/\/www.r2cpress.com.br\/v1\/wp-content\/uploads\/encontro_vereadores_ssa_gabrielli-300x200.jpg 300w\" sizes=\"(max-width: 550px) 100vw, 550px\" \/><\/a><p id=\"caption-attachment-61731\" class=\"wp-caption-text\">Encontro.<\/p><\/div><br \/>\nDe acordo com o titular da pasta do Planejamento, este \u00e9 um dos desafios da modelagem econ\u00f4mico-financeira do empreendimento, mas existem instrumentos jur\u00eddico-institucionais praticados em outros lugares, a exemplo do projeto do Porto Maravilha, no Rio de Janeiro, que devem ser analisados. \u201cPara atrair o interesse de investidores e conseguir financiamento para as obras, o munic\u00edpio autorizou o aumento do potencial construtivo na regi\u00e3o, ou seja, permitiu a constru\u00e7\u00e3o al\u00e9m dos limites atuais, com exce\u00e7\u00e3o das \u00e1reas de preserva\u00e7\u00e3o. Para explorar este novo potencial construtivo, os interessados deveriam comprar os Certificados de Potencial Adicional Construtivo (CEPACs) e todo o valor arrecadado com a venda dos CEPACs foi, obrigatoriamente, investido na melhoria da infraestrutura urbana e em servi\u00e7os na regi\u00e3o\u201d, explica Gabrielli.<\/p>\n<p>Este foi o primeiro encontro entre o secret\u00e1rio e a rec\u00e9m-criada comiss\u00e3o especial para acompanhamento do projeto de constru\u00e7\u00e3o da ponte Salvador-Itaparica.  Na oportunidade, o secret\u00e1rio adiantou que na primeira quinzena de abril, a Seplan lan\u00e7ar\u00e1 editais de licita\u00e7\u00e3o para selecionar as empresas que far\u00e3o o detalhamento dos estudos para a constru\u00e7\u00e3o do empreendimento, a exemplo dos projetos de engenharia, estudos de impacto ambiental e socioecon\u00f4mico (EIA\/RIMA) e de impacto cultural e paisag\u00edstico. <\/p>\n<p><strong>Parceria<\/strong><\/p>\n<p><!--more--><\/p>\n<p>Segundo o vereador Leonardo Prates, que preside a comiss\u00e3o, o interesse dos edis \u00e9 ampliar o debate com a sociedade e colaborar no que for preciso para viabilizar a iniciativa. \u201cA ponte \u00e9 um projeto que interessa a todos e cria uma nova possibilidade para melhorar a qualidade de vida das pessoas na capital e na ilha\u201d, afirma Prates, ressaltando ainda que o vereador Gilmar Santiago aprovou uma sess\u00e3o especial na C\u00e2mara sobre o tema e conversar\u00e1 com as comiss\u00f5es de Transportes e Planejamento Urbano.<\/p>\n<p>O clima amistoso entre o executivo estadual e o legislativo municipal foi destacado pelo vereador Ant\u00f4nio No\u00e9lio Lib\u00e2nio, o Alem\u00e3o. \u201cA renova\u00e7\u00e3o de quase 50% na C\u00e2mara modificou muito o pensamento do legislativo municipal, que deixa o partidarismo de lado para lutar pelo o que \u00e9 importante para a popula\u00e7\u00e3o\u201d, diz.<\/p>\n<p>Temas pontuais, como a integra\u00e7\u00e3o do tr\u00e1fego oriundo da ilha com o fluxo de ve\u00edculos de Salvador e o pre\u00e7o do poss\u00edvel ped\u00e1gio tamb\u00e9m foram abordados. \u201cOs caminh\u00f5es seguir\u00e3o direto para a BR 324 por meio da Via Expressa e estamos estudando as melhores solu\u00e7\u00f5es para o fluxo de ve\u00edculos leves. Quanto ao ped\u00e1gio, devemos come\u00e7ar com um determinado pre\u00e7o, que s\u00f3 teremos ap\u00f3s a conclus\u00e3o dos estudos, e ir caindo ao longo do tempo na medida em que vai aumentando o fluxo e amortizando o investimento\u201d, explica Gabrielli.<\/p>\n<p>Com a mensagem de que a constru\u00e7\u00e3o da ponte Salvador-Itaparica \u00e9 parte de um plano de desenvolvimento, ambientalmente respons\u00e1vel, e que deve impulsionar o crescimento de v\u00e1rias regi\u00f5es do estado e melhorar a qualidade de vida de milh\u00f5es de pessoas, os edis sa\u00edram entusiasmados da reuni\u00e3o, como declarou o vereador Gilmar Santiago.<\/p>\n<p>Tamb\u00e9m participaram do encontro \u00e0 vereadora Eronildes Vasconcelos (Tia Eron) e os vereadores Duda Sanches, Jos\u00e9 Gon\u00e7alves Trindade, Leandro Guerrilha e Marcell Moraes.<\/p>\n<p>_______________________________________<\/p>\n<p>Pablo Barbosa<br \/>\nAssessoria de Comunica\u00e7\u00e3o<br \/>\nSecretaria do Planejamento do Estado da Bahia<\/p>\n","protected":false},"excerpt":{"rendered":"<p>Como conter ou se apropriar da especula\u00e7\u00e3o imobili\u00e1ria que acontece no centro antigo da capital baiana e nos munic\u00edpios de Itaparica e Vera Cruz, tendo como horizonte a constru\u00e7\u00e3o da ponte Salvador-Itaparica a partir de 2014? Este foi um dos questionamentos dos vereadores de Salvador para o secret\u00e1rio do Planejamento da Bahia, Jos\u00e9 Sergio Gabrielli, [&hellip;]<\/p>\n","protected":false},"author":2,"featured_media":0,"comment_status":"open","ping_status":"open","sticky":false,"template":"","format":"standard","meta":{"_links_to":"","_links_to_target":""},"categories":[29],"tags":[],"_links":{"self":[{"href":"https:\/\/www.r2cpress.com.br\/v1\/wp-json\/wp\/v2\/posts\/61730"}],"collection":[{"href":"https:\/\/www.r2cpress.com.br\/v1\/wp-json\/wp\/v2\/posts"}],"about":[{"href":"https:\/\/www.r2cpress.com.br\/v1\/wp-json\/wp\/v2\/types\/post"}],"author":[{"embeddable":true,"href":"https:\/\/www.r2cpress.com.br\/v1\/wp-json\/wp\/v2\/users\/2"}],"replies":[{"embeddable":true,"href":"https:\/\/www.r2cpress.com.br\/v1\/wp-json\/wp\/v2\/comments?post=61730"}],"version-history":[{"count":4,"href":"https:\/\/www.r2cpress.com.br\/v1\/wp-json\/wp\/v2\/posts\/61730\/revisions"}],"predecessor-version":[{"id":61734,"href":"https:\/\/www.r2cpress.com.br\/v1\/wp-json\/wp\/v2\/posts\/61730\/revisions\/61734"}],"wp:attachment":[{"href":"https:\/\/www.r2cpress.com.br\/v1\/wp-json\/wp\/v2\/media?parent=61730"}],"wp:term":[{"taxonomy":"category","embeddable":true,"href":"https:\/\/www.r2cpress.com.br\/v1\/wp-json\/wp\/v2\/categories?post=61730"},{"taxonomy":"post_tag","embeddable":true,"href":"https:\/\/www.r2cpress.com.br\/v1\/wp-json\/wp\/v2\/tags?post=61730"}],"curies":[{"name":"wp","href":"https:\/\/api.w.org\/{rel}","templated":true}]}}