{"id":61803,"date":"2013-03-27T15:20:52","date_gmt":"2013-03-27T18:20:52","guid":{"rendered":"http:\/\/www.r2cpress.com.br\/v1\/?p=61803"},"modified":"2013-03-27T15:20:52","modified_gmt":"2013-03-27T18:20:52","slug":"tpi-estreia-no-aleluia-ilheus-na-tarde-desta-quinta-feira","status":"publish","type":"post","link":"https:\/\/www.r2cpress.com.br\/v1\/2013\/03\/27\/tpi-estreia-no-aleluia-ilheus-na-tarde-desta-quinta-feira\/","title":{"rendered":"TPI estreia no Aleluia Ilh\u00e9us  na tarde desta quinta-feira"},"content":{"rendered":"<p>O Teatro Popular de Ilh\u00e9us (TPI) estreia sua programa\u00e7\u00e3o no espa\u00e7o A Tenda \u00e9 Nossa, no Aleluia Ilh\u00e9us Festival nesta quinta-feira (28). A abertura ser\u00e1 \u00e0s das 16 horas com o musical infanto-juvenil Auto do Boi da Cara Preta, da Cia Boi da Cara Preta. At\u00e9 domingo (31), o grupo ser\u00e1 respons\u00e1vel pela organiza\u00e7\u00e3o t\u00e9cnica e art\u00edstica do espa\u00e7o, elencando as atra\u00e7\u00f5es de teatro, m\u00fasica, dan\u00e7a e circo.<br \/>\n<div id=\"attachment_61804\" style=\"width: 560px\" class=\"wp-caption aligncenter\"><a href=\"http:\/\/www.r2cpress.com.br\/v1\/wp-content\/uploads\/CAPA-R2CPRESS96.jpg\"><img aria-describedby=\"caption-attachment-61804\" loading=\"lazy\" src=\"http:\/\/www.r2cpress.com.br\/v1\/wp-content\/uploads\/CAPA-R2CPRESS96.jpg\" alt=\"TEATRO POPULAR DE ILH\u00c9US \" width=\"550\" height=\"550\" class=\"size-full wp-image-61804\" srcset=\"https:\/\/www.r2cpress.com.br\/v1\/wp-content\/uploads\/CAPA-R2CPRESS96.jpg 550w, https:\/\/www.r2cpress.com.br\/v1\/wp-content\/uploads\/CAPA-R2CPRESS96-150x150.jpg 150w, https:\/\/www.r2cpress.com.br\/v1\/wp-content\/uploads\/CAPA-R2CPRESS96-300x300.jpg 300w\" sizes=\"(max-width: 550px) 100vw, 550px\" \/><\/a><p id=\"caption-attachment-61804\" class=\"wp-caption-text\">TEATRO POPULAR DE ILH\u00c9US<\/p><\/div><br \/>\nAinda na quinta-feira, A Tenda \u00e9 Nossa segue sua programa\u00e7\u00e3o com o Grupo Arte no Atto encenando Via Sacra em Versos. O espet\u00e1culo narra a hist\u00f3ria de Jesus Cristo atrav\u00e9s de textos da Literatura Brasileira e Portuguesa. E, \u00e0s 19 horas, o Teatro Popular de Ilh\u00e9us encena a s\u00e1tira em cordel Teodorico Majestade, as \u00faltimas horas de um prefeito.<\/p>\n<p><!--more--><\/p>\n<p>A sexta-feira (29) ser\u00e1 aberta com Lendas da Lagoa Encantada, outro musical infanto-juvenil da Cia. Boi da Cara Preta.  \u00c0s 17 horas, mais uma vez, o Grupo Arte no Atto marca presen\u00e7a com Via Sacra em Versos. \u00c0s 19 horas, as bandas Jah Bless e Improviso Nordestino fazem um show, que ter\u00e1 a participa\u00e7\u00e3o especial do m\u00fasico e cantor S\u00e9rgio di Ramos.<\/p>\n<p>No s\u00e1bado, o Grupo Teatro\/Circo Maktub apresenta o espet\u00e1culo de palha\u00e7aria Homens ajudam homens? e a Companhia Casa Aberta de Teatro encena a com\u00e9dia A filha do coronel. Fechando a noite, shows das bandas Entroppia e Dr. Imbira, levando a estrutura do projeto S\u00e1bado Sim, abrindo espa\u00e7o para bandas alternativas regionais.<\/p>\n<p>O \u00faltimo dia de programa\u00e7\u00e3o d\u2019A Tenda \u00e9 Nossa come\u00e7a com o espet\u00e1culo Hoje \u00e9 dia de Circo, do Grupo Teatro\/Circo Maktub. Na sequ\u00eancia, vem a A-RRISCA Cia. de Dan\u00e7a trazendo a interven\u00e7\u00e3o urbana Outros Olhares. E, a partir das 19 horas, o palco da Tenda ser\u00e1 aberto para improvisa\u00e7\u00f5es art\u00edsticas variadas.<\/p>\n<p>A participa\u00e7\u00e3o do TPI no Aleluia Ilh\u00e9us foi um convite do Sebrae, que \u00e9 um dos patrocinadores do evento, junto com a Secretaria Estadual de Turismo, Bahiatursa e demais institui\u00e7\u00f5es. O festival \u00e9 promovido pela Prefeitura de Ilh\u00e9us e Associa\u00e7\u00e3o de Turismo de Ilh\u00e9us (Atil) e, al\u00e9m de contar com A tenda \u00e9 Nossa, promover\u00e1 palestras e semin\u00e1rios, exposi\u00e7\u00f5es de artes pl\u00e1sticas, literatura, gastronomia e shows de grande porte. Haver\u00e1 ainda estandes de produtos da agricultura familiar, mostrando o processo que o cacau passa at\u00e9 virar chocolate.<\/p>\n","protected":false},"excerpt":{"rendered":"<p>O Teatro Popular de Ilh\u00e9us (TPI) estreia sua programa\u00e7\u00e3o no espa\u00e7o A Tenda \u00e9 Nossa, no Aleluia Ilh\u00e9us Festival nesta quinta-feira (28). A abertura ser\u00e1 \u00e0s das 16 horas com o musical infanto-juvenil Auto do Boi da Cara Preta, da Cia Boi da Cara Preta. At\u00e9 domingo (31), o grupo ser\u00e1 respons\u00e1vel pela organiza\u00e7\u00e3o t\u00e9cnica [&hellip;]<\/p>\n","protected":false},"author":2,"featured_media":0,"comment_status":"open","ping_status":"open","sticky":false,"template":"","format":"standard","meta":{"_links_to":"","_links_to_target":""},"categories":[5],"tags":[],"_links":{"self":[{"href":"https:\/\/www.r2cpress.com.br\/v1\/wp-json\/wp\/v2\/posts\/61803"}],"collection":[{"href":"https:\/\/www.r2cpress.com.br\/v1\/wp-json\/wp\/v2\/posts"}],"about":[{"href":"https:\/\/www.r2cpress.com.br\/v1\/wp-json\/wp\/v2\/types\/post"}],"author":[{"embeddable":true,"href":"https:\/\/www.r2cpress.com.br\/v1\/wp-json\/wp\/v2\/users\/2"}],"replies":[{"embeddable":true,"href":"https:\/\/www.r2cpress.com.br\/v1\/wp-json\/wp\/v2\/comments?post=61803"}],"version-history":[{"count":3,"href":"https:\/\/www.r2cpress.com.br\/v1\/wp-json\/wp\/v2\/posts\/61803\/revisions"}],"predecessor-version":[{"id":61807,"href":"https:\/\/www.r2cpress.com.br\/v1\/wp-json\/wp\/v2\/posts\/61803\/revisions\/61807"}],"wp:attachment":[{"href":"https:\/\/www.r2cpress.com.br\/v1\/wp-json\/wp\/v2\/media?parent=61803"}],"wp:term":[{"taxonomy":"category","embeddable":true,"href":"https:\/\/www.r2cpress.com.br\/v1\/wp-json\/wp\/v2\/categories?post=61803"},{"taxonomy":"post_tag","embeddable":true,"href":"https:\/\/www.r2cpress.com.br\/v1\/wp-json\/wp\/v2\/tags?post=61803"}],"curies":[{"name":"wp","href":"https:\/\/api.w.org\/{rel}","templated":true}]}}