{"id":61821,"date":"2013-03-27T18:52:34","date_gmt":"2013-03-27T21:52:34","guid":{"rendered":"http:\/\/www.r2cpress.com.br\/v1\/?p=61821"},"modified":"2013-03-27T18:52:34","modified_gmt":"2013-03-27T21:52:34","slug":"prefeitura-de-itabuna-59","status":"publish","type":"post","link":"https:\/\/www.r2cpress.com.br\/v1\/2013\/03\/27\/prefeitura-de-itabuna-59\/","title":{"rendered":"Prefeitura de Itabuna"},"content":{"rendered":"<p><center> <a href=\"http:\/\/www.r2cpress.com.br\/v1\/wp-content\/uploads\/CAPA-R2CPRESS97.jpg\"><img loading=\"lazy\" src=\"http:\/\/www.r2cpress.com.br\/v1\/wp-content\/uploads\/CAPA-R2CPRESS97.jpg\" alt=\"CAPA R2CPRESS\" width=\"500\" height=\"500\" class=\"aligncenter size-full wp-image-61822\" srcset=\"https:\/\/www.r2cpress.com.br\/v1\/wp-content\/uploads\/CAPA-R2CPRESS97.jpg 500w, https:\/\/www.r2cpress.com.br\/v1\/wp-content\/uploads\/CAPA-R2CPRESS97-150x150.jpg 150w, https:\/\/www.r2cpress.com.br\/v1\/wp-content\/uploads\/CAPA-R2CPRESS97-300x300.jpg 300w\" sizes=\"(max-width: 500px) 100vw, 500px\" \/><\/a><br \/>\n<strong>Vigil\u00e2ncia interdita criadouro de porcos e fiscaliza produtos da Semana Santa<br \/>\nP\u00e1scoa Solid\u00e1ria beneficia alunos da Funda\u00e7\u00e3o Marimbeta<br \/>\nPrefeitura de Itabuna distribuir\u00e1 peixe a fam\u00edlias carentes amanh\u00e3<br \/>\nVigil\u00e2ncia interdita criadouro de porcos e fiscaliza produtos da Semana Santa<br \/>\nPrefeitura alerta para a necessidade do Cart\u00e3o SUS<br \/>\nPrefeitura paga sal\u00e1rios de mar\u00e7o de parte dos servidores<br \/>\nQuinta-Feira Santa ser\u00e1 ponto facultativo em Itabuna<br \/>\nPrefeitura conclui limpeza de terreno no Fonseca<br \/>\nNota de Esclarecimento sobre as Sele\u00e7\u00f5es Simplificadas na Secretarias de Sa\u00fade e da Assist\u00eancia Social<\/strong><\/center><\/p>\n<p><!--more--><\/p>\n<p>***<\/p>\n<p><strong>Vigil\u00e2ncia interdita criadouro de porcos e fiscaliza produtos da Semana Santa<\/strong><\/p>\n<p>Fiscais do Departamento de Vigil\u00e2ncia Sanit\u00e1ria da Prefeitura de Itabuna, com apoio do Centro de Controle de Zoonoses (CCZ), interditaram nesta quarta-feira, 27, definitivamente, uma pocilga no bairro Parque Boa Vista. Os 17 animais foram encontrados nos fundos de uma casa e encaminhados pelo propriet\u00e1rio para uma fazenda nos arredores do munic\u00edpio.<\/p>\n<p>Foi a quarta vez nos \u00faltimos quatro anos que o criadouro de porcos clandestino foi fechado pelos fiscais. A pocilga funcionava a menos de 50 metros da Escola Cleonice Almeida, colocando em risco a sa\u00fade dos estudantes e funcion\u00e1rios da unidade. O mau cheiro tamb\u00e9m prejudicava os moradores do bairro, que fizeram a den\u00fancia \u00e0 Vigil\u00e2ncia Sanit\u00e1ria.<\/p>\n<p>No local foram encontrados vasilhames, pneus e carca\u00e7a de carros, al\u00e9m de resto de comida e muita lama. Seguindo o coordenador do Departamento de Vigil\u00e2ncia Sanit\u00e1ria, Ant\u00f4nio Carlos Carvalho, uma mulher com cinco filhos menores de idade praticamente moravam com os animais.<\/p>\n<p>O dono do criadouro foi notificado. Se por caso for flagrado mais uma vez, ter\u00e1 todos os animais apreendidos e pagar\u00e1 di\u00e1ria de um espa\u00e7o para onde os animais ser\u00e3o recolhidos. Carvalho pediu aos moradores que se perceberem qualquer movimenta\u00e7\u00e3o de porcos denunciem. Uma equipe da Secretaria de Desenvolvimento Urbano (Sedur) vai realizar a limpeza do local, retirando toda lama e lixo.<\/p>\n<p>Opera\u00e7\u00e3o Semana Santa<\/p>\n<p>Os fiscais da Vigil\u00e2ncia Sanit\u00e1ria realizam at\u00e9 sexta-feira a fiscaliza\u00e7\u00e3o nas feiras-livres, supermercados e mercearias para verificar a qualidade do pescado e de produtos t\u00edpicos comercializados neste per\u00edodo do ano.  O foco \u00e9 a venda de peixes e camar\u00f5es fresco e seco, coco e leite de coco, amendoim e castanha. Os produtos impr\u00f3prios para o consumo ser\u00e3o apreendidos e incinerados. <\/p>\n<p>  Carvalho alerta ao consumidor que o peixe fresco precisa ter olhos brilhantes, guelras vermelhas e escamas aderentes. Se estiver congelado, deve estar na temperatura adequada. O coco deve ser ralado na hora da venda em presen\u00e7a do consumidor.<\/p>\n<p><strong>P\u00e1scoa Solid\u00e1ria beneficia alunos da Funda\u00e7\u00e3o Marimbeta <\/strong><\/p>\n<p>Os alunos dos cinco s\u00edtios de integra\u00e7\u00e3o da Funda\u00e7\u00e3o Marimbeta participam hoje, \u00e0s 14 horas, no n\u00facleo do bairro Santa In\u00eas, em Itabuna, do Projeto P\u00e1scoa Solid\u00e1ria fruto de parceria com a Escola Ge\u00f3rgia. Ser\u00e3o distribu\u00eddos aos alunos dos s\u00edtios cerca de 400 ovos de p\u00e1scoa confeccionados pelos alunos da escola particular em atividades extraclasse, coordenadas pelos professores com o apoio de suas fam\u00edlias que fizeram a doa\u00e7\u00e3o do chocolate e outros insumos.<br \/>\nA coordenadora pedag\u00f3gica da Funda\u00e7\u00e3o Marimbeta, professora Mariza Sarmento Santos, informa que a entrega dos ovos de p\u00e1scoa contar\u00e1 com apresenta\u00e7\u00f5es musicais e de teatro com a participa\u00e7\u00e3o dos alunos da Escola Ge\u00f3rgia. Segundo explicou, a parceria no P\u00e1scoa Solid\u00e1ria, entre a escola particular e a Funda\u00e7\u00e3o mantida pela Prefeitura, foi iniciada h\u00e1 cinco anos em projeto de integra\u00e7\u00e3o social e inclus\u00e3o. A atividade contar\u00e1 com a participa\u00e7\u00e3o do presidente da Funda\u00e7\u00e3o Marimbeta, Junior Teles, e de outros dirigentes da institui\u00e7\u00e3o. <\/p>\n<p><strong>Prefeitura de Itabuna distribuir\u00e1 peixe a fam\u00edlias carentes amanh\u00e3<\/strong><\/p>\n<p>A Prefeitura de Itabuna vai distribuir nesta Quinta-Feira Santa 37,5 mil quilos de peixe a fam\u00edlias carentes do munic\u00edpio. A previs\u00e3o \u00e9 de que mais de 20 mil fam\u00edlias sejam beneficiadas com o alimento para o tradicional almo\u00e7o da Semana Santa. A quantidade de pescado foi aumentada em 10 toneladas em rela\u00e7\u00e3o ao que foi distribu\u00eddo no ano passado.<\/p>\n<p>As senhas para foram distribu\u00eddas na ter\u00e7a e na quarta aos presidentes das associa\u00e7\u00f5es de moradores dos bairros, que indicaram \u00e0 administra\u00e7\u00e3o municipal as quantidades necess\u00e1rias. Uma equipe da Prefeitura far\u00e1 a entrega em locais estrat\u00e9gicos nos principais bairros da cidade, a partir das 9 horas da manh\u00e3.<\/p>\n<p>No Col\u00e9gio Armando Freire a distribui\u00e7\u00e3o atender\u00e1 aos bairros Lomanto Junior, Odilon, Santa Catarina, Emanuel Le\u00e3o, Bananeira e Novo Lomanto. No Col\u00e9gio Novo Horizonte, os bairros Novo Horizonte e Corbiniano Freire. No Col\u00e9gio Bras\u00edlia Bara\u00fana as fam\u00edlias do bairro S\u00e3o Roque e na Quadra de Esportes do Santo Antonio as fam\u00edlias do bairro e do bairro S\u00e3o Louren\u00e7o.<\/p>\n<p>No Col\u00e9gio Am\u00e9lia Cordier ser\u00e3o atendidos os moradores do Antique e Santa In\u00eas. No Col\u00e9gio Marieta de Carvalho a Vila de Itamarac\u00e1. No Col\u00e9gio CSU as fam\u00edlias dos bairros Sarinha Alc\u00e2ntara, Novo S\u00e3o Caetano, Otoniel Guedes de Pinho, Vila An\u00e1lia e S\u00e3o Caetano. No CAIC o Ja\u00e7an\u00e3 e o Novo Ja\u00e7an\u00e3.<\/p>\n<p>O M\u00f3dulo Policial do Pedro Jer\u00f4nimo ser\u00e1 o ponto de distribui\u00e7\u00e3o para o Pedro Ger\u00f4nimo, Daniel Gomes e Maria Pinheiro. O Col\u00e9gio Ubaldo Dantas atender\u00e1 a fam\u00edlias do Alto da Boa Vista, Parque da Boa Vista, Jo\u00e3o Soares e Calif\u00f3rnia. O Col\u00e9gio Francisco Ben\u00edcio a Vila de Mutuns. O Col\u00e9gio Lourival Soares o bairro de Ferradas e Rua de Palha. O S\u00edtio 5  atender\u00e1 ao Nova Ferradas, Fernando Gomes, Nova Esperan\u00e7a e Jo\u00e3o Franco Leal.<\/p>\n<p>O Col\u00e9gio Frederico Smith Lima atender\u00e1 aos moradores da Urbis IV, Brasil Novo, Sinval Palmeira e Jorge Amado. O S\u00edtio 2 aos bairros Fonseca, Vale do Sol, Novo Fonseca e Carlos Silva.O Col\u00e9gio Jo\u00e3o Ara\u00fajo ao Nova Calif\u00f3rnia. O Col\u00e9gio Ewerton Chaloup ao Zizo e o S\u00edtio 3 ao bairro S\u00e3o Pedro. A entrega ser\u00e1 feita tamb\u00e9m nos bairros Monte Cristo no Posto Policial, Vila Zara na Quadra de Esportes e Santa Clara no Col\u00e9gio Municipal.<\/p>\n<p>A presidente da Associa\u00e7\u00e3o de Moradores do Bairro Daniel Gomes, Maria Luzia de Ara\u00fajo, dona Zefa, mora h\u00e1 20 anos no bairro, conhece cada uma das pessoas carentes de sua comunidade e visitou as casas para saber realmente quem precisa. Da mesma forma fez o presidente da Associa\u00e7\u00e3o de Moradores do Zizo, Carlos dos Santos, que disse ter distribu\u00eddo senhas para pessoas que realmente precisam. Carlos comemorou as 500 senhas recebidas, pois \u201ca quantidade \u00e9 boa, s\u00e3o muitas fam\u00edlias que n\u00e3o t\u00eam condi\u00e7\u00e3o de comprar o peixe e precisam ser ajudadas.\u201d<\/p>\n<p><strong>Vigil\u00e2ncia interdita criadouro de porcos e fiscaliza produtos da Semana Santa<\/strong><\/p>\n<p>Fiscais do Departamento de Vigil\u00e2ncia Sanit\u00e1ria da Prefeitura de Itabuna, com apoio do Centro de Controle de Zoonoses (CCZ), interditaram nesta quarta-feira, 27, definitivamente, uma pocilga no bairro Parque Boa Vista. Os 17 animais foram encontrados nos fundos de uma casa e encaminhados pelo propriet\u00e1rio para uma fazenda nos arredores do munic\u00edpio.<\/p>\n<p>Foi a quarta vez nos \u00faltimos quatro anos que o criadouro de porcos clandestino foi fechado pelos fiscais. A pocilga funcionava a menos de 50 metros da Escola Cleonice Almeida, colocando em risco a sa\u00fade dos estudantes e funcion\u00e1rios da unidade. O mau cheiro tamb\u00e9m prejudicava os moradores do bairro, que fizeram a den\u00fancia \u00e0 Vigil\u00e2ncia Sanit\u00e1ria.<\/p>\n<p>No local foram encontrados vasilhames, pneus e carca\u00e7a de carros, al\u00e9m de resto de comida e muita lama. O coordenador do Departamento de Vigil\u00e2ncia Sanit\u00e1ria, Ant\u00f4nio Carlos Carvalho, uma mulher com cinco filhos menores de idade praticamente moravam com os animais.<\/p>\n<p>O dono do criadouro foi notificado. Se por caso for flagrado mais uma vez, ter\u00e1 todos os animais apreendidos e pagar\u00e1 di\u00e1ria de um espa\u00e7o para onde os animais ser\u00e3o recolhidos. Carvalho pediu aos moradores que se perceberem qualquer movimenta\u00e7\u00e3o de porcos denunciem. Uma equipe da Secretaria de Desenvolvimento Urbano (Sedur) vai realizar a limpeza do local, retirando toda lama e lixo.<\/p>\n<p>Opera\u00e7\u00e3o Semana Santa<\/p>\n<p>Os fiscais da Vigil\u00e2ncia Sanit\u00e1ria realizam at\u00e9 sexta-feira a fiscaliza\u00e7\u00e3o nas feiras-livres, supermercados e mercearias para verificar a qualidade do pescado e de produtos t\u00edpicos comercializados neste per\u00edodo do ano.  O foco \u00e9 a venda de peixes e camar\u00f5es fresco e seco, coco e leite de coco, amendoim e castanha. Os produtos impr\u00f3prios para o consumo ser\u00e3o apreendidos e incinerados. <\/p>\n<p>  Carvalho alerta ao consumidor que o peixe fresco precisa ter olhos brilhantes, guelras vermelhas e escamas aderentes. Se estiver congelado, deve estar na temperatura adequada. O coco deve ser ralado na hora da venda em presen\u00e7a do consumidor.<\/p>\n<p><strong>Prefeitura alerta para a necessidade do Cart\u00e3o SUS<\/strong><\/p>\n<p>A Secretaria de Sa\u00fade de Itabuna alerta para a necessidade do Cart\u00e3o Nacional de Sa\u00fade (Cadsus) e estima que cerca de 50 mil usu\u00e1rios precisem fazer documento criado pelo Minist\u00e9rio da Sa\u00fade para facilitar o atendimento na rede p\u00fablica em todo o Pa\u00eds. O cart\u00e3o deve ser feito por todas as pessoas usu\u00e1rias do sistema de sa\u00fade, inclusive detentores de planos de sa\u00fade. At\u00e9 o momento, mais de 160 mil pessoas j\u00e1 se cadastraram no Munic\u00edpio e passaram a integrar o banco nacional de dados.  <\/p>\n<p>O coordenador local do Cadsus, Paulo Ernesto Ferreira de Pinho, explica que o cadastramento facilita a vida dos usu\u00e1rios, proporcionando agilidade no atendimento e na marca\u00e7\u00e3o de consultas com menor burocracia. Para fazer o Cart\u00e3o SUS os cidad\u00e3os precisam apenas o apresentar um documento de identidade e comprovante de resid\u00eancia. A Carteira Nacional de Habilita\u00e7\u00e3o n\u00e3o serve para a inscri\u00e7\u00e3o, pois n\u00e3o possui dados necess\u00e1rios ao cadastramento.<\/p>\n<p>A pessoa maior de 18 anos, que mora com os pais e n\u00e3o possui nenhum comprovante de resid\u00eancia em seu nome, deve dirigir-se a uma unidade b\u00e1sica de sa\u00fade e procurar um agente comunit\u00e1rio de sa\u00fade para preencher a declara\u00e7\u00e3o de endere\u00e7o. O cadastramento pode ser feito de segunda a sexta-feira, entre 7 \u00e0s 13 horas, na Central de Regula\u00e7\u00e3o da Secretaria de Sa\u00fade, \u00e0 Rua Bar\u00e3o do Rio Branco, centro. O atendimento \u00e9 r\u00e1pido e gratuito.<\/p>\n<p>Benef\u00edcios<\/p>\n<p>O Cart\u00e3o Nacional de Sa\u00fade tamb\u00e9m possibilita que o m\u00e9dico tenha acesso ao hist\u00f3rico de consultas, cirurgias, exames e interna\u00e7\u00f5es do usu\u00e1rio em qualquer lugar do Pa\u00eds. \u201cEsse diagn\u00f3stico pode facilitar, por exemplo, a vida de um paciente de Itabuna que esteja em outro estado e necessite de atendimento de urg\u00eancia ou emerg\u00eancia\u201d, afirma Paulo Ernesto Pinho.<\/p>\n<p>O coordenador do Cadsus afirma que, al\u00e9m desse benef\u00edcio, o cadastramento facilita a\u00e7\u00f5es governamentais em caso de endemias e outros agravos, pois os governos municipal, estadual e federal v\u00e3o saber com precis\u00e3o quantas pessoas tenham sido afetadas. Ele chama aten\u00e7\u00e3o das pessoas para o fato de que o cart\u00e3o \u00e9 um \u00e9 um documento e o usu\u00e1rio precisa ter cuidados para n\u00e3o perd\u00ea-lo ou danific\u00e1-lo.<\/p>\n<p>Paulo Ernesto conta que muita gente vai marcar consultas e exame na rede de atendimento esquece o cart\u00e3o em casa e por isso solicita a 2\u00aa via, o que n\u00e3o deve ser feito de forma alguma. O pedido s\u00f3 deve ocorrer em caso de perda ou extravio do documento, pois a emiss\u00e3o gera custos desnecess\u00e1rios para o munic\u00edpio. A meta da Secretaria de Sa\u00fade de Itabuna \u00e9 cadastrar todos os moradores do munic\u00edpio at\u00e9 o in\u00edcio do pr\u00f3ximo ano.<\/p>\n<p><strong>Prefeitura paga sal\u00e1rios de mar\u00e7o de parte dos servidores<\/strong><\/p>\n<p>A secretaria municipal da Fazenda depositou desde ontem, 26, nas contas de parte dos servidores da Prefeitura de Itabuna o pagamento de mar\u00e7o. Com valor global de R$ 3.203.538,79 est\u00e3o sendo quitados sal\u00e1rios do pessoal da Administra\u00e7\u00e3o, Assist\u00eancia Social, Manuten\u00e7\u00e3o e Desenvolvimento do Ensino e Fundeb 40 \u2013 merendeiras, auxiliares de servi\u00e7os gerais, etc. da Secretaria da Educa\u00e7\u00e3o. Tamb\u00e9m uma parcela do acordo entre Prefeitura e o sindicato dos professores relativo aos sal\u00e1rios de dezembro em atraso.<\/p>\n<p>A secretaria da Sa\u00fade trabalha para pagamento dos sal\u00e1rios dos profissionais e t\u00e9cnicos at\u00e9 amanh\u00e3. J\u00e1 os professores ser\u00e3o pagos t\u00e3o logo haja ingresso de recursos Fundo de Manuten\u00e7\u00e3o e Desenvolvimento da Educa\u00e7\u00e3o B\u00e1sica e de Valoriza\u00e7\u00e3o dos Profissionais da Educa\u00e7\u00e3o (Fundeb). <\/p>\n<p><strong>Quinta-Feira Santa ser\u00e1 ponto facultativo em Itabuna<\/strong><\/p>\n<p>O prefeito de Itabuna, Claudevane Leite, assinou Decreto n\u00b0 10.362\/2013 determinando ponto facultativo nas reparti\u00e7\u00f5es p\u00fablicas da administra\u00e7\u00e3o direta, fundacional e aut\u00e1rquica amanh\u00e3, dia 28. Apenas os servi\u00e7os essenciais continuar\u00e3o sendo prestados, a exemplo da coleta de lixo que ser\u00e1 normal na quinta e no s\u00e1bado. Na Sexta-Feira Santa n\u00e3o haver\u00e1 coleta nos bairros, ficando restrita \u00e0s feiras livres. No domingo, a coleta ser\u00e1 dirigida \u00e0s feiras e \u00e0s principais art\u00e9rias do centro da cidade. <\/p>\n<p><strong>Prefeitura conclui limpeza de terreno no Fonseca<\/strong><\/p>\n<p>A Secretaria de Desenvolvimento Urbano \u2013 Sedur finalizou servi\u00e7os de limpeza no terreno da unidade Funda\u00e7\u00e3o Marimbeta, no bairro Fonseca, ao lado do Sitio II, que estava servindo de dep\u00f3sito de lixo, o que ocasionava mau cheiro e contribu\u00eda para a prolifera\u00e7\u00e3o de focos do mosquito Aedes aegypt. No local a prefeitura projeta a constru\u00e7\u00e3o de uma pra\u00e7a de esportes para beneficiar a popula\u00e7\u00e3o do bairro.<\/p>\n<p>            O secret\u00e1rio Marcos Monteiro, informou que a obras ser\u00e1 viabilizada a partir da capta\u00e7\u00e3o de recursos por meio de conv\u00eanio com o Governo Federal. \u201cTodos os esfor\u00e7os est\u00e3o sendo feitos para levar \u00e0 comunidade do bairro Fonseca rede de \u00e1gua e esgoto, meio-fio e pavimenta\u00e7\u00e3o asf\u00e1ltica, dentro do compromisso do prefeito Claudevane Leite em atender a popula\u00e7\u00e3o menos assistida\u201d, explicou.<\/p>\n<p>Para Almerinda Silva, o bairro Fonseca era esquecido pelo poder p\u00fablico, mas atualmente muitos servi\u00e7os est\u00e3o sendo feitos. \u201cEm t\u00e3o pouco tempo essa administra\u00e7\u00e3o j\u00e1 fez tanta coisa!\u201d, comemora a moradora. J\u00e1 o comerci\u00e1rio \u00c9lson Dias disse que n\u00e3o esperava a\u00e7\u00f5es de forma eficiente e imediata. \u201cAchava que n\u00f3s ter\u00edamos uma aten\u00e7\u00e3o desse novo governo sim, mas somente ano que vem, pois sempre fomos esquecidos. Descobri que estava enganado. A prefeitura est\u00e1 de parab\u00e9ns\u201d, disse \u00c9lson.<\/p>\n<p>Desde janeiro que a Sedur vem executando servi\u00e7os de patrolamento, encascahamento dos principais bairros da cidade, incluindo a melhoria dos corredores de \u00f4nibus e ruas transversais, al\u00e9m de servi\u00e7os de limpeza, com o recolhimento de lixo e entulhos em mutir\u00f5es de combate a dengue. At\u00e9 agora foram beneficiados os bairros Pedro Jer\u00f4nimo, Ja\u00e7an\u00e3, Jorge Amado e Nova Itabuna, al\u00e9m do Nova Calif\u00f3rnia e Daniel Gomes onde foram realizados mutir\u00f5es. <\/p>\n<p><strong>Nota de Esclarecimento sobre as Sele\u00e7\u00f5es Simplificadas na Secretarias de Sa\u00fade e da Assist\u00eancia Social<\/strong><\/p>\n<p>A Prefeitura Municipal de Itabuna informa aos inscritos na sele\u00e7\u00e3o p\u00fablica simplificada para contrata\u00e7\u00e3o tempor\u00e1ria nas secretarias de Sa\u00fade e da Assist\u00eancia Social que, em cumprimento a decis\u00e3o judicial exarada pelo Excelent\u00edssimo Juiz de Direito Ulysses Maynard Salgado, da 1\u00aa Vara da Fazenda P\u00fablica, e procurando observar orienta\u00e7\u00f5es do Minist\u00e9rio P\u00fablico Estadual, publicou no Di\u00e1rio Oficial do Munic\u00edpio (www.itabuna.ba.io.org.br\/diarioOficial) e na sua p\u00e1gina na internet (www.itabuna.ba.gov.br) retifica\u00e7\u00f5es ao edital 002\/2013, incluindo vagas para portadores de necessidades especiais e alterando os crit\u00e9rios de classifica\u00e7\u00e3o referentes \u00e0 primeira etapa da sele\u00e7\u00e3o (avalia\u00e7\u00e3o curricular).<\/p>\n<p>De acordo com a retifica\u00e7\u00e3o publicada no Di\u00e1rio Oficial de ter\u00e7a-feira (26) as inscri\u00e7\u00f5es para as vagas exclusivas de pessoas portadoras de necessidades especiais poder\u00e3o ser feitas nos dias 4 e 5 de abril, das 8 \u00e0s 14 horas, no pr\u00e9dio da Prefeitura de Itabuna, \u00e0 avenida Princesa Isabel. No mesmo per\u00edodo e local, a Comiss\u00e3o Especial do Processo Seletivo receber\u00e1 a documenta\u00e7\u00e3o complementar dos demais inscritos, como certificados, diplomas e t\u00edtulos, para efeitos de avalia\u00e7\u00e3o curricular (barema).<\/p>\n<p>Por fim, a Prefeitura esclarece ainda que definiu pela realiza\u00e7\u00e3o de sele\u00e7\u00f5es simplificadas em raz\u00e3o da necessidade emergencial de contrata\u00e7\u00f5es para o funcionamento das \u00e1reas da Sa\u00fade, Educa\u00e7\u00e3o e Assist\u00eancia Social. Neste sentido, o prefeito Claudevane Leite determinou \u00e0s secretarias mencionadas a agiliza\u00e7\u00e3o do processo, facilitando ao m\u00e1ximo o acesso dos interessados na sele\u00e7\u00e3o, buscando garantir que os servi\u00e7os p\u00fablicos sejam mantidos e melhorados, atendendo ao direito da popula\u00e7\u00e3o de Itabuna.<\/p>\n<p>__________________________<\/p>\n<p>Prefeitura Municipal de Itabuna<br \/>\nDepartamento de Comunica\u00e7\u00e3o Social<br \/>\nFotos: Wilson Oliveira e Ricardo Mascarenhas.<\/p>\n","protected":false},"excerpt":{"rendered":"<p>Vigil\u00e2ncia interdita criadouro de porcos e fiscaliza produtos da Semana Santa P\u00e1scoa Solid\u00e1ria beneficia alunos da Funda\u00e7\u00e3o Marimbeta Prefeitura de Itabuna distribuir\u00e1 peixe a fam\u00edlias carentes amanh\u00e3 Vigil\u00e2ncia interdita criadouro de porcos e fiscaliza produtos da Semana Santa Prefeitura alerta para a necessidade do Cart\u00e3o SUS Prefeitura paga sal\u00e1rios de mar\u00e7o de parte dos servidores [&hellip;]<\/p>\n","protected":false},"author":2,"featured_media":0,"comment_status":"open","ping_status":"open","sticky":false,"template":"","format":"standard","meta":{"_links_to":"","_links_to_target":""},"categories":[15],"tags":[],"_links":{"self":[{"href":"https:\/\/www.r2cpress.com.br\/v1\/wp-json\/wp\/v2\/posts\/61821"}],"collection":[{"href":"https:\/\/www.r2cpress.com.br\/v1\/wp-json\/wp\/v2\/posts"}],"about":[{"href":"https:\/\/www.r2cpress.com.br\/v1\/wp-json\/wp\/v2\/types\/post"}],"author":[{"embeddable":true,"href":"https:\/\/www.r2cpress.com.br\/v1\/wp-json\/wp\/v2\/users\/2"}],"replies":[{"embeddable":true,"href":"https:\/\/www.r2cpress.com.br\/v1\/wp-json\/wp\/v2\/comments?post=61821"}],"version-history":[{"count":5,"href":"https:\/\/www.r2cpress.com.br\/v1\/wp-json\/wp\/v2\/posts\/61821\/revisions"}],"predecessor-version":[{"id":61827,"href":"https:\/\/www.r2cpress.com.br\/v1\/wp-json\/wp\/v2\/posts\/61821\/revisions\/61827"}],"wp:attachment":[{"href":"https:\/\/www.r2cpress.com.br\/v1\/wp-json\/wp\/v2\/media?parent=61821"}],"wp:term":[{"taxonomy":"category","embeddable":true,"href":"https:\/\/www.r2cpress.com.br\/v1\/wp-json\/wp\/v2\/categories?post=61821"},{"taxonomy":"post_tag","embeddable":true,"href":"https:\/\/www.r2cpress.com.br\/v1\/wp-json\/wp\/v2\/tags?post=61821"}],"curies":[{"name":"wp","href":"https:\/\/api.w.org\/{rel}","templated":true}]}}