{"id":6189,"date":"2011-01-10T08:02:25","date_gmt":"2011-01-10T11:02:25","guid":{"rendered":"http:\/\/www.r2cpress.com.br\/v1\/?p=6189"},"modified":"2011-01-10T08:02:25","modified_gmt":"2011-01-10T11:02:25","slug":"a-estreia-do-1%c2%ba-festival-de-cinema-baiano-neste-domingo-foi-um-sucesso","status":"publish","type":"post","link":"https:\/\/www.r2cpress.com.br\/v1\/2011\/01\/10\/a-estreia-do-1%c2%ba-festival-de-cinema-baiano-neste-domingo-foi-um-sucesso\/","title":{"rendered":"A estreia do 1\u00ba Festival de Cinema Baiano, neste domingo, foi um sucesso!"},"content":{"rendered":"<p>          Com o Teatro Municipal de Ilh\u00e9us cheio, o Festival foi aberto por uma mesa composta por Pawlo Cidade, representante da Funda\u00e7\u00e3o Cultural de Ilh\u00e9us, Samuel Mattos, diretor do Departamento de Letras e Artes da UESC e Edgard Navarro, cineasta. Depois, foi exibido o filme &#8220;Batatinha, poeta do samba&#8221;, seguido de um bate papo com o diretor Marcelo Rabelo, que instigou o p\u00fablico a um papo sobre cinema e m\u00fasica popular.<\/p>\n<p>         Hoje, pela manh\u00e3, se iniciam as oficinas gratuitas de produ\u00e7\u00e3o, roteiro e dire\u00e7\u00e3o de arte.  \u00c0 tarde, a partir das 14 horas, na Funda\u00e7\u00e3o Cultural de Ilh\u00e9us, o p\u00fablico vai assistir, gratuitamente, a Mostra Paralela de Produ\u00e7\u00f5es Independentes e a Mostra Sexualidade, que vai exibir o filme &#8220;Bombadeira&#8221;, Luis Alencar seguido de bate papo sobre sexualidade, cinema e sociedade.<\/p>\n<p>        \u00c1s 18:30h, ser\u00e1 exibido o hist\u00f3rico &#8220;Superoutro&#8221;, de Edgard Navarro, no Cine Santa Clara e, \u00e0s 20:30h, &#8220;Cantador de Chula&#8221;, de Marcelo Rabelo, no Teatro Municipal de Ilh\u00e9us. Os cineastas estar\u00e3o presente para participar de um bate papo com o p\u00fablico ap\u00f3s a exibi\u00e7\u00e3o dos filmes. Para cada uma destas sess\u00f5es, a entrada custa apenas R$ 5,00. Acesse: www.feciba.com.br<\/p>\n<p><strong>Sinopse &#8220;Cantador de Chula&#8221;:<\/strong> O document\u00e1rio tem o objetivo de preservar, registrar e manter viva a mem\u00f3ria do samba chula, uma tradi\u00e7\u00e3o cantada brasileira que corre s\u00e9rios riscos de desaparecimento na sua vertente mais tradicional.<\/p>\n<p><strong>Sinopse &#8220;Superoutro&#8221;:<\/strong> O filme tem como cen\u00e1rio as ruas da Cidade de Salvador e como personagem central a figura tragic\u00f4mica de um louco de rua, anti-her\u00f3i contempor\u00e2neo que atrav\u00e9s de sua imagina\u00e7\u00e3o ca\u00f3tica e alucinada tenta libertar-se da mis\u00e9ria que o assedia.<\/p>\n<p>&#8212;<br \/>\nTacila Mendes<\/p>\n","protected":false},"excerpt":{"rendered":"<p>Com o Teatro Municipal de Ilh\u00e9us cheio, o Festival foi aberto por uma mesa composta por Pawlo Cidade, representante da Funda\u00e7\u00e3o Cultural de Ilh\u00e9us, Samuel Mattos, diretor do Departamento de Letras e Artes da UESC e Edgard Navarro, cineasta. Depois, foi exibido o filme &#8220;Batatinha, poeta do samba&#8221;, seguido de um bate papo com o [&hellip;]<\/p>\n","protected":false},"author":2,"featured_media":0,"comment_status":"open","ping_status":"open","sticky":false,"template":"","format":"standard","meta":{"_links_to":"","_links_to_target":""},"categories":[5],"tags":[],"_links":{"self":[{"href":"https:\/\/www.r2cpress.com.br\/v1\/wp-json\/wp\/v2\/posts\/6189"}],"collection":[{"href":"https:\/\/www.r2cpress.com.br\/v1\/wp-json\/wp\/v2\/posts"}],"about":[{"href":"https:\/\/www.r2cpress.com.br\/v1\/wp-json\/wp\/v2\/types\/post"}],"author":[{"embeddable":true,"href":"https:\/\/www.r2cpress.com.br\/v1\/wp-json\/wp\/v2\/users\/2"}],"replies":[{"embeddable":true,"href":"https:\/\/www.r2cpress.com.br\/v1\/wp-json\/wp\/v2\/comments?post=6189"}],"version-history":[{"count":4,"href":"https:\/\/www.r2cpress.com.br\/v1\/wp-json\/wp\/v2\/posts\/6189\/revisions"}],"predecessor-version":[{"id":6193,"href":"https:\/\/www.r2cpress.com.br\/v1\/wp-json\/wp\/v2\/posts\/6189\/revisions\/6193"}],"wp:attachment":[{"href":"https:\/\/www.r2cpress.com.br\/v1\/wp-json\/wp\/v2\/media?parent=6189"}],"wp:term":[{"taxonomy":"category","embeddable":true,"href":"https:\/\/www.r2cpress.com.br\/v1\/wp-json\/wp\/v2\/categories?post=6189"},{"taxonomy":"post_tag","embeddable":true,"href":"https:\/\/www.r2cpress.com.br\/v1\/wp-json\/wp\/v2\/tags?post=6189"}],"curies":[{"name":"wp","href":"https:\/\/api.w.org\/{rel}","templated":true}]}}