{"id":62041,"date":"2013-03-29T21:09:18","date_gmt":"2013-03-30T00:09:18","guid":{"rendered":"http:\/\/www.r2cpress.com.br\/v1\/?p=62041"},"modified":"2013-03-29T21:09:18","modified_gmt":"2013-03-30T00:09:18","slug":"aleluia-ilheus-festival-oferece-40-estandes-e-quatro-palcos","status":"publish","type":"post","link":"https:\/\/www.r2cpress.com.br\/v1\/2013\/03\/29\/aleluia-ilheus-festival-oferece-40-estandes-e-quatro-palcos\/","title":{"rendered":"Aleluia Ilh\u00e9us Festival oferece 40 estandes e quatro palcos"},"content":{"rendered":"<p><span>Iniciado ontem, 28, \u00e0 noite, com grande participa\u00e7\u00e3o popular, o Aleluia Ilh\u00e9us Festival, evento experimental no feriad\u00e3o da Semana Santa, oferece ao p\u00fablico 40 estandes e quatro palcos distribu\u00eddos na avenida Soares Lopes, no trecho compreendido entre as pra\u00e7as Dom Eduardo e Rui Barbosa. No palco principal s\u00e3o apresentados os grandes shows, no palco do Circo do Teatro Popular acontecem pe\u00e7as e performances teatrais, al\u00e9m de dois alternativos, onde se apresentam artistas locais com shows musicais e de dan\u00e7a de rua. <\/span><\/p>\n<div id=\"attachment_62042\" style=\"width: 560px\" class=\"wp-caption aligncenter\"><a href=\"http:\/\/www.r2cpress.com.br\/v1\/wp-content\/uploads\/Aleluia-Ilh\u00e9us-Festival-Foto-Gidelzo-Silva-Secom-Ilheus-70.jpg\"><img aria-describedby=\"caption-attachment-62042\" loading=\"lazy\" class=\"size-full wp-image-62042\" alt=\"Aleluia Ilh\u00e9us Festival - Foto Gidelzo Silva - Secom Ilheus (70)\" src=\"http:\/\/www.r2cpress.com.br\/v1\/wp-content\/uploads\/Aleluia-Ilh\u00e9us-Festival-Foto-Gidelzo-Silva-Secom-Ilheus-70.jpg\" width=\"550\" height=\"214\" srcset=\"https:\/\/www.r2cpress.com.br\/v1\/wp-content\/uploads\/Aleluia-Ilh\u00e9us-Festival-Foto-Gidelzo-Silva-Secom-Ilheus-70.jpg 550w, https:\/\/www.r2cpress.com.br\/v1\/wp-content\/uploads\/Aleluia-Ilh\u00e9us-Festival-Foto-Gidelzo-Silva-Secom-Ilheus-70-300x116.jpg 300w\" sizes=\"(max-width: 550px) 100vw, 550px\" \/><\/a><p id=\"caption-attachment-62042\" class=\"wp-caption-text\">Aleluia Ilh\u00e9us Festival &#8211; Foto Gidelzo Silva &#8211; Secom Ilheus (70)<\/p><\/div>\n<p><span>Na primeira noite do evento, milhares de pessoas, entre nativos e turistas, visitaram o Aleluia Ilh\u00e9us Festival, sendo evidente a grande quantidade de fam\u00edlias que escolheram a cidade para curtir o feriado prolongado da Semana Santa. Os estandes disponibilizam op\u00e7\u00f5es de servi\u00e7os e informa\u00e7\u00f5es institucionais, totalmente abertos ao p\u00fablico. <\/span><\/p>\n<p><span>A infraestrutura da festa inclui tamb\u00e9m uma pra\u00e7a gastron\u00f4mica com sete estabelecimentos, al\u00e9m daqueles que funcionam permanentemente na \u00e1rea, 50 banheiros qu\u00edmicos, 60 ambulantes cadastrados com servi\u00e7os de alimentos e bebidas, uma pequena arquibancada em frente ao palco principal destinada exclusivamente a pessoas idosas, brinquedos infantis e um servi\u00e7o de seguran\u00e7a integrado pelas pol\u00edcias civil e militar, guarda municipal, agentes de tr\u00e2nsito, seguran\u00e7a privada e v\u00eddeo-monitoramento.<\/span><\/p>\n<p><!--more--><\/p>\n<p><span><b>Estandes<\/b> \u2013 Entre os expositores do Aleluia Ilh\u00e9us Festival est\u00e3o as secretarias municipal e estadual de Turismo, a Associa\u00e7\u00e3o de Turismo de Ilh\u00e9us (Atil) juntamente com o Convention Bureau Costa do Cacau, o espa\u00e7o Tela da Gente com a participa\u00e7\u00e3o dos artistas pl\u00e1sticos Jane Hilda Badar\u00f3, Goca Moreno, Herbert Gwimma, Gild\u00e1sio Rodrigues e M\u00e1rcia Menezes, e mais a Bahiag\u00e1s, Unimed, Nutricau (polpas de frutas), Associa\u00e7\u00e3o de Apicultores Ambientalistas de Ilh\u00e9us (AAAI), Gr\u00e3o Mix (frutas secas), Instituto Nossa Ilh\u00e9us, Nahoo Pesca Esportiva e Passeio N\u00e1utico e Instituto Cabruca. <\/span><\/p>\n<p><span>Al\u00e9m desses, podem ser visitados os estandes da Ceplac, de produtos artesanais da Associa\u00e7\u00e3o de Moradores e Agricultores do Rio de Engenho e Adjac\u00eancias, da Bahiapesca e CAR (Companhia de A\u00e7\u00e3o e Desenvolvimento Regional), da EBDA (Empresa Baiana de Desenvolvimento Agr\u00edcola), da Cultura Popular, Literarte, Cores da Terra Cer\u00e2mica e Ferro, Chocoreis, Da Mata Bahia (polpas, geleias e sucos), Camacan Design em Madeira, Chocolates Finos Itacar\u00e9, Bahia Cacau, Sebrae, Fazenda Sagarana Chocolate Gourmet, Cooperativa Agroindustrial de Cacau e Chocolate, Chocolate Caseiro Ilh\u00e9us e um grande estande da Feira de Economia Criativa, entre outros servi\u00e7os. <\/span><\/p>\n<p><span>\u00a0<\/span><\/p>\n<p><span><b>Secretaria de Comunica\u00e7\u00e3o Social (Secom)<\/b><\/span><\/p>\n<p><span><b>Ilh\u00e9us \u2013 29.03.2013 <\/b><\/span><\/p>\n","protected":false},"excerpt":{"rendered":"<p>Iniciado ontem, 28, \u00e0 noite, com grande participa\u00e7\u00e3o popular, o Aleluia Ilh\u00e9us Festival, evento experimental no feriad\u00e3o da Semana Santa, oferece ao p\u00fablico 40 estandes e quatro palcos distribu\u00eddos na avenida Soares Lopes, no trecho compreendido entre as pra\u00e7as Dom Eduardo e Rui Barbosa. No palco principal s\u00e3o apresentados os grandes shows, no palco do [&hellip;]<\/p>\n","protected":false},"author":2,"featured_media":0,"comment_status":"open","ping_status":"open","sticky":false,"template":"","format":"standard","meta":{"_links_to":"","_links_to_target":""},"categories":[23],"tags":[],"_links":{"self":[{"href":"https:\/\/www.r2cpress.com.br\/v1\/wp-json\/wp\/v2\/posts\/62041"}],"collection":[{"href":"https:\/\/www.r2cpress.com.br\/v1\/wp-json\/wp\/v2\/posts"}],"about":[{"href":"https:\/\/www.r2cpress.com.br\/v1\/wp-json\/wp\/v2\/types\/post"}],"author":[{"embeddable":true,"href":"https:\/\/www.r2cpress.com.br\/v1\/wp-json\/wp\/v2\/users\/2"}],"replies":[{"embeddable":true,"href":"https:\/\/www.r2cpress.com.br\/v1\/wp-json\/wp\/v2\/comments?post=62041"}],"version-history":[{"count":3,"href":"https:\/\/www.r2cpress.com.br\/v1\/wp-json\/wp\/v2\/posts\/62041\/revisions"}],"predecessor-version":[{"id":62045,"href":"https:\/\/www.r2cpress.com.br\/v1\/wp-json\/wp\/v2\/posts\/62041\/revisions\/62045"}],"wp:attachment":[{"href":"https:\/\/www.r2cpress.com.br\/v1\/wp-json\/wp\/v2\/media?parent=62041"}],"wp:term":[{"taxonomy":"category","embeddable":true,"href":"https:\/\/www.r2cpress.com.br\/v1\/wp-json\/wp\/v2\/categories?post=62041"},{"taxonomy":"post_tag","embeddable":true,"href":"https:\/\/www.r2cpress.com.br\/v1\/wp-json\/wp\/v2\/tags?post=62041"}],"curies":[{"name":"wp","href":"https:\/\/api.w.org\/{rel}","templated":true}]}}