{"id":62136,"date":"2013-04-01T11:31:31","date_gmt":"2013-04-01T14:31:31","guid":{"rendered":"http:\/\/www.r2cpress.com.br\/v1\/?p=62136"},"modified":"2013-04-01T11:31:31","modified_gmt":"2013-04-01T14:31:31","slug":"inscricoes-abertas-para-o-curso-de-fotografia-para-iniciantes-2","status":"publish","type":"post","link":"https:\/\/www.r2cpress.com.br\/v1\/2013\/04\/01\/inscricoes-abertas-para-o-curso-de-fotografia-para-iniciantes-2\/","title":{"rendered":"Inscri\u00e7\u00f5es abertas para o Curso de Fotografia para iniciantes"},"content":{"rendered":"<p>Inscri\u00e7\u00f5es abertas para o curso de fotografia para iniciantes, ministrado pela comunic\u00f3loga e especialista em Audiovisual pela UESC, Tacila Mendes. O curso completa neste m\u00eas dois anos de exist\u00eancia e, pioneiro na regi\u00e3o, j\u00e1 iniciou mais de 200 pessoas no mundo da fotografia.<br \/>\n<center><a href=\"http:\/\/www.r2cpress.com.br\/v1\/wp-content\/uploads\/DSC_0200-C\u00f3pia.jpg\"><img loading=\"lazy\" src=\"http:\/\/www.r2cpress.com.br\/v1\/wp-content\/uploads\/DSC_0200-C\u00f3pia.jpg\" alt=\"DSC_0200 - C\u00f3pia\" width=\"500\" height=\"332\" class=\"aligncenter size-full wp-image-62137\" srcset=\"https:\/\/www.r2cpress.com.br\/v1\/wp-content\/uploads\/DSC_0200-C\u00f3pia.jpg 500w, https:\/\/www.r2cpress.com.br\/v1\/wp-content\/uploads\/DSC_0200-C\u00f3pia-300x199.jpg 300w\" sizes=\"(max-width: 500px) 100vw, 500px\" \/><\/a><\/center><br \/>\nO conte\u00fado \u00e9 direcionado para quem nunca teve uma inicia\u00e7\u00e3o na \u00e1rea e est\u00e1 em busca de um olhar mais apurado. O participante, al\u00e9m de fazer fotos mais bonitas,  se tornar\u00e1 apto a explorar mais os recursos de sua c\u00e2mera compacta em apenas tr\u00eas dias. <\/p>\n<p>As aulas acontecer\u00e3o nos dias 11 e 12 de abril (das 19h00 \u00e0s 21h30) e dia 13 (manh\u00e3), na Escola de Avia\u00e7\u00e3o de Ilh\u00e9us (ao lado do Aeroporto, no Pontal). O investimento \u00e9 de R$ 65,00.<\/p>\n<p>O conte\u00fado do curso \u00e9 abrange: O que \u00e9 fotografia?;  Breve hist\u00f3ria da fotografia; Conhecendo sua c\u00e2mera (elementos e recursos);  Est\u00e9tica da fotografia \u2013 Regras de composi\u00e7\u00e3o;  \u00c2ngulos; Auto-retrato; Erros a serem evitados;  Modos de opera\u00e7\u00e3o da c\u00e2mera;  Explorando os recursos da c\u00e2mera (como funcionam os pr\u00e9-programas e o modo Manual);  Quando usar o flash;  As \u201choras m\u00e1gicas\u201d \u2013 melhores luzes do dia;  Pontos de foco;  Treinamento do olhar fotogr\u00e1fico;  Aulas pr\u00e1tica para treinamento do olhar fotogr\u00e1fico;  An\u00e1lise e avalia\u00e7\u00e3o das fotos produzidas.<\/p>\n<p>Os participantes recebem apostila em CD e certificado. \u00c9 necess\u00e1rio que o aluno leve sua c\u00e2mera e cabo de transmiss\u00e3o de dados. Para mais informa\u00e7\u00f5es, acesse o site: www.maonamaquina.com<\/p>\n<p>&#8212;<br \/>\nAtt,<br \/>\nAscom <\/p>\n","protected":false},"excerpt":{"rendered":"<p>Inscri\u00e7\u00f5es abertas para o curso de fotografia para iniciantes, ministrado pela comunic\u00f3loga e especialista em Audiovisual pela UESC, Tacila Mendes. O curso completa neste m\u00eas dois anos de exist\u00eancia e, pioneiro na regi\u00e3o, j\u00e1 iniciou mais de 200 pessoas no mundo da fotografia. O conte\u00fado \u00e9 direcionado para quem nunca teve uma inicia\u00e7\u00e3o na \u00e1rea [&hellip;]<\/p>\n","protected":false},"author":2,"featured_media":0,"comment_status":"open","ping_status":"open","sticky":false,"template":"","format":"standard","meta":{"_links_to":"","_links_to_target":""},"categories":[28],"tags":[],"_links":{"self":[{"href":"https:\/\/www.r2cpress.com.br\/v1\/wp-json\/wp\/v2\/posts\/62136"}],"collection":[{"href":"https:\/\/www.r2cpress.com.br\/v1\/wp-json\/wp\/v2\/posts"}],"about":[{"href":"https:\/\/www.r2cpress.com.br\/v1\/wp-json\/wp\/v2\/types\/post"}],"author":[{"embeddable":true,"href":"https:\/\/www.r2cpress.com.br\/v1\/wp-json\/wp\/v2\/users\/2"}],"replies":[{"embeddable":true,"href":"https:\/\/www.r2cpress.com.br\/v1\/wp-json\/wp\/v2\/comments?post=62136"}],"version-history":[{"count":2,"href":"https:\/\/www.r2cpress.com.br\/v1\/wp-json\/wp\/v2\/posts\/62136\/revisions"}],"predecessor-version":[{"id":62139,"href":"https:\/\/www.r2cpress.com.br\/v1\/wp-json\/wp\/v2\/posts\/62136\/revisions\/62139"}],"wp:attachment":[{"href":"https:\/\/www.r2cpress.com.br\/v1\/wp-json\/wp\/v2\/media?parent=62136"}],"wp:term":[{"taxonomy":"category","embeddable":true,"href":"https:\/\/www.r2cpress.com.br\/v1\/wp-json\/wp\/v2\/categories?post=62136"},{"taxonomy":"post_tag","embeddable":true,"href":"https:\/\/www.r2cpress.com.br\/v1\/wp-json\/wp\/v2\/tags?post=62136"}],"curies":[{"name":"wp","href":"https:\/\/api.w.org\/{rel}","templated":true}]}}