{"id":62140,"date":"2013-04-01T11:32:23","date_gmt":"2013-04-01T14:32:23","guid":{"rendered":"http:\/\/www.r2cpress.com.br\/v1\/?p=62140"},"modified":"2013-04-01T11:32:58","modified_gmt":"2013-04-01T14:32:58","slug":"bahia-pesca-e-car-unem-esforcos-em-prol-de-pescadores-e-marisqueiras","status":"publish","type":"post","link":"https:\/\/www.r2cpress.com.br\/v1\/2013\/04\/01\/bahia-pesca-e-car-unem-esforcos-em-prol-de-pescadores-e-marisqueiras\/","title":{"rendered":"Bahia Pesca e CAR unem esfor\u00e7os em prol de pescadores e marisqueiras"},"content":{"rendered":"<p>Mais de 600 canoas de fibra de vidro ser\u00e3o entregues aos pescadores e marisqueiras em todo o territ\u00f3rio baiano ainda este ano. O an\u00fancio, feito pelo presidente da Bahia Pesca, C\u00e1ssio Peixoto, \u00e9 fruto de uma parceria entre a empresa vinculada \u00e0 Secretaria da Agricultura e a Companhia de Desenvolvimento e A\u00e7\u00e3o Regional (CAR), institui\u00e7\u00e3o ligada \u00e0 Secretaria de Desenvolvimento e Integra\u00e7\u00e3o Regional (Sedir) e marca o in\u00edcio do Projeto Renovar no Estado.<\/p>\n<p>As duas empresas trabalhar\u00e3o juntas para beneficiar, inicialmente, 1800 pescadores e marisqueiras j\u00e1 que cada embarca\u00e7\u00e3o atender\u00e1 \u00e0s demandas de tr\u00eas deles. Os barcos, constru\u00eddos em fibra de vidro possuem 7,60 metros de comprimento e ser\u00e3o respons\u00e1veis pela renova\u00e7\u00e3o da frota de canoas da Bahia. \u201cEste \u00e9 o primeiro passo para um grande avan\u00e7o da pesca artesanal em territ\u00f3rio baiano. A partir de agora a atividade ser\u00e1 desenvolvida com sustentabilidade e responsabilidade ambiental\u201d, entatizou Peixoto, ao fazer a entrega da primeira canoa para a Associa\u00e7\u00e3o de Pescadores e Marisqueiras do S\u00e3o Miguel, em Ilh\u00e9us, dando in\u00edcio ao Projeto Renovar na Bahia.<\/p>\n<p>\u201cUm barquinho como esse pode parecer pouca coisa, mas para quem vive de pescar e mariscar faz muita diferen\u00e7a. Por isso agradecemos a todos da Bahia Pesca por olhar por n\u00f3s e entender nossas necessidades\u201d, disse a Presidente da Associa\u00e7\u00e3o do S\u00e3o Miguel, Dulcin\u00e9ia Santos, agradecendo ainda a participa\u00e7\u00e3o do deputado federal M\u00e1rio Negromonte, do deputado estadual Negromonte J\u00fanior e do prefeito de Ilh\u00e9us, Jabes Ribeiro, al\u00e9m de diversas autoridades locais que estiveram presentes no lan\u00e7amento do Projeto Renovar durante o Festival Aleluia.<\/p>\n<p>&#8212;<br \/>\nAscom\/Bahia Pesca <\/p>\n","protected":false},"excerpt":{"rendered":"<p>Mais de 600 canoas de fibra de vidro ser\u00e3o entregues aos pescadores e marisqueiras em todo o territ\u00f3rio baiano ainda este ano. O an\u00fancio, feito pelo presidente da Bahia Pesca, C\u00e1ssio Peixoto, \u00e9 fruto de uma parceria entre a empresa vinculada \u00e0 Secretaria da Agricultura e a Companhia de Desenvolvimento e A\u00e7\u00e3o Regional (CAR), institui\u00e7\u00e3o [&hellip;]<\/p>\n","protected":false},"author":2,"featured_media":0,"comment_status":"open","ping_status":"open","sticky":false,"template":"","format":"standard","meta":{"_links_to":"","_links_to_target":""},"categories":[29],"tags":[],"_links":{"self":[{"href":"https:\/\/www.r2cpress.com.br\/v1\/wp-json\/wp\/v2\/posts\/62140"}],"collection":[{"href":"https:\/\/www.r2cpress.com.br\/v1\/wp-json\/wp\/v2\/posts"}],"about":[{"href":"https:\/\/www.r2cpress.com.br\/v1\/wp-json\/wp\/v2\/types\/post"}],"author":[{"embeddable":true,"href":"https:\/\/www.r2cpress.com.br\/v1\/wp-json\/wp\/v2\/users\/2"}],"replies":[{"embeddable":true,"href":"https:\/\/www.r2cpress.com.br\/v1\/wp-json\/wp\/v2\/comments?post=62140"}],"version-history":[{"count":3,"href":"https:\/\/www.r2cpress.com.br\/v1\/wp-json\/wp\/v2\/posts\/62140\/revisions"}],"predecessor-version":[{"id":62143,"href":"https:\/\/www.r2cpress.com.br\/v1\/wp-json\/wp\/v2\/posts\/62140\/revisions\/62143"}],"wp:attachment":[{"href":"https:\/\/www.r2cpress.com.br\/v1\/wp-json\/wp\/v2\/media?parent=62140"}],"wp:term":[{"taxonomy":"category","embeddable":true,"href":"https:\/\/www.r2cpress.com.br\/v1\/wp-json\/wp\/v2\/categories?post=62140"},{"taxonomy":"post_tag","embeddable":true,"href":"https:\/\/www.r2cpress.com.br\/v1\/wp-json\/wp\/v2\/tags?post=62140"}],"curies":[{"name":"wp","href":"https:\/\/api.w.org\/{rel}","templated":true}]}}