{"id":62147,"date":"2013-04-01T11:35:58","date_gmt":"2013-04-01T14:35:58","guid":{"rendered":"http:\/\/www.r2cpress.com.br\/v1\/?p=62147"},"modified":"2013-04-01T11:35:58","modified_gmt":"2013-04-01T14:35:58","slug":"lava-pes-de-presidiarios-de-itabuna","status":"publish","type":"post","link":"https:\/\/www.r2cpress.com.br\/v1\/2013\/04\/01\/lava-pes-de-presidiarios-de-itabuna\/","title":{"rendered":"LAVA-P\u00c9S DE PRESIDI\u00c1RIOS DE ITABUNA"},"content":{"rendered":"<p>         Na quinta-feira santa \u2013 dia 28 de mar\u00e7o retro, 08 das doze pessoas que representavam os doze ap\u00f3stolos e tiveram os seus lavados pelo sacerdote da Par\u00f3quia Santa Rita de C\u00e1ssia, no bairro S\u00e3o Caetano em Itabuna, Frei Genilton, eram presidi\u00e1rios do Conjunto Penal de Itabuna. Na celebra\u00e7\u00e3o do lava-p\u00e9s, a Igreja, seguindo o exemplo de Jesus, quer se por a servi\u00e7o preferencial em favor dos pobres. Nesta mesma quinta feira santa passada, o Papa Francisco celebrou a Missa do Lava-P\u00e9s em um pres\u00eddio para adolescentes na cidade de Roma, sinalizando para toda a Igreja do mundo que a Igreja deve estar ao lado de todos que sofrem: inclusive os presos. Em Itabuna, neste m\u00eas de mar\u00e7o de 2013, o Conjunto Penal de Itabuna tem sido alvo de intensa preocupa\u00e7\u00e3o por parte de toda a sociedade, em face da opera\u00e7\u00e3o policial que est\u00e1 em curso para tentar conter a criminalidade, que, efetivamente tem rela\u00e7\u00e3o direta com a situa\u00e7\u00e3o de abandono e descaso do Estado da Bahia com o Conjunto Penal de Itabuna, o que propiciou o surgimento de fac\u00e7\u00f5es no sistema prisional local. Esta opera\u00e7\u00e3o policial tem sido acompanhada de perto pelas Igrejas Cat\u00f3licas e Batisa Esperan\u00e7a, pela OAB local e outras entidades da cidade de Itabuna, que j\u00e1 realizaram dois encontros com familiares de presos e a dire\u00e7\u00e3o do pres\u00eddio na Igreja Santa Rita de C\u00e1ssia e os representanrtes destas entidades tem visitado periodicamente o Pres\u00eddio neste per\u00edodo.<\/p>\n<p>         Somente na noite da P\u00e1scoa \u2013 31 de mar\u00e7o, na Missa das 19:00hs, o Frei Genilton informou \u00e0 comunidade acerca de tal fato. A op\u00e7\u00e3o em n\u00e3o divulgar tal fato foi uma op\u00e7\u00e3o constru\u00edda com as autoridades prisionais, para evitar atos de discrimina\u00e7\u00e3o e preconceito contras os detentos e para a seguran\u00e7a dos 08 detentos e da comunidade paroquial.<\/p>\n<p>         Esta atividade foi autorizada pela Ju\u00edza da Execu\u00e7\u00e3o Penal \u2013 Dra Antonia Faleiros e acompanhada por policiais \u00e0 paisana que estavam presentes a tudo acompanhando, em harmonia com a dire\u00e7\u00e3o do Pres\u00eddio. O desenrolar da cerimonia foi na mais completa normalidade e com participa\u00e7\u00e3o bastante atenta dos detentos, que adentraram na celebra\u00e7\u00e3o pela porta da frente, na prociss\u00e3o de entrada da Missa e ficaram postados no altar. Nada ocorreu desde a chegada dos detentos \u00e0 Igreja at\u00e9 o retorno ao Pres\u00eddio que fugisse da mais completa normalidade. A atividade foi coordenada pela Pastoral Carcer\u00e1ria local e pelo Conselho da Comunidade, tendo \u00e0 frente os coordenadores respectivos &#8211; Davi Pedreira e Ivone Montenengro e pelo Frei Genilton.<\/p>\n","protected":false},"excerpt":{"rendered":"<p>Na quinta-feira santa \u2013 dia 28 de mar\u00e7o retro, 08 das doze pessoas que representavam os doze ap\u00f3stolos e tiveram os seus lavados pelo sacerdote da Par\u00f3quia Santa Rita de C\u00e1ssia, no bairro S\u00e3o Caetano em Itabuna, Frei Genilton, eram presidi\u00e1rios do Conjunto Penal de Itabuna. Na celebra\u00e7\u00e3o do lava-p\u00e9s, a Igreja, seguindo o exemplo [&hellip;]<\/p>\n","protected":false},"author":2,"featured_media":0,"comment_status":"open","ping_status":"open","sticky":false,"template":"","format":"standard","meta":{"_links_to":"","_links_to_target":""},"categories":[15],"tags":[],"_links":{"self":[{"href":"https:\/\/www.r2cpress.com.br\/v1\/wp-json\/wp\/v2\/posts\/62147"}],"collection":[{"href":"https:\/\/www.r2cpress.com.br\/v1\/wp-json\/wp\/v2\/posts"}],"about":[{"href":"https:\/\/www.r2cpress.com.br\/v1\/wp-json\/wp\/v2\/types\/post"}],"author":[{"embeddable":true,"href":"https:\/\/www.r2cpress.com.br\/v1\/wp-json\/wp\/v2\/users\/2"}],"replies":[{"embeddable":true,"href":"https:\/\/www.r2cpress.com.br\/v1\/wp-json\/wp\/v2\/comments?post=62147"}],"version-history":[{"count":2,"href":"https:\/\/www.r2cpress.com.br\/v1\/wp-json\/wp\/v2\/posts\/62147\/revisions"}],"predecessor-version":[{"id":62149,"href":"https:\/\/www.r2cpress.com.br\/v1\/wp-json\/wp\/v2\/posts\/62147\/revisions\/62149"}],"wp:attachment":[{"href":"https:\/\/www.r2cpress.com.br\/v1\/wp-json\/wp\/v2\/media?parent=62147"}],"wp:term":[{"taxonomy":"category","embeddable":true,"href":"https:\/\/www.r2cpress.com.br\/v1\/wp-json\/wp\/v2\/categories?post=62147"},{"taxonomy":"post_tag","embeddable":true,"href":"https:\/\/www.r2cpress.com.br\/v1\/wp-json\/wp\/v2\/tags?post=62147"}],"curies":[{"name":"wp","href":"https:\/\/api.w.org\/{rel}","templated":true}]}}