{"id":62150,"date":"2013-04-01T11:41:46","date_gmt":"2013-04-01T14:41:46","guid":{"rendered":"http:\/\/www.r2cpress.com.br\/v1\/?p=62150"},"modified":"2013-04-01T11:41:46","modified_gmt":"2013-04-01T14:41:46","slug":"deputada-consegue-viatura-da-pm-para-o-distrito-de-taboquinhas","status":"publish","type":"post","link":"https:\/\/www.r2cpress.com.br\/v1\/2013\/04\/01\/deputada-consegue-viatura-da-pm-para-o-distrito-de-taboquinhas\/","title":{"rendered":"Deputada consegue viatura da PM para o distrito de Taboquinhas"},"content":{"rendered":"<p>J\u00e1 est\u00e1 \u00e0 disposi\u00e7\u00e3o da 72\u00aa Companhia Independente da Pol\u00edcia Militar de Itacar\u00e9 uma nova viatura que vai atender ao 2\u00ba Batalh\u00e3o de Policia do distrito de Taboquinhas. O pedido da viatura foi feito pela deputada estadual \u00c2ngela Sousa (PSD), atendendo a uma solicita\u00e7\u00e3o do vereador Josimar Evangelista Vasconcelos (PSC), atrav\u00e9s de of\u00edcio 037\/2013, de 12 de mar\u00e7o de 2013, e em audi\u00eancia com o comandante geral da Pol\u00edcia Militar da Bahia, coronel Alfredo Braga de Castro.<br \/>\n <div id=\"attachment_62151\" style=\"width: 510px\" class=\"wp-caption aligncenter\"><a href=\"http:\/\/www.r2cpress.com.br\/v1\/wp-content\/uploads\/DEP-ANGELA_Seguran\u00e7a_ITACAR\u00c9_MONT.jpg\"><img aria-describedby=\"caption-attachment-62151\" loading=\"lazy\" src=\"http:\/\/www.r2cpress.com.br\/v1\/wp-content\/uploads\/DEP-ANGELA_Seguran\u00e7a_ITACAR\u00c9_MONT.jpg\" alt=\"DEP ANGELA_Seguran\u00e7a.\" width=\"500\" height=\"500\" class=\"size-full wp-image-62151\" srcset=\"https:\/\/www.r2cpress.com.br\/v1\/wp-content\/uploads\/DEP-ANGELA_Seguran\u00e7a_ITACAR\u00c9_MONT.jpg 500w, https:\/\/www.r2cpress.com.br\/v1\/wp-content\/uploads\/DEP-ANGELA_Seguran\u00e7a_ITACAR\u00c9_MONT-150x150.jpg 150w, https:\/\/www.r2cpress.com.br\/v1\/wp-content\/uploads\/DEP-ANGELA_Seguran\u00e7a_ITACAR\u00c9_MONT-300x300.jpg 300w\" sizes=\"(max-width: 500px) 100vw, 500px\" \/><\/a><p id=\"caption-attachment-62151\" class=\"wp-caption-text\">DEP ANGELA_Seguran\u00e7a.<\/p><\/div><br \/>\nAl\u00e9m da viatura, a deputada \u00c2ngela Sousa conseguiu mais policiais para combater a criminalidade em Itacar\u00e9 e trazer de volta a seguran\u00e7a para a cidade, que ficou conhecida no mundo inteiro pela tranq\u00fcilidade e pelas belezas naturais, mas que tem sido prejudicada com o aumento da viol\u00eancia. Durante a audi\u00eancia com o comandante geral da Pol\u00edcia Militar, realizada no m\u00eas de mar\u00e7o, a deputada explicou que mesmo sendo um dos destinos tur\u00edsticos mais visitados do Brasil, Itacar\u00e9 vem sofrendo com o aumento da viol\u00eancia. Uma das alternativas para combater a criminalidade apontada por \u00c2ngela Sousa foi solicitar o aumento de viatura e o refor\u00e7o no policiamento.<\/p>\n<p><!--more--><\/p>\n<p>Preocupado com o clima de viol\u00eancia em Itacar\u00e9, o vereador Josimar Vasconcelos entrou em contato com a deputada estadual \u00c2ngela Sousa relatando a atual situa\u00e7\u00e3o em que se encontra a seguran\u00e7a p\u00fablica municipal e solicitou de imediato apoio junto \u00e0s autoridades estaduais. Em resposta r\u00e1pida a solicita\u00e7\u00e3o do vereador, a deputada se reuniu com o comandante geral da Pol\u00edcia Militar, coronel Alfredo Castro, em Salvador, para solicitar o empenho da PM visando garantir mais seguran\u00e7a aos cidad\u00e3os e o apoio no combate \u00e0 criminalidade em Itacar\u00e9 e em outros munic\u00edpios sul baianos.<\/p>\n<p> De acordo com a deputada \u00c2ngela Sousa, o comandante geral da Pol\u00edcia Militar mostrou-se sens\u00edvel aos apelos da comunidade de Itacar\u00e9 e lhe garantiu, na oportunidade, que estar\u00e1 disponibilizando nos pr\u00f3ximos dias mais uma viatura para Itacar\u00e9 e mais policiais para combater a criminalidade e trazer de volta a seguran\u00e7a para a cidade. O compromisso foi cumprido e a comunidade de Taboquinhas j\u00e1 est\u00e1 contando com a nova viatura para garantir o policiamento n\u00e3o somente do distrito, como dos demais povoados da zona rural de Itacar\u00e9. <\/p>\n<p>&#8212;<br \/>\nai\/dep.<\/p>\n","protected":false},"excerpt":{"rendered":"<p>J\u00e1 est\u00e1 \u00e0 disposi\u00e7\u00e3o da 72\u00aa Companhia Independente da Pol\u00edcia Militar de Itacar\u00e9 uma nova viatura que vai atender ao 2\u00ba Batalh\u00e3o de Policia do distrito de Taboquinhas. O pedido da viatura foi feito pela deputada estadual \u00c2ngela Sousa (PSD), atendendo a uma solicita\u00e7\u00e3o do vereador Josimar Evangelista Vasconcelos (PSC), atrav\u00e9s de of\u00edcio 037\/2013, de [&hellip;]<\/p>\n","protected":false},"author":2,"featured_media":0,"comment_status":"open","ping_status":"open","sticky":false,"template":"","format":"standard","meta":{"_links_to":"","_links_to_target":""},"categories":[22],"tags":[],"_links":{"self":[{"href":"https:\/\/www.r2cpress.com.br\/v1\/wp-json\/wp\/v2\/posts\/62150"}],"collection":[{"href":"https:\/\/www.r2cpress.com.br\/v1\/wp-json\/wp\/v2\/posts"}],"about":[{"href":"https:\/\/www.r2cpress.com.br\/v1\/wp-json\/wp\/v2\/types\/post"}],"author":[{"embeddable":true,"href":"https:\/\/www.r2cpress.com.br\/v1\/wp-json\/wp\/v2\/users\/2"}],"replies":[{"embeddable":true,"href":"https:\/\/www.r2cpress.com.br\/v1\/wp-json\/wp\/v2\/comments?post=62150"}],"version-history":[{"count":2,"href":"https:\/\/www.r2cpress.com.br\/v1\/wp-json\/wp\/v2\/posts\/62150\/revisions"}],"predecessor-version":[{"id":62153,"href":"https:\/\/www.r2cpress.com.br\/v1\/wp-json\/wp\/v2\/posts\/62150\/revisions\/62153"}],"wp:attachment":[{"href":"https:\/\/www.r2cpress.com.br\/v1\/wp-json\/wp\/v2\/media?parent=62150"}],"wp:term":[{"taxonomy":"category","embeddable":true,"href":"https:\/\/www.r2cpress.com.br\/v1\/wp-json\/wp\/v2\/categories?post=62150"},{"taxonomy":"post_tag","embeddable":true,"href":"https:\/\/www.r2cpress.com.br\/v1\/wp-json\/wp\/v2\/tags?post=62150"}],"curies":[{"name":"wp","href":"https:\/\/api.w.org\/{rel}","templated":true}]}}