{"id":62173,"date":"2013-04-01T16:41:43","date_gmt":"2013-04-01T19:41:43","guid":{"rendered":"http:\/\/www.r2cpress.com.br\/v1\/?p=62173"},"modified":"2013-04-01T16:41:43","modified_gmt":"2013-04-01T19:41:43","slug":"intercambio-criado-pelo-aleluia-ilheus-abriu-oportunidades-de-negocios","status":"publish","type":"post","link":"https:\/\/www.r2cpress.com.br\/v1\/2013\/04\/01\/intercambio-criado-pelo-aleluia-ilheus-abriu-oportunidades-de-negocios\/","title":{"rendered":"Interc\u00e2mbio criado pelo Aleluia Ilh\u00e9us abriu oportunidades de neg\u00f3cios"},"content":{"rendered":"<p>Os expositores aproveitaram os quatro dias do Aleluia Ilh\u00e9us Festival n\u00e3o somente para vender ou dar visibilidade \u00e0s suas marcas, mas tamb\u00e9m para manter contato com compradores e consumidores, visando a realiza\u00e7\u00e3o de futuros neg\u00f3cios, atrav\u00e9s da troca de contatos e experi\u00eancias. Um bom exemplo disto \u00e9 o da propriet\u00e1ria do Chocolate Itacar\u00e9, Diva F\u00e1tima Pol Landenberger, que, ao participar da Feira da Economia Criativa, tomou conhecimento de produtos que ajudaram a agregar valor aos seus e fechou a compra de quantidades significativas dos mesmos, inclusive j\u00e1 projetando para outras datas festivas, como o Dia das M\u00e3es.<br \/>\n<div id=\"attachment_62174\" style=\"width: 514px\" class=\"wp-caption aligncenter\"><a href=\"http:\/\/www.r2cpress.com.br\/v1\/wp-content\/uploads\/aleluia-200.jpg\"><img aria-describedby=\"caption-attachment-62174\" loading=\"lazy\" src=\"http:\/\/www.r2cpress.com.br\/v1\/wp-content\/uploads\/aleluia-200.jpg\" alt=\"Fotos: Alfredo Filho. MONT\/R2CPRESS.\" width=\"504\" height=\"504\" class=\"size-full wp-image-62174\" srcset=\"https:\/\/www.r2cpress.com.br\/v1\/wp-content\/uploads\/aleluia-200.jpg 504w, https:\/\/www.r2cpress.com.br\/v1\/wp-content\/uploads\/aleluia-200-150x150.jpg 150w, https:\/\/www.r2cpress.com.br\/v1\/wp-content\/uploads\/aleluia-200-300x300.jpg 300w\" sizes=\"(max-width: 504px) 100vw, 504px\" \/><\/a><p id=\"caption-attachment-62174\" class=\"wp-caption-text\">Fotos: Alfredo Filho. MONT\/R2CPRESS.<\/p><\/div><br \/>\nEla observou que n\u00e3o sabia, at\u00e9 instalar o seu estande, da exist\u00eancia das cestas feitas pela ex-empregada dom\u00e9stica Maria Aparecida a partir de folhas de revistas, mas que t\u00e3o logo viu os produtos em exposi\u00e7\u00e3o, tamb\u00e9m na Feira de Economia Criativa, percebeu que eles seriam boas embalagens para o seu chocolate. &#8220;Assim, n\u00f3s compramos todas as unidades pequenas que estavam em exposi\u00e7\u00e3o e as usamos para embalar nossos ovos de P\u00e1scoa e outros produtos. Deu t\u00e3o certo que vendemos rapidamente os conjuntos, agregando valor aos nossos produtos&#8221;. Ela fez o mesmo com coelhinhos de pel\u00facia produzidos por outra expositora e garante que tamb\u00e9m teve o mesmo sucesso de vendas.<\/p>\n<p><!--more--><\/p>\n<p>&#8220;Estamos conseguindo fazer interc\u00e2mbio com outras pessoas que t\u00eam produtos que a gente precisa. Eu encontrei embalagens que posso colocar meu chocolate e apresentar de forma diferente e valorizar meu produto&#8221;, afirmou Diva F\u00e1tima, fazendo quest\u00e3o de destacar a import\u00e2ncia do apoio recebido da Prefeitura de Ilh\u00e9us e do Sebrae para viabilizar a participa\u00e7\u00e3o de sua empresa no Aleluia Ilh\u00e9us.<\/p>\n<p>Maria Aparecida, que exp\u00f4s seus produtos ao lado do estande de Diva F\u00e1tima, conta que come\u00e7ou a confeccionar as cestinhas de papel h\u00e1 cinco anos e diz que n\u00e3o se arrepende de ter trocado o trabalho em casas de fam\u00edlia pelo empreendedorismo. \u00c9 do trabalho como artes\u00e3 que ela retira toda sua renda mensal. Segundo a empreendedora, os neg\u00f3cios realizados durante o Aleluia Ilh\u00e9us bem com as possibilidades abertas com a propriet\u00e1ria do Chocolate Itacar\u00e9, que usou suas cestas na apresenta\u00e7\u00e3o dos chocolates durante o evento, foram fundamentais para incrementar sua atividade. &#8220;As pessoas est\u00e3o vindo aqui, me elogiando, levando meu cart\u00e3o. O Aleluia Ilh\u00e9us foi a melhor coisa que aconteceu na cidade&#8221;, declarou, entusiasmada.<\/p>\n<p>Divulga\u00e7\u00e3o \u2013 O evento n\u00e3o s\u00f3 permitiu o interc\u00e2mbio de produtos entre os expositores, mas tamb\u00e9m a divulga\u00e7\u00e3o de produtos confeccionados na pr\u00f3pria cidade. A bordadeira Ana Maria Santos e o grupo de quatro amigas que se uniram para fazer e comercializar seus produtos j\u00e1 perceberam o retorno que a realiza\u00e7\u00e3o da exposi\u00e7\u00e3o trouxe para suas vendas. &#8220;N\u00f3s percebemos que at\u00e9 os nativos n\u00e3o sabiam da nossa exist\u00eancia. Ent\u00e3o o Aleluia deu a oportunidade para a gente comercializar o nosso produto dentro da nossa cidade&#8221;.<\/p>\n<p>Os produtores que participaram do estande da Empresa Baiana de Desenvolvimento Agr\u00edcola (EBDA), na Feira de Agricultura Familiar, tamb\u00e9m tiveram a oportunidade de, al\u00e9m de vender seus produtos, abrir perspectivas para neg\u00f3cios futuros, como exemplificou o agricultor Tilson Prates, que trabalha com o cacau, ao destacar o sucesso das vendas. &#8220;O evento foi \u00f3timo pra gente, da agricultura familiar, que at\u00e9 ent\u00e3o viv\u00edamos escondidos. N\u00f3s temos tantas coisas boas para mostrar e com o Aleluia Ilh\u00e9us n\u00f3s tivemos esta oportunidade&#8221;.<\/p>\n<p>Outra exposi\u00e7\u00e3o que chamou bastante aten\u00e7\u00e3o foi a dos produtos que usam como base o guaran\u00e1. O secret\u00e1rio executivo da cadeia produtiva do guaran\u00e1 na Bahia, Gerval Te\u00f3filo, explica que a Bahia \u00e9 um grande produtor de guaran\u00e1, no entanto poucas pessoas tinham conhecimento disso. No estande estava sendo exposta uma bebida mista com guaran\u00e1 e a\u00e7a\u00ed, que atraiu tanta aten\u00e7\u00e3o que ele, \u00e0s 21 horas do domingo, j\u00e1 tinha vendido todas as caixas que levou para o Aleluia Ilh\u00e9us. &#8220;O evento deu oportunidade das pessoas conhecerem o guaran\u00e1 e aumentar o consumo, al\u00e9m de dar oportunidades, tamb\u00e9m, para muitos contatos com compradores, daqui da Bahia e at\u00e9 de outros estados&#8221;.<\/p>\n<p>&#8212;<br \/>\nSecretaria de Comunica\u00e7\u00e3o Social (Secom)<br \/>\nIlh\u00e9us \u2013 01.04.2013<\/p>\n","protected":false},"excerpt":{"rendered":"<p>Os expositores aproveitaram os quatro dias do Aleluia Ilh\u00e9us Festival n\u00e3o somente para vender ou dar visibilidade \u00e0s suas marcas, mas tamb\u00e9m para manter contato com compradores e consumidores, visando a realiza\u00e7\u00e3o de futuros neg\u00f3cios, atrav\u00e9s da troca de contatos e experi\u00eancias. Um bom exemplo disto \u00e9 o da propriet\u00e1ria do Chocolate Itacar\u00e9, Diva F\u00e1tima [&hellip;]<\/p>\n","protected":false},"author":2,"featured_media":0,"comment_status":"open","ping_status":"open","sticky":false,"template":"","format":"standard","meta":{"_links_to":"","_links_to_target":""},"categories":[23],"tags":[],"_links":{"self":[{"href":"https:\/\/www.r2cpress.com.br\/v1\/wp-json\/wp\/v2\/posts\/62173"}],"collection":[{"href":"https:\/\/www.r2cpress.com.br\/v1\/wp-json\/wp\/v2\/posts"}],"about":[{"href":"https:\/\/www.r2cpress.com.br\/v1\/wp-json\/wp\/v2\/types\/post"}],"author":[{"embeddable":true,"href":"https:\/\/www.r2cpress.com.br\/v1\/wp-json\/wp\/v2\/users\/2"}],"replies":[{"embeddable":true,"href":"https:\/\/www.r2cpress.com.br\/v1\/wp-json\/wp\/v2\/comments?post=62173"}],"version-history":[{"count":2,"href":"https:\/\/www.r2cpress.com.br\/v1\/wp-json\/wp\/v2\/posts\/62173\/revisions"}],"predecessor-version":[{"id":62176,"href":"https:\/\/www.r2cpress.com.br\/v1\/wp-json\/wp\/v2\/posts\/62173\/revisions\/62176"}],"wp:attachment":[{"href":"https:\/\/www.r2cpress.com.br\/v1\/wp-json\/wp\/v2\/media?parent=62173"}],"wp:term":[{"taxonomy":"category","embeddable":true,"href":"https:\/\/www.r2cpress.com.br\/v1\/wp-json\/wp\/v2\/categories?post=62173"},{"taxonomy":"post_tag","embeddable":true,"href":"https:\/\/www.r2cpress.com.br\/v1\/wp-json\/wp\/v2\/tags?post=62173"}],"curies":[{"name":"wp","href":"https:\/\/api.w.org\/{rel}","templated":true}]}}