{"id":62210,"date":"2013-04-02T08:15:09","date_gmt":"2013-04-02T11:15:09","guid":{"rendered":"http:\/\/www.r2cpress.com.br\/v1\/?p=62210"},"modified":"2013-04-02T08:21:27","modified_gmt":"2013-04-02T11:21:27","slug":"pedido-de-ajuda-2","status":"publish","type":"post","link":"https:\/\/www.r2cpress.com.br\/v1\/2013\/04\/02\/pedido-de-ajuda-2\/","title":{"rendered":"PEDIDO DE AJUDA"},"content":{"rendered":"<p>Prezado Rabat<\/p>\n<p>Entendemos que todos\u00a0possuem sonhos que s\u00e3o almejados atrav\u00e9s de trabalho \u00e1rduo, caminhando honestamente dia ap\u00f3s dia.\u00a0\u00c9 not\u00f3rio as dificuldades enfrentadas pela classe m\u00e9dia brasileira, principalmente a dos pequenos e micro empres\u00e1rios, sufocados por uma carga tribut\u00e1ria absurda existente em nosso pa\u00eds.<\/p>\n<p>Para MANTER REGULARIDADE\u00a0com as obriga\u00e7\u00f5es fiscais, faz-se necess\u00e1rio abdica\u00e7\u00e3o de muita coisa, visando economia de recursos\u00a0para honrar com todos os compromissos (Sejam eles impostos ou fornecedores).<\/p>\n<p>Muitas vezes, o sonho de ser empres\u00e1rio nesse pa\u00eds pode tornar-se PESADELO, haja visto que podemos ser v\u00edtimas de empresas e\/ou \u00f3rg\u00e3o p\u00fablicos que por \u201cm\u00e1 &#8211; f\u00e9\u201d ou at\u00e9 mesmo por \u201cdescaso\u201d s\u00e3o capazes deixar as empresas em situa\u00e7\u00f5es dif\u00edceis, simplesmente por n\u00e3o realizarem os devidos pagamentos.<br \/>\n<strong>Confiando na seriedade e imparcialidade\u00a0desse blogueiro, n\u00f3s prestadores de sa\u00fade REGULARES, de forma an\u00f4nima (por medo de repres\u00e1lias) viemos\u00a0expor uma situa\u00e7\u00e3o alarmante que esta acontecendo no munic\u00edpio de Ilh\u00e9us:<\/strong><\/p>\n<p>\u00c9 fato not\u00f3rio o atual \u201cCAOS\u201d que vive a sa\u00fade no nosso munic\u00edpio! Sabe-se que uma parcela de culpa recai sobre o ex-gestor Newton Lima, por\u00e9m, estamos no\u00a04\u00ba m\u00eas de administra\u00e7\u00e3o Jabes Ribeiro e o que vemos \u00e9 um <strong>TOTAL DESCASO <\/strong>para com os prestadores de sa\u00fade.<\/p>\n<p><b>A PREFEITURA MUNICIPAL DE ILH\u00c9US, atrav\u00e9s da SECRETARIA DE SA\u00daDE, <\/b>desde o m\u00eas de <b>NOVEMBRO\/2012<\/b> n\u00e3o vem regularmente efetuando os pagamentos (repasses) para os prestadores. O prefeito Jabes Ribeiro tem alegado que existem prestadores em situa\u00e7\u00e3o IRREGULAR, n\u00e3o estando em dias com suas obrigacoes fiscais, o que impede (por for\u00e7a de lei) o pagamento.<\/p>\n<p>Gostaria de destacar ao NOBRE BLOGUEIRO que estamos pedindo sua ajuda para a <strong>regulariza\u00e7\u00e3o do pagamento das EMPRESAS REGULARES, as quais a lei nada impede o pagamento<\/strong>.<\/p>\n<p>Esses atrasos causam enormes dificuldades econ\u00f4micas, comprometendo a sa\u00fade financeira das empresas, bem como a continuidade da regularidade fiscal e tribut\u00e1ria, haja visto que foram emitidas NOTAS FISCAIS as quais sao gerados impostos a serem pagos de um recurso que ate o presente momento nao foi pago.<\/p>\n<p>Destaco\u00a02 pontos<\/p>\n<p><b>1- Com rela\u00e7\u00e3o ao m\u00eas de NOVEMBRO\/2012<\/b>, alega-se falta de pagamento pela necessidade da camara municipal de vereadores aprovar tal pagamento (segundo eles, \u00e9 oriunda do gest\u00e3o anterior). Acontece que ate o presente momento, temos total desinforma\u00e7\u00e3o, e ja estamos comecando a perceber que este valor nao ser\u00e1 pago! <b>Vale destacar que nao trabalhamos para NEWTON ou JABES, mas sim para a PREFEITURA MUNICIPAL DE ILH\u00c9US<\/b>. Prestamos servicos e emitimos a NOTA FSICAL mas o pagamento nao foi feito, por\u00e9m os impostos relativos a essa nota fiscal emitida ja tiveram de ser quitados visando a regularidade fiscal das empresas.<\/p>\n<p><b>2- Com rela\u00e7\u00e3o aos demais meses<\/b>, alega-se falta de funcion\u00e1rios, e quando procuramos infroma\u00e7\u00f5es somos TRATADOS COM DESCASO! <strong>Nunca nos sentimos t\u00e3o humilhados em ter de \u201cmendigar\u201d para receber nossos pagamentos<\/strong>, pois dependemos da Secret\u00e1ria de Sa\u00fade que mora em salvador e em geral vai embora na quinta feira&#8230; Dependemos do auditor que tambem mora em salvador e esta de mudanca pra Ilheus&#8230; Enfim.. Dependemos de tudo e de todos para receber nossos pagamentos. <b>Ser\u00e1 que a SECRET\u00c1RIA DE SA\u00daDE e demais cargos de confian\u00e7a est\u00e3o com suas remunera\u00e7\u00f5es atrasadas?? E se estivessem, estariam trabalhando normalmente?\u00a0<\/b><\/p>\n<p>Geramos empregos e impostos e n\u00e3o podemos ser penalizados simplesmente por falta de estrutura da gest\u00e3o. <strong>Certamente a combina\u00e7\u00e3o de uma TABELA SUS que n\u00e3o \u00e9 reajustada a mais de 20 anos e associada ao pagamento de juros de empr\u00e9stimos\/cheque especial certamente causa danos irrevers\u00edveis as empresas. <\/strong><\/p>\n<p><b>Como nossa atual situa\u00e7\u00e3o \u00e9 de DESESPERO, fizemos uma denuncia AN\u00d4NIMA ao MINIST\u00c9RIO PUBLICO ESTADUAL E FEDERAL <\/b>visando uma possivel interven\u00e7\u00e3o para regulariza\u00e7\u00e3o antes que o pior aconte\u00e7a a nossas empresas, pois em breve, nao teremos recursos para quitar com nosso fornecedores e consequentemente <b>SER\u00c1 SUSPENSO TODO E QUALQUER ATENDIMENTO SUS <\/b>gerando imenso preju\u00edzo a nossa t\u00e3o sofrida popula\u00e7\u00e3o.<\/p>\n<p><b>RATIFICAMOS<\/b> que somos <b>EMPRESAS<\/b> <b>REGULARES<\/b> que nada impede de realizar nossos pagamentos. O \u00fanico impedimento esta na m\u00e1 vontade, descaso e arrogancia da atual dos gestores da pasta da Sa\u00fade!<\/p>\n<p>Gostaria que isso fosse levado a p\u00fablico para que a popula\u00e7\u00e3o tome conhecimento que a qualquer momento ela ter\u00e1 seus atendimentos suspensos!<\/p>\n<p>Esses pagamentos sao realizaos atraves da <b>VERBA MAC<\/b> (M\u00e9dia e Alta Complexidade) esta sendo repassada regularemente <b>pelo governo federal a prefeitura, ou seja O DINHEIRO ESTA DISPON\u00cdVEL EM CONTA e n\u00f3s estamos pagando juros desnecessariamente.<\/b><\/p>\n<p><b>Certos de que o esse nobre blogueiro\u00a0n\u00e3o medir\u00e1 esfor\u00e7os para nos ajudar, agradecemos sua aten\u00e7\u00e3o.<\/b><\/p>\n<p><center><iframe loading=\"lazy\" src=\"http:\/\/www.slideshare.net\/slideshow\/embed_code\/18048758\" width=\"479\" height=\"511\" frameborder=\"0\" marginwidth=\"0\" marginheight=\"0\" scrolling=\"no\" style=\"border:1px solid #CCC;border-width:1px 1px 0;margin-bottom:5px\" allowfullscreen webkitallowfullscreen mozallowfullscreen> <\/iframe> <\/p>\n<div style=\"margin-bottom:5px\"> <strong> <a href=\"http:\/\/www.slideshare.net\/r2cpress\/denuncia-protocolada\" title=\"Denuncia protocolada\" target=\"_blank\">Denuncia protocolada<\/a> <\/strong> from <strong><a href=\"http:\/\/www.slideshare.net\/r2cpress\" target=\"_blank\">Roberto Rabat Chame<\/a><\/strong> <\/div>\n<p><strong>PARA LER EM TELA CHEIA CLIQUE ONDE EST\u00c3O AS 4 SETINHAS (LADO DIREITO).<\/strong><\/center><\/p>\n<p style=\"text-align: center;\">&#8212;<\/p>\n<p style=\"text-align: center;\"><span style=\"color: #0000ff;\"><strong>ESPA\u00c7O ABERTO PARA OS CITADOS &#8211; QUERENDO &#8211; SE MANIFESTAR.<\/strong><\/span><\/p>\n","protected":false},"excerpt":{"rendered":"<p>Prezado Rabat Entendemos que todos\u00a0possuem sonhos que s\u00e3o almejados atrav\u00e9s de trabalho \u00e1rduo, caminhando honestamente dia ap\u00f3s dia.\u00a0\u00c9 not\u00f3rio as dificuldades enfrentadas pela classe m\u00e9dia brasileira, principalmente a dos pequenos e micro empres\u00e1rios, sufocados por uma carga tribut\u00e1ria absurda existente em nosso pa\u00eds. Para MANTER REGULARIDADE\u00a0com as obriga\u00e7\u00f5es fiscais, faz-se necess\u00e1rio abdica\u00e7\u00e3o de muita coisa, [&hellip;]<\/p>\n","protected":false},"author":2,"featured_media":0,"comment_status":"open","ping_status":"open","sticky":false,"template":"","format":"standard","meta":{"_links_to":"","_links_to_target":""},"categories":[24],"tags":[],"_links":{"self":[{"href":"https:\/\/www.r2cpress.com.br\/v1\/wp-json\/wp\/v2\/posts\/62210"}],"collection":[{"href":"https:\/\/www.r2cpress.com.br\/v1\/wp-json\/wp\/v2\/posts"}],"about":[{"href":"https:\/\/www.r2cpress.com.br\/v1\/wp-json\/wp\/v2\/types\/post"}],"author":[{"embeddable":true,"href":"https:\/\/www.r2cpress.com.br\/v1\/wp-json\/wp\/v2\/users\/2"}],"replies":[{"embeddable":true,"href":"https:\/\/www.r2cpress.com.br\/v1\/wp-json\/wp\/v2\/comments?post=62210"}],"version-history":[{"count":7,"href":"https:\/\/www.r2cpress.com.br\/v1\/wp-json\/wp\/v2\/posts\/62210\/revisions"}],"predecessor-version":[{"id":62217,"href":"https:\/\/www.r2cpress.com.br\/v1\/wp-json\/wp\/v2\/posts\/62210\/revisions\/62217"}],"wp:attachment":[{"href":"https:\/\/www.r2cpress.com.br\/v1\/wp-json\/wp\/v2\/media?parent=62210"}],"wp:term":[{"taxonomy":"category","embeddable":true,"href":"https:\/\/www.r2cpress.com.br\/v1\/wp-json\/wp\/v2\/categories?post=62210"},{"taxonomy":"post_tag","embeddable":true,"href":"https:\/\/www.r2cpress.com.br\/v1\/wp-json\/wp\/v2\/tags?post=62210"}],"curies":[{"name":"wp","href":"https:\/\/api.w.org\/{rel}","templated":true}]}}