{"id":62218,"date":"2013-04-02T12:30:26","date_gmt":"2013-04-02T15:30:26","guid":{"rendered":"http:\/\/www.r2cpress.com.br\/v1\/?p=62218"},"modified":"2013-04-02T12:30:26","modified_gmt":"2013-04-02T15:30:26","slug":"entidades-debatem-plano-de-desenvolvimento-da-pesca-e-da-agroindustria","status":"publish","type":"post","link":"https:\/\/www.r2cpress.com.br\/v1\/2013\/04\/02\/entidades-debatem-plano-de-desenvolvimento-da-pesca-e-da-agroindustria\/","title":{"rendered":"Entidades debatem plano de desenvolvimento da pesca e da agroind\u00fastria"},"content":{"rendered":"<p>Unificar o trabalho dos diversos \u00f3rg\u00e3os ligados \u00e0 agricultura e \u00e0 pesca do munic\u00edpio, com vistas \u00e0 formata\u00e7\u00e3o de um plano conjunto de desenvolvimento, capaz de evitar a sobreposi\u00e7\u00e3o de a\u00e7\u00f5es e, com isso, maximizar os futuros resultados. Esta \u00e9 a principal proposta das reuni\u00f5es mensais que a Secretaria de Agricultura e Pesca (Seap) da Prefeitura de Ilh\u00e9us vem coordenando desde janeiro, com a participa\u00e7\u00e3o de diversas entidades e institui\u00e7\u00f5es.<br \/>\n<div id=\"attachment_62219\" style=\"width: 560px\" class=\"wp-caption aligncenter\"><a href=\"http:\/\/www.r2cpress.com.br\/v1\/wp-content\/uploads\/Participaram-da-reuni\u00e3o-representantes-de-diversos-\u00f3rg\u00e3os-Foto-Alfredo-Filho-Secom-Ilh\u00e9us.jpg\"><img aria-describedby=\"caption-attachment-62219\" loading=\"lazy\" src=\"http:\/\/www.r2cpress.com.br\/v1\/wp-content\/uploads\/Participaram-da-reuni\u00e3o-representantes-de-diversos-\u00f3rg\u00e3os-Foto-Alfredo-Filho-Secom-Ilh\u00e9us.jpg\" alt=\"Participaram da reuni\u00e3o representantes de diversos \u00f3rg\u00e3os - Foto Alfredo Filho - Secom Ilh\u00e9us.\" width=\"550\" height=\"367\" class=\"size-full wp-image-62219\" srcset=\"https:\/\/www.r2cpress.com.br\/v1\/wp-content\/uploads\/Participaram-da-reuni\u00e3o-representantes-de-diversos-\u00f3rg\u00e3os-Foto-Alfredo-Filho-Secom-Ilh\u00e9us.jpg 550w, https:\/\/www.r2cpress.com.br\/v1\/wp-content\/uploads\/Participaram-da-reuni\u00e3o-representantes-de-diversos-\u00f3rg\u00e3os-Foto-Alfredo-Filho-Secom-Ilh\u00e9us-300x200.jpg 300w\" sizes=\"(max-width: 550px) 100vw, 550px\" \/><\/a><p id=\"caption-attachment-62219\" class=\"wp-caption-text\">Participaram da reuni\u00e3o representantes de diversos \u00f3rg\u00e3os &#8211; Foto Alfredo Filho &#8211; Secom Ilh\u00e9us.<\/p><\/div><br \/>\nA reuni\u00e3o de abril ocorreu na segunda-feira, dia 1\u00ba, no sal\u00e3o nobre do Pal\u00e1cio Paranagu\u00e1. Estiveram presentes representantes de diversos \u00f3rg\u00e3os: Servi\u00e7o Brasileiro de Apoio \u00e0s Micro e Pequenas Empresas (Sebrae), Comiss\u00e3o Executiva do Plano da Lavoura Cacaueira (Ceplac), Empresa Baiana de Desenvolvimento Agr\u00edcola (EBDA) e a Agencia Estadual de Defesa Agropecu\u00e1ria (Adab). Tamb\u00e9m participaram membros da Bahia Pesca, Cooperativa de Desenvolvimento Sustent\u00e1vel da Agricultura (Coofasulba), Sindicatos Rural de Ilh\u00e9us e dos Trabalhadores Rurais de Ilh\u00e9us, al\u00e9m dos Institutos Cabruca e Nossa Ilh\u00e9us e do Ibama. <\/p>\n<p><!--more--><\/p>\n<p>O secret\u00e1rio municipal de Agricultura e Pesca, Sebasti\u00e3o Vivas, explica que cada entidade apresentou as a\u00e7\u00f5es que v\u00eam sendo desenvolvidas no munic\u00edpio, com o objetivo de socializar as informa\u00e7\u00f5es operacionais do setor. \u201cA partir da\u00ed, formamos os respectivos grupos de trabalho, que envolvem, basicamente, a organiza\u00e7\u00e3o da produ\u00e7\u00e3o, os derivados do cacau e a elabora\u00e7\u00e3o e execu\u00e7\u00e3o de pol\u00edticas p\u00fablicas\u201d, acrescenta. Na vis\u00e3o dele, o trabalho conjunto vai responder a algumas quest\u00f5es essenciais para o avan\u00e7o do setor agroindustrial em Ilh\u00e9us, como \u201co que produzimos, o que precisamos produzir, pra quem vendemos, como vendemos e o que precisamos melhorar\u201d, salienta.<\/p>\n<p>Vivas afirma que est\u00e1 bastante otimista com rela\u00e7\u00e3o a esse trabalho conjunto, que visa defender a cultura do cacau e seus derivados, fortalecendo as pol\u00edticas p\u00fablicas centradas no agroneg\u00f3cio e na atividade pesqueira. \u201cAos poucos, vamos obtendo sinaliza\u00e7\u00f5es positivas dos \u00f3rg\u00e3os que comp\u00f5em as diversas esferas de poder, a exemplo dos governos estadual e federal, com o objetivo de organizarmos o processo produtivo da pesca e da agroind\u00fastria em Ilh\u00e9us\u201d.<\/p>\n<p>&#8212;<br \/>\nSecretaria de Comunica\u00e7\u00e3o Social (Secom)<br \/>\nIlh\u00e9us \u2013 02.04.2013<\/p>\n","protected":false},"excerpt":{"rendered":"<p>Unificar o trabalho dos diversos \u00f3rg\u00e3os ligados \u00e0 agricultura e \u00e0 pesca do munic\u00edpio, com vistas \u00e0 formata\u00e7\u00e3o de um plano conjunto de desenvolvimento, capaz de evitar a sobreposi\u00e7\u00e3o de a\u00e7\u00f5es e, com isso, maximizar os futuros resultados. Esta \u00e9 a principal proposta das reuni\u00f5es mensais que a Secretaria de Agricultura e Pesca (Seap) da [&hellip;]<\/p>\n","protected":false},"author":2,"featured_media":0,"comment_status":"open","ping_status":"open","sticky":false,"template":"","format":"standard","meta":{"_links_to":"","_links_to_target":""},"categories":[23],"tags":[],"_links":{"self":[{"href":"https:\/\/www.r2cpress.com.br\/v1\/wp-json\/wp\/v2\/posts\/62218"}],"collection":[{"href":"https:\/\/www.r2cpress.com.br\/v1\/wp-json\/wp\/v2\/posts"}],"about":[{"href":"https:\/\/www.r2cpress.com.br\/v1\/wp-json\/wp\/v2\/types\/post"}],"author":[{"embeddable":true,"href":"https:\/\/www.r2cpress.com.br\/v1\/wp-json\/wp\/v2\/users\/2"}],"replies":[{"embeddable":true,"href":"https:\/\/www.r2cpress.com.br\/v1\/wp-json\/wp\/v2\/comments?post=62218"}],"version-history":[{"count":2,"href":"https:\/\/www.r2cpress.com.br\/v1\/wp-json\/wp\/v2\/posts\/62218\/revisions"}],"predecessor-version":[{"id":62221,"href":"https:\/\/www.r2cpress.com.br\/v1\/wp-json\/wp\/v2\/posts\/62218\/revisions\/62221"}],"wp:attachment":[{"href":"https:\/\/www.r2cpress.com.br\/v1\/wp-json\/wp\/v2\/media?parent=62218"}],"wp:term":[{"taxonomy":"category","embeddable":true,"href":"https:\/\/www.r2cpress.com.br\/v1\/wp-json\/wp\/v2\/categories?post=62218"},{"taxonomy":"post_tag","embeddable":true,"href":"https:\/\/www.r2cpress.com.br\/v1\/wp-json\/wp\/v2\/tags?post=62218"}],"curies":[{"name":"wp","href":"https:\/\/api.w.org\/{rel}","templated":true}]}}