{"id":62226,"date":"2013-04-02T12:40:19","date_gmt":"2013-04-02T15:40:19","guid":{"rendered":"http:\/\/www.r2cpress.com.br\/v1\/?p=62226"},"modified":"2013-04-02T12:40:19","modified_gmt":"2013-04-02T15:40:19","slug":"tpi-inicia-programacao-de-abril-em-novo-espaco","status":"publish","type":"post","link":"https:\/\/www.r2cpress.com.br\/v1\/2013\/04\/02\/tpi-inicia-programacao-de-abril-em-novo-espaco\/","title":{"rendered":"TPI inicia programa\u00e7\u00e3o  de abril em novo espa\u00e7o"},"content":{"rendered":"<p>Ap\u00f3s a experi\u00eancia exitosa durante o <i>Aleluia Ilh\u00e9us Festival<\/i>, a Tenda do Teatro Popular de Ilh\u00e9us d\u00e1 in\u00edcio \u00e0 programa\u00e7\u00e3o do m\u00eas de abril, mudando para alguns metros adiante, na Avenida Soares Lopes. O novo espa\u00e7o ser\u00e1 montado ao lado do campo da ADEB, oferecendo atra\u00e7\u00f5es de teatro, dan\u00e7a, m\u00fasica, al\u00e9m de cursos e oficinas. A estreia das atividades ser\u00e1 com o musical infanto-juvenil da Cia. Boi da Cara Preta, <i>Lendas da Lagoa Encantada<\/i>, \u00e0s 20 horas deste s\u00e1bado.<\/p>\n<div id=\"attachment_62227\" style=\"width: 560px\" class=\"wp-caption aligncenter\"><a href=\"http:\/\/www.r2cpress.com.br\/v1\/wp-content\/uploads\/CAPA-R2CPRESS_Lendas-da-Lagoa-Encantada-na-Tenda-do-TPI-29.03.13-foto-Felipe-de-Paula-1.jpg\"><img aria-describedby=\"caption-attachment-62227\" loading=\"lazy\" class=\"size-full wp-image-62227\" alt=\"Lendas da Lagoa Encantada na Tenda do TPI 29.03.13 - foto Felipe de Paula.\" src=\"http:\/\/www.r2cpress.com.br\/v1\/wp-content\/uploads\/CAPA-R2CPRESS_Lendas-da-Lagoa-Encantada-na-Tenda-do-TPI-29.03.13-foto-Felipe-de-Paula-1.jpg\" width=\"550\" height=\"550\" srcset=\"https:\/\/www.r2cpress.com.br\/v1\/wp-content\/uploads\/CAPA-R2CPRESS_Lendas-da-Lagoa-Encantada-na-Tenda-do-TPI-29.03.13-foto-Felipe-de-Paula-1.jpg 550w, https:\/\/www.r2cpress.com.br\/v1\/wp-content\/uploads\/CAPA-R2CPRESS_Lendas-da-Lagoa-Encantada-na-Tenda-do-TPI-29.03.13-foto-Felipe-de-Paula-1-150x150.jpg 150w, https:\/\/www.r2cpress.com.br\/v1\/wp-content\/uploads\/CAPA-R2CPRESS_Lendas-da-Lagoa-Encantada-na-Tenda-do-TPI-29.03.13-foto-Felipe-de-Paula-1-300x300.jpg 300w\" sizes=\"(max-width: 550px) 100vw, 550px\" \/><\/a><p id=\"caption-attachment-62227\" class=\"wp-caption-text\">Lendas da Lagoa Encantada na Tenda do TPI 29.03.13 &#8211; foto Felipe de Paula.<\/p><\/div>\n<p>A Tenda do TPI \u00e9 patrocinada pelo Sebrae, que arcar\u00e1 com os custos do aluguel pelos pr\u00f3ximos tr\u00eas meses. O espa\u00e7o pertence ao Circo Show Brasil, que garante todo apoio log\u00edstico para a manuten\u00e7\u00e3o, al\u00e9m de proporcionar a troca de experi\u00eancias sobre o universo circense. O Show Brasil pertence ao palha\u00e7o Funhanha, que tem quase 60 anos de carreira, e Nelian Reis, o palha\u00e7o Shampoo, tamb\u00e9m com mais de 20 anos de estrada.<\/p>\n<p><!--more--><\/p>\n<p>A programa\u00e7\u00e3o da Tenda do Teatro Popular de Ilh\u00e9us segue com o Cineclube \u00c9quio Reis, \u00e0s 19 horas das ter\u00e7as-feiras. A iniciativa \u00e9 gratuita e acontece em parceria com o curso de Comunica\u00e7\u00e3o Social da Universidade Estadual de Santa Cruz (Uesc). O projeto recome\u00e7a no pr\u00f3ximo dia 09, com o document\u00e1rio \u201cOs Magn\u00edficos\u201d, produzido pela Ondina Filmes. E, no dia 10, acontece a mostra Mondrongo Filmes, exibindo v\u00eddeos produzidos ou apoiados pelo N\u00facleo de Produ\u00e7\u00e3o Audiovisual do Teatro Popular de Ilh\u00e9us.<\/p>\n<p>O projeto <i>Transeunte<\/i> continua acontecendo \u00e0s quartas-feiras, a partir das 17 horas. Neste m\u00eas, o DJ Jef Rodriguez ir\u00e1 discotecar na Pra\u00e7a Castro Alves. No mesmo local, acontecer\u00e1 a interven\u00e7\u00e3o urbana <i>Outros Olhares<\/i>, da A-RRISCA Cia. de Dan\u00e7a. Os bailarinos se apresentar\u00e3o nos dias 20, 27 e 28, \u00e0s 17h30min. Ambas as atra\u00e7\u00f5es s\u00e3o gratuitas.<\/p>\n<p>E, quem estiver com vontade de assistir teatro, em abril, estar\u00e3o em cartaz quatro pe\u00e7as. No dia 12, o Grupo Teatro\/Circo Maktub apresenta <i>Homens ajudam homens? <\/i>\u00e0s 20 horas. No dia 13, tamb\u00e9m \u00e0s 20 horas, ser\u00e1 reapresentada <i>Lendas da Lagoa Encantada<\/i>. A s\u00e1tira em cordel <i>Teodorico Majestade, as \u00faltimas horas de um prefeito<\/i>, do Teatro Popular de Ilh\u00e9us, estar\u00e1 em cartaz nos dias 19, 26 e 27, \u00e0s 20 horas. E, \u00e0s 18 horas dos dias 20 e 27, tem o musical infanto-juvenil <i>Auto do Boi da Cara Preta<\/i>, da Cia. Boi da Cara Preta. As entradas para os espet\u00e1culos custam R$ 10 e R$ 5, sendo que 20% dos ingressos s\u00e3o reservados para estudantes de escolas p\u00fablicas.<\/p>\n<p>As aulas dos cursos e oficinas seguem na Tenda do Teatro Popular de Ilh\u00e9us. Ainda h\u00e1 vagas para bateria e percuss\u00e3o, dan\u00e7a afro-brasileira, dan\u00e7a criativa, viol\u00e3o e guitarra, instrumentos de sopro e oficina de canto popular. Mais informa\u00e7\u00f5es pelo telefone (73) 9164-0010.<\/p>\n<p>Para o diretor do TPI, Romualdo Lisboa, a mudan\u00e7a para a tenda ir\u00e1 permitir novas experi\u00eancias para o grupo. \u201cO Teatro Popular de Ilh\u00e9us completa 18 anos agora em 2013. A ida para a tenda \u00e9 o in\u00edcio da nossa luta por uma sede pr\u00f3pria. Sa\u00edmos de um espa\u00e7o f\u00edsico que limitava nosso trabalho e ampliamos nossas possibilidades criativas\u201d, afirmou.<\/p>\n","protected":false},"excerpt":{"rendered":"<p>Ap\u00f3s a experi\u00eancia exitosa durante o Aleluia Ilh\u00e9us Festival, a Tenda do Teatro Popular de Ilh\u00e9us d\u00e1 in\u00edcio \u00e0 programa\u00e7\u00e3o do m\u00eas de abril, mudando para alguns metros adiante, na Avenida Soares Lopes. O novo espa\u00e7o ser\u00e1 montado ao lado do campo da ADEB, oferecendo atra\u00e7\u00f5es de teatro, dan\u00e7a, m\u00fasica, al\u00e9m de cursos e oficinas. [&hellip;]<\/p>\n","protected":false},"author":2,"featured_media":0,"comment_status":"open","ping_status":"open","sticky":false,"template":"","format":"standard","meta":{"_links_to":"","_links_to_target":""},"categories":[5],"tags":[],"_links":{"self":[{"href":"https:\/\/www.r2cpress.com.br\/v1\/wp-json\/wp\/v2\/posts\/62226"}],"collection":[{"href":"https:\/\/www.r2cpress.com.br\/v1\/wp-json\/wp\/v2\/posts"}],"about":[{"href":"https:\/\/www.r2cpress.com.br\/v1\/wp-json\/wp\/v2\/types\/post"}],"author":[{"embeddable":true,"href":"https:\/\/www.r2cpress.com.br\/v1\/wp-json\/wp\/v2\/users\/2"}],"replies":[{"embeddable":true,"href":"https:\/\/www.r2cpress.com.br\/v1\/wp-json\/wp\/v2\/comments?post=62226"}],"version-history":[{"count":4,"href":"https:\/\/www.r2cpress.com.br\/v1\/wp-json\/wp\/v2\/posts\/62226\/revisions"}],"predecessor-version":[{"id":62231,"href":"https:\/\/www.r2cpress.com.br\/v1\/wp-json\/wp\/v2\/posts\/62226\/revisions\/62231"}],"wp:attachment":[{"href":"https:\/\/www.r2cpress.com.br\/v1\/wp-json\/wp\/v2\/media?parent=62226"}],"wp:term":[{"taxonomy":"category","embeddable":true,"href":"https:\/\/www.r2cpress.com.br\/v1\/wp-json\/wp\/v2\/categories?post=62226"},{"taxonomy":"post_tag","embeddable":true,"href":"https:\/\/www.r2cpress.com.br\/v1\/wp-json\/wp\/v2\/tags?post=62226"}],"curies":[{"name":"wp","href":"https:\/\/api.w.org\/{rel}","templated":true}]}}