{"id":62261,"date":"2013-04-02T15:17:07","date_gmt":"2013-04-02T18:17:07","guid":{"rendered":"http:\/\/www.r2cpress.com.br\/v1\/?p=62261"},"modified":"2013-04-02T15:17:07","modified_gmt":"2013-04-02T18:17:07","slug":"sou-fa-cuidado-te-vigio","status":"publish","type":"post","link":"https:\/\/www.r2cpress.com.br\/v1\/2013\/04\/02\/sou-fa-cuidado-te-vigio\/","title":{"rendered":"SOU F\u00c3!,&#8230; cuidado!,&#8230; TE VIGIO!"},"content":{"rendered":"<p style=\"text-align: right;\"><em><strong>por Leonardo Garcia Diniz<\/strong><\/em><\/p>\n<p style=\"text-align: left;\">\n<div style=\"width: 310px\" class=\"wp-caption alignleft\"><img loading=\"lazy\" alt=\"\" src=\"http:\/\/www.r2cpress.com.br\/v1\/wp-content\/uploads\/Leonardo-Garcia-Diniz_3.jpg\" width=\"300\" height=\"262\" \/><p class=\"wp-caption-text\">Leonardo Garcia Diniz.<\/p><\/div>\n<p style=\"text-align: justify;\">Sou uma pessoa destinada a ser f\u00e3, no balan\u00e7o contr\u00e1rio, nunca tive f\u00e3s em meus calcanhares, costumo ser eu a ter que vigiar o comportamento daqueles famosos que me deixam interiormente alucinado (Alucinado: AMOR ou vezes por raiva).<\/p>\n<p>N\u00e3o sou um f\u00e3 tipo macaco de audit\u00f3rio, s\u00f3brio e ordeiro, sou um f\u00e3 comportado e cr\u00edtico.<\/p>\n<p>Enganam-se aqueles que pensam ser o meu olhar d\u00f3cil, ele mais semelha um &#8220;scanner a laser&#8221; perscrutando o c\u00e9rebro do indiv\u00edduo que amo.<\/p>\n<p>F\u00e3 tem um tipo de amor que nunca ser\u00e1 correspondido, pois, ama a algu\u00e9m com quem nunca conviver\u00e1 em seu dia a dia; o amor de f\u00e3 nunca ser\u00e1 rec\u00edproco (J\u00e1 me acostumei a isso).<\/p>\n<p>Por isso, apesar disso, continuo a buscar pessoas para ser o f\u00e3 delas, os, aqueles que s\u00e3o gestores de &#8220;id\u00e9ias e ou de ideais&#8221;.<\/p>\n<p>Creio, nesta altura do campeonato, que um &#8220;cara&#8221; de quem estou me tornando &#8220;f\u00e3&#8221;, pois que incondicional amigo j\u00e1 era, <a href=\"http:\/\/www.facebook.com\/alcides.kruschewsky?group_id=0\" target=\"_blank\">Alcides Kruschewsky<\/a>, deve estar de olhos voltados para o &#8220;S\u00c3O JO\u00c3O&#8221; de &#8220;OLIVEN\u00c7A&#8221;.<\/p>\n<p>O Turista que ficou hospedado aqui no Hotel, este fim de semana pr\u00f3ximo passado, durante o &#8220;Aleluia Ilh\u00e9us&#8221;, foi um turista que esteve Feliz\/alegre com o seu fim de semana, voltou para casa satisfeito com o lazer que pode oferecer a sua fam\u00edlia; pagou e gostou!,&#8230; foi embora alegre e satisfeito!,&#8230; deixou amor!,&#8230; levou carinho!<\/p>\n<p>Vejam e sintam, da\u00ed, o meu olhar de f\u00e3 dado para todos os respons\u00e1veis pela concretiza\u00e7\u00e3o desse maravilhoso e bem sucedido evento.<\/p>\n<p>Beijos para <a href=\"http:\/\/www.facebook.com\/janete.lainha?group_id=0\" target=\"_blank\">Janete Lainha<\/a>, <a href=\"http:\/\/www.facebook.com\/mariadosocorro.mendonca?group_id=0\" target=\"_blank\">Maria Do Socorro Mendon\u00e7a<\/a>, <a href=\"http:\/\/www.facebook.com\/janehilda.badaromourao?group_id=0\" target=\"_blank\">Jane Hilda Badar\u00f3<\/a>, <a href=\"http:\/\/www.facebook.com\/marco.lessa?group_id=0\" target=\"_blank\">Marco Lessa<\/a>, <a href=\"http:\/\/www.facebook.com\/josehenrique.abobreira?group_id=0\" target=\"_blank\">Jos\u00e9 Henrique Abobreira<\/a>, <a href=\"http:\/\/www.facebook.com\/pedrooscar.muller?group_id=0\" target=\"_blank\">Pedro M\u00fcller<\/a> e todos os outros demais que ajudaram e hora n\u00e3o os cito (a lista seria imensa), mas, que em beijando os acima citados estou, de soslaio, igual, especialmente, beijando-os a todos.<\/p>\n<p><a href=\"http:\/\/www.facebook.com\/terras.fim?group_id=0\" target=\"_blank\">Leonardo Diniz<\/a>,<\/p>\n<p style=\"text-align: left;\">\n","protected":false},"excerpt":{"rendered":"<p>por Leonardo Garcia Diniz Sou uma pessoa destinada a ser f\u00e3, no balan\u00e7o contr\u00e1rio, nunca tive f\u00e3s em meus calcanhares, costumo ser eu a ter que vigiar o comportamento daqueles famosos que me deixam interiormente alucinado (Alucinado: AMOR ou vezes por raiva). N\u00e3o sou um f\u00e3 tipo macaco de audit\u00f3rio, s\u00f3brio e ordeiro, sou um [&hellip;]<\/p>\n","protected":false},"author":2,"featured_media":0,"comment_status":"open","ping_status":"open","sticky":false,"template":"","format":"standard","meta":{"_links_to":"","_links_to_target":""},"categories":[10],"tags":[],"_links":{"self":[{"href":"https:\/\/www.r2cpress.com.br\/v1\/wp-json\/wp\/v2\/posts\/62261"}],"collection":[{"href":"https:\/\/www.r2cpress.com.br\/v1\/wp-json\/wp\/v2\/posts"}],"about":[{"href":"https:\/\/www.r2cpress.com.br\/v1\/wp-json\/wp\/v2\/types\/post"}],"author":[{"embeddable":true,"href":"https:\/\/www.r2cpress.com.br\/v1\/wp-json\/wp\/v2\/users\/2"}],"replies":[{"embeddable":true,"href":"https:\/\/www.r2cpress.com.br\/v1\/wp-json\/wp\/v2\/comments?post=62261"}],"version-history":[{"count":3,"href":"https:\/\/www.r2cpress.com.br\/v1\/wp-json\/wp\/v2\/posts\/62261\/revisions"}],"predecessor-version":[{"id":62264,"href":"https:\/\/www.r2cpress.com.br\/v1\/wp-json\/wp\/v2\/posts\/62261\/revisions\/62264"}],"wp:attachment":[{"href":"https:\/\/www.r2cpress.com.br\/v1\/wp-json\/wp\/v2\/media?parent=62261"}],"wp:term":[{"taxonomy":"category","embeddable":true,"href":"https:\/\/www.r2cpress.com.br\/v1\/wp-json\/wp\/v2\/categories?post=62261"},{"taxonomy":"post_tag","embeddable":true,"href":"https:\/\/www.r2cpress.com.br\/v1\/wp-json\/wp\/v2\/tags?post=62261"}],"curies":[{"name":"wp","href":"https:\/\/api.w.org\/{rel}","templated":true}]}}