{"id":62273,"date":"2013-04-02T15:57:55","date_gmt":"2013-04-02T18:57:55","guid":{"rendered":"http:\/\/www.r2cpress.com.br\/v1\/?p=62273"},"modified":"2013-04-02T15:57:55","modified_gmt":"2013-04-02T18:57:55","slug":"pronto-atendimento-da-dengue-ja-funciona-em-ilheus","status":"publish","type":"post","link":"https:\/\/www.r2cpress.com.br\/v1\/2013\/04\/02\/pronto-atendimento-da-dengue-ja-funciona-em-ilheus\/","title":{"rendered":"Pronto Atendimento da Dengue j\u00e1 funciona em Ilh\u00e9us"},"content":{"rendered":"<p>O Pronto Atendimento (PA) da Dengue j\u00e1 est\u00e1 em pleno funcionamento em Ilh\u00e9us, no anexo do Hospital Geral Luiz Viana Filho, no bairro da Conquista. A secret\u00e1ria municipal de Sa\u00fade, Led\u00edvia Espinheira, visitou nesta ter\u00e7a-feira, dia 2, a estrutura montada para o atendimento emergencial dos casos ou suspeitas de dengue e conversou com a equipe t\u00e9cnica que coordena o trabalho no local.<br \/>\n<div id=\"attachment_62274\" style=\"width: 560px\" class=\"wp-caption aligncenter\"><a href=\"http:\/\/www.r2cpress.com.br\/v1\/wp-content\/uploads\/PMI-DENGUE-02-04-2013.jpg\"><img aria-describedby=\"caption-attachment-62274\" loading=\"lazy\" src=\"http:\/\/www.r2cpress.com.br\/v1\/wp-content\/uploads\/PMI-DENGUE-02-04-2013.jpg\" alt=\"Durante a visita ao PA secret\u00e1ria, Led\u00edvia Espinheira, afirma que mutir\u00f5es de limpeza continuar\u00e3o - Foto Gidelzo Silva (Secom-Ilh\u00e9us).\" width=\"550\" height=\"550\" class=\"size-full wp-image-62274\" srcset=\"https:\/\/www.r2cpress.com.br\/v1\/wp-content\/uploads\/PMI-DENGUE-02-04-2013.jpg 550w, https:\/\/www.r2cpress.com.br\/v1\/wp-content\/uploads\/PMI-DENGUE-02-04-2013-150x150.jpg 150w, https:\/\/www.r2cpress.com.br\/v1\/wp-content\/uploads\/PMI-DENGUE-02-04-2013-300x300.jpg 300w\" sizes=\"(max-width: 550px) 100vw, 550px\" \/><\/a><p id=\"caption-attachment-62274\" class=\"wp-caption-text\">Durante a visita ao PA secret\u00e1ria, Led\u00edvia Espinheira, afirma que mutir\u00f5es de limpeza continuar\u00e3o &#8211; Foto Gidelzo Silva (Secom-Ilh\u00e9us).<\/p><\/div><br \/>\nA implanta\u00e7\u00e3o do pronto atendimento &#8211; desde a semana passada &#8211; era uma das metas da Secretaria de Sa\u00fade no mutir\u00e3o de combate \u00e0 dengue no munic\u00edpio, que enfrenta alta incid\u00eancia da doen\u00e7a nesse per\u00edodo do ano. No local h\u00e1 salas de recep\u00e7\u00e3o, de coleta de sangue, de observa\u00e7\u00e3o do paciente, inclusive para crian\u00e7as, e de atendimento m\u00e9dico. Com uma equipe de nove pessoas, o PA da Dengue funciona diariamente das 7 \u00e0s 19 horas, com plant\u00e3o m\u00e9dico.   <\/p>\n<p><!--more--><\/p>\n<p>Cerca de 70 pessoas s\u00e3o atendidas por dia, em m\u00e9dia, no pronto atendimento. Na oportunidade da visita da secret\u00e1ria, ela conversou com o diretor cl\u00ednico do Hospital Geral, Gustavo Cunha, sobre o funcionamento do posto e do pr\u00f3prio hospital. Cunha afirmou que a implanta\u00e7\u00e3o do PA da dengue \u00e9 uma grande ajuda \u00e0 comunidade e ao hospital, porque com o seu funcionamento reduziu-se bastante o atendimento de emerg\u00eancia naquele nosoc\u00f4mio. O servi\u00e7o deve funcionar em local espec\u00edfico at\u00e9 o m\u00eas de junho, quando a incid\u00eancia de dengue come\u00e7a a reduzir em todo o pa\u00eds.<\/p>\n<p>Faxina\u00e7o &#8211; A coordenadora de Vigil\u00e2ncia Epidemiol\u00f3gica da secretaria de Sa\u00fade, Patr\u00edcia Dickie de Almeida, que tamb\u00e9m acompanhou a secret\u00e1ria Led\u00edvia Espinheira, informou que mais tr\u00eas faxina\u00e7os contra a dengue ser\u00e3o realizados ainda este m\u00eas na cidade de Ilh\u00e9us. O pr\u00f3ximo ser\u00e1 na sexta-feira, dia 05, no Alto da Tapera, quando uma grande equipe da Prefeitura, em parceria com a comunidade, far\u00e1 a retirada de res\u00edduos s\u00f3lidos que contribuem para a prolifera\u00e7\u00e3o do mosquito aedes aegypti.<\/p>\n<p>Ser\u00e3o distribu\u00eddos sacos de lixo e folhetos com orienta\u00e7\u00f5es sobre medidas preventivas e de combate \u00e0 dengue, a exemplo do que ocorreu no Alto do Carvalho, h\u00e1 duas semanas. A secretaria tamb\u00e9m distribuir\u00e1, nos casos necess\u00e1rios, telas e tampas para cobertura de ton\u00e9is, caixas d\u2019\u00e1gua e tanques. O mutir\u00e3o conta tamb\u00e9m com a colabora\u00e7\u00e3o da secretaria de Servi\u00e7os Urbanos (Sedur) e da 6\u00aa Diretoria Regional de Sa\u00fade (Dires). Est\u00e3o previstos faxina\u00e7os ainda nos bairros da Conquista e do Salobrinho.<\/p>\n<p>&#8212;<br \/>\nSecretaria de Comunica\u00e7\u00e3o Social (Secom)<br \/>\nIlh\u00e9us \u2013 02.04.2013<\/p>\n","protected":false},"excerpt":{"rendered":"<p>O Pronto Atendimento (PA) da Dengue j\u00e1 est\u00e1 em pleno funcionamento em Ilh\u00e9us, no anexo do Hospital Geral Luiz Viana Filho, no bairro da Conquista. A secret\u00e1ria municipal de Sa\u00fade, Led\u00edvia Espinheira, visitou nesta ter\u00e7a-feira, dia 2, a estrutura montada para o atendimento emergencial dos casos ou suspeitas de dengue e conversou com a equipe [&hellip;]<\/p>\n","protected":false},"author":2,"featured_media":0,"comment_status":"open","ping_status":"open","sticky":false,"template":"","format":"standard","meta":{"_links_to":"","_links_to_target":""},"categories":[23],"tags":[],"_links":{"self":[{"href":"https:\/\/www.r2cpress.com.br\/v1\/wp-json\/wp\/v2\/posts\/62273"}],"collection":[{"href":"https:\/\/www.r2cpress.com.br\/v1\/wp-json\/wp\/v2\/posts"}],"about":[{"href":"https:\/\/www.r2cpress.com.br\/v1\/wp-json\/wp\/v2\/types\/post"}],"author":[{"embeddable":true,"href":"https:\/\/www.r2cpress.com.br\/v1\/wp-json\/wp\/v2\/users\/2"}],"replies":[{"embeddable":true,"href":"https:\/\/www.r2cpress.com.br\/v1\/wp-json\/wp\/v2\/comments?post=62273"}],"version-history":[{"count":3,"href":"https:\/\/www.r2cpress.com.br\/v1\/wp-json\/wp\/v2\/posts\/62273\/revisions"}],"predecessor-version":[{"id":62277,"href":"https:\/\/www.r2cpress.com.br\/v1\/wp-json\/wp\/v2\/posts\/62273\/revisions\/62277"}],"wp:attachment":[{"href":"https:\/\/www.r2cpress.com.br\/v1\/wp-json\/wp\/v2\/media?parent=62273"}],"wp:term":[{"taxonomy":"category","embeddable":true,"href":"https:\/\/www.r2cpress.com.br\/v1\/wp-json\/wp\/v2\/categories?post=62273"},{"taxonomy":"post_tag","embeddable":true,"href":"https:\/\/www.r2cpress.com.br\/v1\/wp-json\/wp\/v2\/tags?post=62273"}],"curies":[{"name":"wp","href":"https:\/\/api.w.org\/{rel}","templated":true}]}}