{"id":62288,"date":"2013-04-02T18:37:16","date_gmt":"2013-04-02T21:37:16","guid":{"rendered":"http:\/\/www.r2cpress.com.br\/v1\/?p=62288"},"modified":"2013-04-02T18:37:16","modified_gmt":"2013-04-02T21:37:16","slug":"educadores-participam-do-lancamento-do-programa-nacional-pela-alfabetizacao-na-idade-certa-em-ilheus","status":"publish","type":"post","link":"https:\/\/www.r2cpress.com.br\/v1\/2013\/04\/02\/educadores-participam-do-lancamento-do-programa-nacional-pela-alfabetizacao-na-idade-certa-em-ilheus\/","title":{"rendered":"Educadores participam do lan\u00e7amento do Programa Nacional pela Alfabetiza\u00e7\u00e3o na Idade Certa em Ilh\u00e9us"},"content":{"rendered":"<p>Professores, diretores, supervisores e orientadores da rede municipal de ensino de Ilh\u00e9us participaram nesta segunda-feira, 1\u00ba de abril, no audit\u00f3rio da Faculdade de Ilh\u00e9us, do lan\u00e7amento do Programa Nacional pela Alfabetiza\u00e7\u00e3o na Idade Certa no munic\u00edpio, que contou com a palestra do Presidente do Conselho Municipal de Educa\u00e7\u00e3o, o professor Reinaldo Soares. Estiveram presentes no lan\u00e7amento do programa, 394 profissionais da educa\u00e7\u00e3o, que v\u00e3o alfabetizar crian\u00e7as de at\u00e9 oito anos de idade.<br \/>\n<div id=\"attachment_62289\" style=\"width: 510px\" class=\"wp-caption aligncenter\"><a href=\"http:\/\/www.r2cpress.com.br\/v1\/wp-content\/uploads\/Presidente-do-Conselho-Municipal-de-Educa\u00e7\u00e3o-Reinaldo-Soares-profere-palestra-de-lan\u00e7amento-do-programa-Foto-Gidelzo-Silva-Secom-Ilh\u00e9us-14.jpg\"><img aria-describedby=\"caption-attachment-62289\" loading=\"lazy\" src=\"http:\/\/www.r2cpress.com.br\/v1\/wp-content\/uploads\/Presidente-do-Conselho-Municipal-de-Educa\u00e7\u00e3o-Reinaldo-Soares-profere-palestra-de-lan\u00e7amento-do-programa-Foto-Gidelzo-Silva-Secom-Ilh\u00e9us-14.jpg\" alt=\"Presidente do Conselho Municipal de Educa\u00e7\u00e3o, Reinaldo Soares, profere palestra de lan\u00e7amento do programa - Foto Gidelzo Silva (Secom-Ilh\u00e9us).\" width=\"500\" height=\"249\" class=\"size-full wp-image-62289\" srcset=\"https:\/\/www.r2cpress.com.br\/v1\/wp-content\/uploads\/Presidente-do-Conselho-Municipal-de-Educa\u00e7\u00e3o-Reinaldo-Soares-profere-palestra-de-lan\u00e7amento-do-programa-Foto-Gidelzo-Silva-Secom-Ilh\u00e9us-14.jpg 500w, https:\/\/www.r2cpress.com.br\/v1\/wp-content\/uploads\/Presidente-do-Conselho-Municipal-de-Educa\u00e7\u00e3o-Reinaldo-Soares-profere-palestra-de-lan\u00e7amento-do-programa-Foto-Gidelzo-Silva-Secom-Ilh\u00e9us-14-300x149.jpg 300w\" sizes=\"(max-width: 500px) 100vw, 500px\" \/><\/a><p id=\"caption-attachment-62289\" class=\"wp-caption-text\">Presidente do Conselho Municipal de Educa\u00e7\u00e3o, Reinaldo Soares, profere palestra de lan\u00e7amento do programa &#8211; Foto Gidelzo Silva (Secom-Ilh\u00e9us).<\/p><\/div><br \/>\nA coordenadora municipal do programa, Fabiana Leit\u00e3o Bezerra Santos,  destacou a necessidade de melhorar a qualidade da educa\u00e7\u00e3o formal. Durante o ano letivo, o professor ir\u00e1 trabalhar para que o aluno tenha base alfab\u00e9tica para o bom desempenho escolar, sobretudo em l\u00edngua portuguesa e matem\u00e1tica.<\/p>\n<p>Desenvolvido em Ilh\u00e9us desde 2011, uma das prioridades do programa \u00e9 a extin\u00e7\u00e3o do analfabetismo, oferecendo acompanhamento aos professores e sensibilizando os gestores. \u201cCom o objetivo de avaliar a atua\u00e7\u00e3o do aluno, faremos encontros mensais de capacita\u00e7\u00e3o e forma\u00e7\u00e3o com os professores. O primeiro de uma s\u00e9rie est\u00e1 previsto para ocorrer entre os dias 15 e 19 deste m\u00eas, em local a ser divulgado posteriormente pela secret\u00e1ria de Educa\u00e7\u00e3o, Marl\u00facia Rocha\u201d, disse Fabiana Leit\u00e3o.<\/p>\n<p>De acordo com o programa, cabe ao munic\u00edpio garantir a participa\u00e7\u00e3o dos professores alfabetizadores nas atividades de forma\u00e7\u00e3o, ofertar o refor\u00e7o escolar e montar espa\u00e7os para a leitura. \u201cNo momento, estamos aguardando que o Minist\u00e9rio da Educa\u00e7\u00e3o envie os kits de materiais que ser\u00e3o entregues aos alunos e aos professores\u201d, ressaltou a coordenadora. O programa Nacional pela Alfabetiza\u00e7\u00e3o na Idade Certa \u00e9 um compromisso firmado entre o governo Federal, estados e munic\u00edpios.<\/p>\n<p>&#8212;<br \/>\nSecretaria de Comunica\u00e7\u00e3o Social (Secom)<br \/>\nIlh\u00e9us \u2013 02.04.2013<\/p>\n","protected":false},"excerpt":{"rendered":"<p>Professores, diretores, supervisores e orientadores da rede municipal de ensino de Ilh\u00e9us participaram nesta segunda-feira, 1\u00ba de abril, no audit\u00f3rio da Faculdade de Ilh\u00e9us, do lan\u00e7amento do Programa Nacional pela Alfabetiza\u00e7\u00e3o na Idade Certa no munic\u00edpio, que contou com a palestra do Presidente do Conselho Municipal de Educa\u00e7\u00e3o, o professor Reinaldo Soares. Estiveram presentes no [&hellip;]<\/p>\n","protected":false},"author":2,"featured_media":0,"comment_status":"open","ping_status":"open","sticky":false,"template":"","format":"standard","meta":{"_links_to":"","_links_to_target":""},"categories":[23],"tags":[],"_links":{"self":[{"href":"https:\/\/www.r2cpress.com.br\/v1\/wp-json\/wp\/v2\/posts\/62288"}],"collection":[{"href":"https:\/\/www.r2cpress.com.br\/v1\/wp-json\/wp\/v2\/posts"}],"about":[{"href":"https:\/\/www.r2cpress.com.br\/v1\/wp-json\/wp\/v2\/types\/post"}],"author":[{"embeddable":true,"href":"https:\/\/www.r2cpress.com.br\/v1\/wp-json\/wp\/v2\/users\/2"}],"replies":[{"embeddable":true,"href":"https:\/\/www.r2cpress.com.br\/v1\/wp-json\/wp\/v2\/comments?post=62288"}],"version-history":[{"count":2,"href":"https:\/\/www.r2cpress.com.br\/v1\/wp-json\/wp\/v2\/posts\/62288\/revisions"}],"predecessor-version":[{"id":62291,"href":"https:\/\/www.r2cpress.com.br\/v1\/wp-json\/wp\/v2\/posts\/62288\/revisions\/62291"}],"wp:attachment":[{"href":"https:\/\/www.r2cpress.com.br\/v1\/wp-json\/wp\/v2\/media?parent=62288"}],"wp:term":[{"taxonomy":"category","embeddable":true,"href":"https:\/\/www.r2cpress.com.br\/v1\/wp-json\/wp\/v2\/categories?post=62288"},{"taxonomy":"post_tag","embeddable":true,"href":"https:\/\/www.r2cpress.com.br\/v1\/wp-json\/wp\/v2\/tags?post=62288"}],"curies":[{"name":"wp","href":"https:\/\/api.w.org\/{rel}","templated":true}]}}