{"id":62295,"date":"2013-04-02T22:59:19","date_gmt":"2013-04-03T01:59:19","guid":{"rendered":"http:\/\/www.r2cpress.com.br\/v1\/?p=62295"},"modified":"2013-04-02T22:59:19","modified_gmt":"2013-04-03T01:59:19","slug":"c-o-n-v-i-t-e-45","status":"publish","type":"post","link":"https:\/\/www.r2cpress.com.br\/v1\/2013\/04\/02\/c-o-n-v-i-t-e-45\/","title":{"rendered":"C O N V I T E"},"content":{"rendered":"<p>Na pr\u00f3xima sexta-feira, dia 05 de abril, faremos um Encontro de Mobiliza\u00e7\u00e3o para Coleta de Assinaturas em Ilh\u00e9us-Ba.O encontro tem como objetivo ofertar um espa\u00e7o de troca de experi\u00eancias e compartilhar estrat\u00e9gias de abordagem e di\u00e1logo sobre a Rede Sustentabilidade.<\/p>\n<p>O encontro ser\u00e1 realizado no Plen\u00e1rio da C\u00e2mara de Vereadores a partir das 17 hs. com a participa\u00e7\u00e3o especial do prof.Julio Rocha , integrante da Comiss\u00e3o Nacional da Rede e um dos coordenadores do processo de coleta de assinaturas.<\/p>\n<p>Esperamos voc\u00eas,<\/p>\n<p>Comiss\u00e3o Executiva da Rede Sustentabilidade-Ilh\u00e9us-Ba.<\/p>\n","protected":false},"excerpt":{"rendered":"<p>Na pr\u00f3xima sexta-feira, dia 05 de abril, faremos um Encontro de Mobiliza\u00e7\u00e3o para Coleta de Assinaturas em Ilh\u00e9us-Ba.O encontro tem como objetivo ofertar um espa\u00e7o de troca de experi\u00eancias e compartilhar estrat\u00e9gias de abordagem e di\u00e1logo sobre a Rede Sustentabilidade. O encontro ser\u00e1 realizado no Plen\u00e1rio da C\u00e2mara de Vereadores a partir das 17 hs. [&hellip;]<\/p>\n","protected":false},"author":2,"featured_media":0,"comment_status":"open","ping_status":"open","sticky":false,"template":"","format":"standard","meta":{"_links_to":"","_links_to_target":""},"categories":[10],"tags":[],"_links":{"self":[{"href":"https:\/\/www.r2cpress.com.br\/v1\/wp-json\/wp\/v2\/posts\/62295"}],"collection":[{"href":"https:\/\/www.r2cpress.com.br\/v1\/wp-json\/wp\/v2\/posts"}],"about":[{"href":"https:\/\/www.r2cpress.com.br\/v1\/wp-json\/wp\/v2\/types\/post"}],"author":[{"embeddable":true,"href":"https:\/\/www.r2cpress.com.br\/v1\/wp-json\/wp\/v2\/users\/2"}],"replies":[{"embeddable":true,"href":"https:\/\/www.r2cpress.com.br\/v1\/wp-json\/wp\/v2\/comments?post=62295"}],"version-history":[{"count":2,"href":"https:\/\/www.r2cpress.com.br\/v1\/wp-json\/wp\/v2\/posts\/62295\/revisions"}],"predecessor-version":[{"id":62297,"href":"https:\/\/www.r2cpress.com.br\/v1\/wp-json\/wp\/v2\/posts\/62295\/revisions\/62297"}],"wp:attachment":[{"href":"https:\/\/www.r2cpress.com.br\/v1\/wp-json\/wp\/v2\/media?parent=62295"}],"wp:term":[{"taxonomy":"category","embeddable":true,"href":"https:\/\/www.r2cpress.com.br\/v1\/wp-json\/wp\/v2\/categories?post=62295"},{"taxonomy":"post_tag","embeddable":true,"href":"https:\/\/www.r2cpress.com.br\/v1\/wp-json\/wp\/v2\/tags?post=62295"}],"curies":[{"name":"wp","href":"https:\/\/api.w.org\/{rel}","templated":true}]}}