{"id":62298,"date":"2013-04-02T23:04:51","date_gmt":"2013-04-03T02:04:51","guid":{"rendered":"http:\/\/www.r2cpress.com.br\/v1\/?p=62298"},"modified":"2013-04-02T23:04:51","modified_gmt":"2013-04-03T02:04:51","slug":"creche-dom-eduardo-retoma-atividades","status":"publish","type":"post","link":"https:\/\/www.r2cpress.com.br\/v1\/2013\/04\/02\/creche-dom-eduardo-retoma-atividades\/","title":{"rendered":"Creche Dom Eduardo retoma atividades"},"content":{"rendered":"<p>Depois da for\u00e7a-tarefa, organizada pela Prefeitura de Ilh\u00e9us, atrav\u00e9s da Secretaria Municipal de Educa\u00e7\u00e3o (Seduc), as unidades educacionais da rede municipal de ensino que se encontravam degradadas j\u00e1 come\u00e7am a atender \u00e0 popula\u00e7\u00e3o. Nesta segunda-feira, 1\u00ba de abril, a Creche Dom Eduardo, iniciou as atividades do ano letivo de 2013.<br \/>\n<div id=\"attachment_62299\" style=\"width: 510px\" class=\"wp-caption aligncenter\"><a href=\"http:\/\/www.r2cpress.com.br\/v1\/wp-content\/uploads\/Creche-Dom-Eduardo-Foto-Alfredo-Filho-Secom-Ilh\u00e9us-1.jpg\"><img aria-describedby=\"caption-attachment-62299\" loading=\"lazy\" src=\"http:\/\/www.r2cpress.com.br\/v1\/wp-content\/uploads\/Creche-Dom-Eduardo-Foto-Alfredo-Filho-Secom-Ilh\u00e9us-1.jpg\" alt=\"Creche Dom Eduardo - Foto Alfredo Filho - Secom Ilh\u00e9us (1)\" width=\"500\" height=\"333\" class=\"size-full wp-image-62299\" srcset=\"https:\/\/www.r2cpress.com.br\/v1\/wp-content\/uploads\/Creche-Dom-Eduardo-Foto-Alfredo-Filho-Secom-Ilh\u00e9us-1.jpg 500w, https:\/\/www.r2cpress.com.br\/v1\/wp-content\/uploads\/Creche-Dom-Eduardo-Foto-Alfredo-Filho-Secom-Ilh\u00e9us-1-300x199.jpg 300w\" sizes=\"(max-width: 500px) 100vw, 500px\" \/><\/a><p id=\"caption-attachment-62299\" class=\"wp-caption-text\">Creche Dom Eduardo &#8211; Foto Alfredo Filho &#8211; Secom Ilh\u00e9us (1)<\/p><\/div><br \/>\nNa unidade, foram realizados reparos no telhado e no forro, ajustes na infraestrutura dos compartimentos da creche, al\u00e9m de pintura geral. S\u00e3o atendidas na Dom Eduardo 150 crian\u00e7as de tr\u00eas a cinco anos, que participam de atividades l\u00fadico-pedag\u00f3gicas.<\/p>\n<p>A creche funciona de 7h30 \u00e0s 11h30, e das 13 \u00e0s 16h30. Segundo a diretora, Jovelina Mendon\u00e7a, a previs\u00e3o da secretaria \u00e9 atender as crian\u00e7as em tempo integral. Para tanto, a prefeitura est\u00e1 somando esfor\u00e7os para oferecer todas as refei\u00e7\u00f5es aos alunos.<\/p>\n<p>&#8212;<br \/>\nSecretaria de Comunica\u00e7\u00e3o Social (Secom)<br \/>\nIlh\u00e9us \u2013 02.04.2013<\/p>\n","protected":false},"excerpt":{"rendered":"<p>Depois da for\u00e7a-tarefa, organizada pela Prefeitura de Ilh\u00e9us, atrav\u00e9s da Secretaria Municipal de Educa\u00e7\u00e3o (Seduc), as unidades educacionais da rede municipal de ensino que se encontravam degradadas j\u00e1 come\u00e7am a atender \u00e0 popula\u00e7\u00e3o. Nesta segunda-feira, 1\u00ba de abril, a Creche Dom Eduardo, iniciou as atividades do ano letivo de 2013. Na unidade, foram realizados reparos [&hellip;]<\/p>\n","protected":false},"author":2,"featured_media":0,"comment_status":"open","ping_status":"open","sticky":false,"template":"","format":"standard","meta":{"_links_to":"","_links_to_target":""},"categories":[23],"tags":[],"_links":{"self":[{"href":"https:\/\/www.r2cpress.com.br\/v1\/wp-json\/wp\/v2\/posts\/62298"}],"collection":[{"href":"https:\/\/www.r2cpress.com.br\/v1\/wp-json\/wp\/v2\/posts"}],"about":[{"href":"https:\/\/www.r2cpress.com.br\/v1\/wp-json\/wp\/v2\/types\/post"}],"author":[{"embeddable":true,"href":"https:\/\/www.r2cpress.com.br\/v1\/wp-json\/wp\/v2\/users\/2"}],"replies":[{"embeddable":true,"href":"https:\/\/www.r2cpress.com.br\/v1\/wp-json\/wp\/v2\/comments?post=62298"}],"version-history":[{"count":2,"href":"https:\/\/www.r2cpress.com.br\/v1\/wp-json\/wp\/v2\/posts\/62298\/revisions"}],"predecessor-version":[{"id":62301,"href":"https:\/\/www.r2cpress.com.br\/v1\/wp-json\/wp\/v2\/posts\/62298\/revisions\/62301"}],"wp:attachment":[{"href":"https:\/\/www.r2cpress.com.br\/v1\/wp-json\/wp\/v2\/media?parent=62298"}],"wp:term":[{"taxonomy":"category","embeddable":true,"href":"https:\/\/www.r2cpress.com.br\/v1\/wp-json\/wp\/v2\/categories?post=62298"},{"taxonomy":"post_tag","embeddable":true,"href":"https:\/\/www.r2cpress.com.br\/v1\/wp-json\/wp\/v2\/tags?post=62298"}],"curies":[{"name":"wp","href":"https:\/\/api.w.org\/{rel}","templated":true}]}}