{"id":62302,"date":"2013-04-02T23:40:41","date_gmt":"2013-04-03T02:40:41","guid":{"rendered":"http:\/\/www.r2cpress.com.br\/v1\/?p=62302"},"modified":"2013-04-02T23:41:19","modified_gmt":"2013-04-03T02:41:19","slug":"diocese-de-ilheus-13","status":"publish","type":"post","link":"https:\/\/www.r2cpress.com.br\/v1\/2013\/04\/02\/diocese-de-ilheus-13\/","title":{"rendered":"DIOCESE DE ILH\u00c9US."},"content":{"rendered":"<p>&nbsp;<\/p>\n<div id=\"attachment_62303\" style=\"width: 560px\" class=\"wp-caption aligncenter\"><a href=\"http:\/\/www.r2cpress.com.br\/v1\/wp-content\/uploads\/tr\u00edduo-pascal.jpg\"><img aria-describedby=\"caption-attachment-62303\" loading=\"lazy\" class=\"size-full wp-image-62303\" alt=\"Tr\u00edduo Pascal na Catedral.\" src=\"http:\/\/www.r2cpress.com.br\/v1\/wp-content\/uploads\/tr\u00edduo-pascal.jpg\" width=\"550\" height=\"413\" srcset=\"https:\/\/www.r2cpress.com.br\/v1\/wp-content\/uploads\/tr\u00edduo-pascal.jpg 550w, https:\/\/www.r2cpress.com.br\/v1\/wp-content\/uploads\/tr\u00edduo-pascal-300x225.jpg 300w\" sizes=\"(max-width: 550px) 100vw, 550px\" \/><\/a><p id=\"caption-attachment-62303\" class=\"wp-caption-text\">Tr\u00edduo Pascal na Catedral.<\/p><\/div>\n<p>Come\u00e7ou na Quinta-Feira Santa e foi at\u00e9 a Vig\u00edlia Pascal no S\u00e1bado. Dom Mauro presidiu a celebra\u00e7\u00e3o da ceia do Senhor com o lava p\u00e9s quando lavou os p\u00e9s de 12 jovens, pois a Juventude foi o tema da CF 2013.<\/p>\n<p>Na Sexta-Feira Santa, recordamos durante a Celebra\u00e7\u00e3o da Proclama\u00e7\u00e3o da Paix\u00e3o e Morte de Nosso Senhor Jesus Cristo e a Prociss\u00e3o do Senhor Morto, os \u00faltimos momentos da Agonia da Paix\u00e3o e Morte e principalmente do cumprimento das Palavras de Jesus quando nos diz que: <i>\u201cNingu\u00e9m tem Maior Amor, que aquele que d\u00e1 a Vida por seus amigos.\u201d<\/i><\/p>\n<p>Na Vig\u00edlia Pascal iniciamos com a ben\u00e7\u00e3o do Fogo no \u00e1trio da igreja S\u00e3o Jorge, debaixo de chuva, o acendimento do C\u00edrio Pascal dentro da igreja e,\u00a0 embaixo de chuva, sa\u00edmos em caminhada para a catedral, Foi cantado o prec\u00f4nio pascal que comemora a vit\u00f3ria da vida sobre a morte, isto \u00e9, a Ressurrei\u00e7\u00e3o do Senhor Jesus\u00a0 Cristo. A seguir ouvimos as leituras b\u00edblicas referentes \u00e0 hist\u00f3ria da Salva\u00e7\u00e3o que culminou com o grande louvor pascal com o canto do Gl\u00f3ria.<\/p>\n<p>Depois a missa seguiu normalmente. A catedral esteve repleta de fi\u00e9is.<\/p>\n<p>Neste ano do centen\u00e1rio da diocese devemos intensificar o nosso amor e compromisso com o Senhor ressuscitado e para que possamos dizer: <b><i>\u201cO que Vimos e Ouvimos, N\u00f3s Anunciamos (1Jo 1,3)<\/i><\/b><\/p>\n<p>\u00c1lbuns do Tr\u00edduo Pascal no Facebook, para quem tem Perfil.<\/p>\n<p><strong>Quinta-Feira Santa:<\/strong><\/p>\n<p><a href=\"http:\/\/www.facebook.com\/media\/set\/?set=a.330016537121706.1073741830.100003400876257&amp;type=3\">http:\/\/www.facebook.com\/media\/set\/?set=a.330016537121706.1073741830.100003400876257&amp;type=3<\/a><\/p>\n<p><strong>Celebra\u00e7\u00e3o da Proclama\u00e7\u00e3o da Paix\u00e3o e Morte de Cristo<\/strong><\/p>\n<p><a href=\"http:\/\/www.facebook.com\/media\/set\/?set=a.430178193741126.1073741835.100002468486239&amp;type=3\">http:\/\/www.facebook.com\/media\/set\/?set=a.430178193741126.1073741835.100002468486239&amp;type=3<\/a><\/p>\n<p><strong>Prociss\u00e3o do Senhor Morto<\/strong><\/p>\n<p><a href=\"http:\/\/www.facebook.com\/media\/set\/?set=a.430184210407191.1073741836.100002468486239&amp;type=3\">http:\/\/www.facebook.com\/media\/set\/?set=a.430184210407191.1073741836.100002468486239&amp;type=3<\/a><\/p>\n<p><strong>Noite da Vig\u00edlia Pascal<\/strong><\/p>\n<p><a href=\"http:\/\/www.facebook.com\/media\/set\/?set=a.430702257022053.1073741838.100002468486239&amp;type=3\">http:\/\/www.facebook.com\/media\/set\/?set=a.430702257022053.1073741838.100002468486239&amp;type=3<\/a><\/p>\n","protected":false},"excerpt":{"rendered":"<p>&nbsp; Come\u00e7ou na Quinta-Feira Santa e foi at\u00e9 a Vig\u00edlia Pascal no S\u00e1bado. Dom Mauro presidiu a celebra\u00e7\u00e3o da ceia do Senhor com o lava p\u00e9s quando lavou os p\u00e9s de 12 jovens, pois a Juventude foi o tema da CF 2013. Na Sexta-Feira Santa, recordamos durante a Celebra\u00e7\u00e3o da Proclama\u00e7\u00e3o da Paix\u00e3o e Morte [&hellip;]<\/p>\n","protected":false},"author":2,"featured_media":0,"comment_status":"open","ping_status":"open","sticky":false,"template":"","format":"standard","meta":{"_links_to":"","_links_to_target":""},"categories":[14],"tags":[],"_links":{"self":[{"href":"https:\/\/www.r2cpress.com.br\/v1\/wp-json\/wp\/v2\/posts\/62302"}],"collection":[{"href":"https:\/\/www.r2cpress.com.br\/v1\/wp-json\/wp\/v2\/posts"}],"about":[{"href":"https:\/\/www.r2cpress.com.br\/v1\/wp-json\/wp\/v2\/types\/post"}],"author":[{"embeddable":true,"href":"https:\/\/www.r2cpress.com.br\/v1\/wp-json\/wp\/v2\/users\/2"}],"replies":[{"embeddable":true,"href":"https:\/\/www.r2cpress.com.br\/v1\/wp-json\/wp\/v2\/comments?post=62302"}],"version-history":[{"count":5,"href":"https:\/\/www.r2cpress.com.br\/v1\/wp-json\/wp\/v2\/posts\/62302\/revisions"}],"predecessor-version":[{"id":62307,"href":"https:\/\/www.r2cpress.com.br\/v1\/wp-json\/wp\/v2\/posts\/62302\/revisions\/62307"}],"wp:attachment":[{"href":"https:\/\/www.r2cpress.com.br\/v1\/wp-json\/wp\/v2\/media?parent=62302"}],"wp:term":[{"taxonomy":"category","embeddable":true,"href":"https:\/\/www.r2cpress.com.br\/v1\/wp-json\/wp\/v2\/categories?post=62302"},{"taxonomy":"post_tag","embeddable":true,"href":"https:\/\/www.r2cpress.com.br\/v1\/wp-json\/wp\/v2\/tags?post=62302"}],"curies":[{"name":"wp","href":"https:\/\/api.w.org\/{rel}","templated":true}]}}