{"id":62313,"date":"2013-04-03T00:05:31","date_gmt":"2013-04-03T03:05:31","guid":{"rendered":"http:\/\/www.r2cpress.com.br\/v1\/?p=62313"},"modified":"2013-04-03T00:05:31","modified_gmt":"2013-04-03T03:05:31","slug":"prefeitura-de-itabuna-62","status":"publish","type":"post","link":"https:\/\/www.r2cpress.com.br\/v1\/2013\/04\/03\/prefeitura-de-itabuna-62\/","title":{"rendered":"Prefeitura de Itabuna"},"content":{"rendered":"<p><center><a href=\"http:\/\/www.r2cpress.com.br\/v1\/wp-content\/uploads\/CAPA-R2CPRESS104.jpg\"><img loading=\"lazy\" src=\"http:\/\/www.r2cpress.com.br\/v1\/wp-content\/uploads\/CAPA-R2CPRESS104.jpg\" alt=\"CAPA R2CPRESS\" width=\"500\" height=\"500\" class=\"aligncenter size-full wp-image-62314\" srcset=\"https:\/\/www.r2cpress.com.br\/v1\/wp-content\/uploads\/CAPA-R2CPRESS104.jpg 500w, https:\/\/www.r2cpress.com.br\/v1\/wp-content\/uploads\/CAPA-R2CPRESS104-150x150.jpg 150w, https:\/\/www.r2cpress.com.br\/v1\/wp-content\/uploads\/CAPA-R2CPRESS104-300x300.jpg 300w\" sizes=\"(max-width: 500px) 100vw, 500px\" \/><\/a><br \/>\n<strong>Prefeitura regulariza Transporte Escolar em Itabuna<br \/>\nSEC organiza a\u00e7\u00f5es do Pacto pela Alfabetiza\u00e7\u00e3o em Itabuna<br \/>\nAtendimento da Sala do Empreendedor passa a ser na Prefeitura<br \/>\nPrograma de aten\u00e7\u00e3o \u00e0 gestante ser\u00e1 ampliado<br \/>\nVistoria de taxis em Itabuna ser\u00e1 at\u00e9 sexta-feira<\/strong><\/center><\/p>\n<p><!--more--><\/p>\n<p>***<\/p>\n<p><strong>Prefeitura regulariza Transporte Escolar em Itabuna<\/strong><\/p>\n<p>\tA Prefeitura de Itabuna j\u00e1 regularizou o transporte para os alunos que moram no campo e estudam nas escolas localizadas no setor urbano do munic\u00edpio, com a contrata\u00e7\u00e3o emergencial de uma empresa especializada que atende as normas de seguran\u00e7a exigidas para o transporte escolar. O servi\u00e7o voltou \u00e0 normalidade com a utiliza\u00e7\u00e3o de oito \u00f4nibus que operam a mesma quantidade de linhas.<br \/>\n\tO atraso na regulariza\u00e7\u00e3o do transporte escolar, segundo informou o assessor de Planejamento da Secretaria da Educa\u00e7\u00e3o (SEC), Guilherme Santos, foi em fun\u00e7\u00e3o de as empresas que participaram dos dois processos de Licita\u00e7\u00e3o P\u00fablica realizados pela Prefeitura n\u00e3o se habilitar. Ele explica que o contrato emergencial assinado com a Terra Nova Transportes tem validade por 30 dias, prazo previsto para realiza\u00e7\u00e3o de nova licita\u00e7\u00e3o.<br \/>\nGuilherme Santos diz que o n\u00e3o cumprimento das exig\u00eancias legais do edital, a exemplo da frota com at\u00e9 10 anos de vida \u00fatil, registro no Conselho Regional de Administra\u00e7\u00e3o, motoristas com certifica\u00e7\u00e3o de participa\u00e7\u00e3o em curso de transporte de estudantes, seguro contra acidentes, al\u00e9m de equipamentos de seguran\u00e7a \u2013 extintores, cintos, etc. \u2013 foram alguns dos impedimentos que inviabilizaram a habilita\u00e7\u00e3o das empresas no processo licitat\u00f3rio.<br \/>\n\u201cVisando assegurar o acesso dos estudantes \u00e0s escolas e evitar preju\u00edzos ao calend\u00e1rio escolar, tivemos que realizar este contrato emergencial. Entretanto, j\u00e1 estamos tomando todas as provid\u00eancias para iniciar uma nova licita\u00e7\u00e3o. At\u00e9 l\u00e1, esperamos que as empresas tenham sanado as pend\u00eancias e participem do novo processo em conformidade com o edital\u201d, comentou Guilherme Santos.<br \/>\nEm rela\u00e7\u00e3o ao contrato com a Terra Nova, o assessor de Planejamento da SEC observa que a empresa n\u00e3o teve conhecimento das licita\u00e7\u00f5es realizadas pela Prefeitura, mas, atendia \u00e0s exig\u00eancias previstas, inclusive para a situa\u00e7\u00e3o emergencial. Foram locados seis \u00f4nibus e um ve\u00edculo tipo van, que juntamente com os dois \u00f4nibus da frota da SEC fazem o transporte dos alunos dos distritos de Itamarac\u00e1 e Mutuns, al\u00e9m das localidades de Ribeir\u00e3o Seco, Serrado, Fazenda Primavera, Ferradas e Nova Ferradas. O transporte escolar tamb\u00e9m atende alunos do setor urbano que estudam em unidades escolares distantes de suas resid\u00eancias.<br \/>\nParalelo \u00e0 regulariza\u00e7\u00e3o do servi\u00e7o, a Secretaria da Educa\u00e7\u00e3o est\u00e1 aguardando a libera\u00e7\u00e3o de recursos do Minist\u00e9rio da Educa\u00e7\u00e3o para a aquisi\u00e7\u00e3o de dois novos \u00f4nibus para o servi\u00e7o de transporte escolar, atrav\u00e9s do Programa a Caminho da Escola. Os novos ve\u00edculos ser\u00e3o adaptados com elevadores e boxes para o transporte de cadeirantes.<\/p>\n<p><strong>SEC organiza a\u00e7\u00f5es do Pacto pela Alfabetiza\u00e7\u00e3o em Itabuna<\/strong><\/p>\n<p>\tA partir deste m\u00eas a Secretaria da Educa\u00e7\u00e3o (SEC) de Itabuna come\u00e7ar\u00e1 a executar as a\u00e7\u00f5es do Pacto Nacional pela Alfabetiza\u00e7\u00e3o na Idade Certa (PNAIC), com a forma\u00e7\u00e3o de 280 professores alfabetizadores. Para tanto, a SEC aguarda o recebimento dos materiais pedag\u00f3gicos, encaminhados \u00e0s escolas pelo Minist\u00e9rio da Educa\u00e7\u00e3o (MEC).<br \/>\n\tA forma\u00e7\u00e3o dos professores que atuam no segmento da alfabetiza\u00e7\u00e3o acontecer\u00e1 em 16 unidades escolares com estudos presenciais, atividades extra-salas e semin\u00e1rios, totalizando 240 horas num per\u00edodo de dois anos no contraturno da atividade docente em sala de aula.<br \/>\nAssinado em maio de 2011, o PNAIC \u00e9 um compromisso formal assumido pelos governos federal e dos estados e munic\u00edpios para assegurar que todas as crian\u00e7as estejam alfabetizadas at\u00e9 os oito anos de idade, ao final do 3\u00ba ano do ensino fundamental, que no caso de Itabuna corresponde ao final do Ciclo da Inf\u00e2ncia.<br \/>\n\tA coordenadora municipal do Pacto Nacional pela Alfabetiza\u00e7\u00e3o na Idade Certa, professora M\u00e1rcia Lima Souza, disse que com a ades\u00e3o ao PNAIC, al\u00e9m de assumir a obriga\u00e7\u00e3o de alfabetizar todas as crian\u00e7as em l\u00edngua portuguesa e em matem\u00e1tica, o governo municipal tamb\u00e9m se compromete em realizar avalia\u00e7\u00f5es anuais universais, aplicadas pelo INEP, junto aos concluintes do 3\u00ba ano do ensino fundamental.<br \/>\n\t\u201cComo resultado do Pacto, o governo espera elevar os \u00edndices de alfabetiza\u00e7\u00e3o dos alunos matriculados no Ciclo da Inf\u00e2ncia e, conseq\u00fcentemente, melhorar a qualidade da educa\u00e7\u00e3o ofertada nas escolas do munic\u00edpio\u201d, argumenta M\u00e1rcia Leite. Ela ressalta que al\u00e9m do material did\u00e1tico e forma\u00e7\u00e3o, os professores alfabetizadores receberam mensalmente uma bolsa de incentivo no valor de R$ 200 do MEC.<br \/>\n\tPara executar o processo de forma\u00e7\u00e3o dos professores, a SEC mobilizar\u00e1 12 orientadores de estudos que, por sua vez, ser\u00e3o capacitados pela Universidade Federal do Rec\u00f4ncavo (UFRB), atrav\u00e9s de parceria estabelecida com a Universidade Estadual de Santa Cruz (Uesc). A UFRB \u00e9 a institui\u00e7\u00e3o de ensino superior respons\u00e1vel pela forma\u00e7\u00e3o dos docentes alfabetizadores na Bahia. <\/p>\n<p><strong>Atendimento da Sala do Empreendedor passa a ser na Prefeitura<\/strong><\/p>\n<p>A Sala do Empreendedor passar\u00e1 a funcionar na Secretaria de Ind\u00fastria, Com\u00e9rcio e Turismo, no Centro Administrativo Firmino Alves, no bairro S\u00e3o Caetano, para atendimento ao p\u00fablico das 8 \u00e0s 14 horas. O projeto at\u00e9 a semana passada estava funcionando em um estande montado na Pra\u00e7a Adami, centro da cidade.<br \/>\nO projeto \u00e9 uma parceria entre a Prefeitura, Sebrae, CDL, Caixa Econ\u00f4mica Federal (CEF) e Ampesba para facilitar ao cidad\u00e3o condi\u00e7\u00f5es para sair da informalidade, abrir o seu pr\u00f3prio neg\u00f3cio e tornar o microempreendimento mais rent\u00e1vel. Na Sala do Empreendedor, os interessados encontram orienta\u00e7\u00f5es para o planejamento, abertura e registro, fortalecimento e desenvolvimento empresarial. <\/p>\n<p><strong>Programa de aten\u00e7\u00e3o \u00e0 gestante ser\u00e1 ampliado <\/strong><\/p>\n<p>O programa municipal de aten\u00e7\u00e3o \u00e0 gestante carente mantido pela Secretaria de Assist\u00eancia Social de Itabuna passa por uma reformula\u00e7\u00e3o e ter\u00e1 a equipe de atendimento ampliada. O quadro ser\u00e1 refor\u00e7ado por um psic\u00f3logo, assistente social, enfermeiro, fisioterapeuta, massoterapeuta, pedagogo, recepcionista e estagi\u00e1rios. Al\u00e9m da amplia\u00e7\u00e3o da equipe, o programa passar\u00e1 a oferecer aulas de hidrogin\u00e1stica, uma atividade recomendada pelos m\u00e9dicos, como uma das melhores terapias para a fase de gesta\u00e7\u00e3o.<br \/>\nA coordenadora do programa, C\u00e1ssia Melo, informou que j\u00e1 foram cadastradas 68 gestantes em 2013 e a cada dia esse n\u00famero cresce, visto que o cadastro \u00e9 constante. O acompanhamento das gestantes come\u00e7a com o pr\u00e9-natal e vai at\u00e9 um ano ap\u00f3s o nascimento do beb\u00ea. As m\u00e3es t\u00eam acesso facilitado a atendimento m\u00e9dico, consultas de rotina e exames, tudo isso visando o combate \u00e0 mortalidade materno-infantil e a promo\u00e7\u00e3o da sa\u00fade e qualidade de vida da m\u00e3e e da crian\u00e7a. No oitavo m\u00eas de gravidez as participantes recebem um kit enxoval, doado pela administra\u00e7\u00e3o municipal.<br \/>\nA agenda de aten\u00e7\u00e3o \u00e0s gestantes consta de reuni\u00f5es semanais toda quinta-feira em sua sede, na Avenida Na\u00e7\u00f5es Unidas, Centro da cidade. Nas reuni\u00f5es, as gestantes recebem orienta\u00e7\u00f5es e participam de palestras, como os cuidados com doen\u00e7as sexualmente transmiss\u00edveis, evidenciando a import\u00e2ncia do pr\u00e9-natal para diagn\u00f3stico da doen\u00e7a e o risco de transmiss\u00e3o vertical, da m\u00e3e para o beb\u00ea.<br \/>\nO pr\u00f3ximo encontro ser\u00e1 na pr\u00f3xima quinta (04) com o tema Aleitamento Materno e Higiene do Beb\u00ea, ministrado pela assistente social Lia Andrade. Na programa\u00e7\u00e3o anual do projeto j\u00e1 est\u00e3o planejadas atividades especiais para o dia das M\u00e3es, S\u00e3o Jo\u00e3o, anivers\u00e1rio da cidade, dia das crian\u00e7as e Natal. <\/p>\n<p><strong>Vistoria de taxis em Itabuna ser\u00e1 at\u00e9 sexta-feira<\/strong><\/p>\n<p>Prossegue at\u00e9 sexta-feira, 5, a vistoria anual obrigat\u00f3ria dos t\u00e1xis que operam em Itabuna. A fiscaliza\u00e7\u00e3o foi iniciada na segunda-feira pelas placas 1 e 2, e est\u00e1 sendo feita entre as 7 e 17 horas no p\u00e1tio da Secretaria de Transportes e Tr\u00e2nsito \u2013 Settran, no antigo aeroporto. De acordo o cronograma elaborado pela Settran nesta ter\u00e7a-feira foram vistoriados os ve\u00edculos com placas terminadas em 3 e 4.<br \/>\nNesta quarta ser\u00e3o vistoriados t\u00e1xis de placas terminadas em 5 e 6,  na quinta, placas 7 e 8, e na sexta-feira, os de n\u00fameros 9 e zero.<br \/>\nO diretor do Departamento de Transportes da Settran, Tomaz Fernandez de Souza, disse que dos cerca de 180 t\u00e1xis com placas terminadas em 1 e 2 esperados para a vistoria no primeiro dia, apenas 98 compareceram, o equivalente a 50%. Os que faltaram poder\u00e3o regularizar a situa\u00e7\u00e3o a partir de segunda-feira (dia 8), mediante o pagamento de uma taxa de expediente no valor de R$18,00.<br \/>\nA fiscaliza\u00e7\u00e3o \u00e9 feita por uma equipe formada por 10 t\u00e9cnicos entre fiscais, agentes de tr\u00e2nsito e supervisores que verificam a documenta\u00e7\u00e3o do condutor e do ve\u00edculo, bem como as condi\u00e7\u00f5es f\u00edsicas e equipamentos de seguran\u00e7a dos carros.<br \/>\nNo ato da vistoria, os taxistas devem apresentar os seguintes documentos: c\u00f3pias e originais do Certificado de Registro e Licen\u00e7a dos Ve\u00edculos; das carteiras Nacional de Habilita\u00e7\u00e3o (CNH) e de Identidade; CPF, recibo de pagamento do servi\u00e7o metrol\u00f3gico (Ibametro), alvar\u00e1 atual, Nada Consta do prontu\u00e1rio da CNH, comprovante de endere\u00e7o  e Certid\u00e3o Negativa de Antecedentes Criminais (no  site:www.ba.gov.br\/antecedentes\/solicitar-atestado.asp).<br \/>\nItens obrigat\u00f3rios<br \/>\nTamb\u00e9m s\u00e3o exigidos durante a vistoria v\u00e1rios itens obrigat\u00f3rios do veiculo entre os quais, cintos de seguran\u00e7a, veloc\u00edmetro, extintor de inc\u00eandio com prazo validade e macaco compat\u00edvel com o peso e carga do ve\u00edculo, etc. As condi\u00e7\u00f5es de higiene dos carros tamb\u00e9m s\u00e3o observadas pelos fiscais da Settran.<br \/>\n\tOs taxistas v\u00eaem com bons olhos o processo de fiscaliza\u00e7\u00e3o de documentos e ve\u00edculos feita anualmente pela Settran.  Para o motorista Domingos Rodrigues, da Pra\u00e7a 1, no centro da cidade, a vistoria est\u00e1 dentro da lei e por isso deve ser cumprida. \u201c\u00c9 bom para nossa seguran\u00e7a e a do passageiro tamb\u00e9m\u201d, ressalvou.  \u201cO neg\u00f3cio \u00e9 colaborar para dar certo\u201d, complementa o taxista Paulo Roberto Alves, da Pra\u00e7a 47, no shopping.<\/p>\n<p>______________________________<br \/>\nPrefeitura de Itabuna<br \/>\nDepartamento de Comunica\u00e7\u00e3o Social<\/p>\n","protected":false},"excerpt":{"rendered":"<p>Prefeitura regulariza Transporte Escolar em Itabuna SEC organiza a\u00e7\u00f5es do Pacto pela Alfabetiza\u00e7\u00e3o em Itabuna Atendimento da Sala do Empreendedor passa a ser na Prefeitura Programa de aten\u00e7\u00e3o \u00e0 gestante ser\u00e1 ampliado Vistoria de taxis em Itabuna ser\u00e1 at\u00e9 sexta-feira<\/p>\n","protected":false},"author":2,"featured_media":0,"comment_status":"open","ping_status":"open","sticky":false,"template":"","format":"standard","meta":{"_links_to":"","_links_to_target":""},"categories":[15],"tags":[],"_links":{"self":[{"href":"https:\/\/www.r2cpress.com.br\/v1\/wp-json\/wp\/v2\/posts\/62313"}],"collection":[{"href":"https:\/\/www.r2cpress.com.br\/v1\/wp-json\/wp\/v2\/posts"}],"about":[{"href":"https:\/\/www.r2cpress.com.br\/v1\/wp-json\/wp\/v2\/types\/post"}],"author":[{"embeddable":true,"href":"https:\/\/www.r2cpress.com.br\/v1\/wp-json\/wp\/v2\/users\/2"}],"replies":[{"embeddable":true,"href":"https:\/\/www.r2cpress.com.br\/v1\/wp-json\/wp\/v2\/comments?post=62313"}],"version-history":[{"count":3,"href":"https:\/\/www.r2cpress.com.br\/v1\/wp-json\/wp\/v2\/posts\/62313\/revisions"}],"predecessor-version":[{"id":62317,"href":"https:\/\/www.r2cpress.com.br\/v1\/wp-json\/wp\/v2\/posts\/62313\/revisions\/62317"}],"wp:attachment":[{"href":"https:\/\/www.r2cpress.com.br\/v1\/wp-json\/wp\/v2\/media?parent=62313"}],"wp:term":[{"taxonomy":"category","embeddable":true,"href":"https:\/\/www.r2cpress.com.br\/v1\/wp-json\/wp\/v2\/categories?post=62313"},{"taxonomy":"post_tag","embeddable":true,"href":"https:\/\/www.r2cpress.com.br\/v1\/wp-json\/wp\/v2\/tags?post=62313"}],"curies":[{"name":"wp","href":"https:\/\/api.w.org\/{rel}","templated":true}]}}