{"id":62331,"date":"2013-04-03T11:37:37","date_gmt":"2013-04-03T14:37:37","guid":{"rendered":"http:\/\/www.r2cpress.com.br\/v1\/?p=62331"},"modified":"2013-04-03T11:37:37","modified_gmt":"2013-04-03T14:37:37","slug":"dobradinha-ilheense-no-brasileiro-master-de-surf-2","status":"publish","type":"post","link":"https:\/\/www.r2cpress.com.br\/v1\/2013\/04\/03\/dobradinha-ilheense-no-brasileiro-master-de-surf-2\/","title":{"rendered":"Dobradinha ilheense no Brasileiro Master de Surf"},"content":{"rendered":"<p>A equipe brasileira embarcou ontem, para disputar o campeonato mundial de surf Master que ser\u00e1 realizado no pr\u00f3ximo dia 6 a 14 de abril nas perfeitas direitas da praia de Montanita.<\/p>\n<div id=\"attachment_62333\" style=\"width: 560px\" class=\"wp-caption aligncenter\"><a href=\"http:\/\/www.r2cpress.com.br\/v1\/wp-content\/uploads\/master-surf-cristiano-carvalho.jpg\"><img aria-describedby=\"caption-attachment-62333\" loading=\"lazy\" class=\"size-full wp-image-62333\" alt=\" Master de Surf\" src=\"http:\/\/www.r2cpress.com.br\/v1\/wp-content\/uploads\/master-surf-cristiano-carvalho.jpg\" width=\"550\" height=\"413\" srcset=\"https:\/\/www.r2cpress.com.br\/v1\/wp-content\/uploads\/master-surf-cristiano-carvalho.jpg 550w, https:\/\/www.r2cpress.com.br\/v1\/wp-content\/uploads\/master-surf-cristiano-carvalho-300x225.jpg 300w\" sizes=\"(max-width: 550px) 100vw, 550px\" \/><\/a><p id=\"caption-attachment-62333\" class=\"wp-caption-text\">Master de Surf<\/p><\/div>\n<p>O Campeonato contar\u00e1 com a participa\u00e7\u00e3o de diversos pa\u00edses (Hawaii, Austr\u00e1lia, Fran\u00e7a, Brasil, Jap\u00e3o, Africa do Sul) dentre outros.<\/p>\n<p>A equipe que ir\u00e1 representar o Brasil, contar\u00e1 com a participa\u00e7\u00e3o de alguns surfistas ilheenses. O surfistas \u00a0Marcelo Alves e Joj\u00f3 de Oliven\u00e7a, o t\u00e9cnico Gabriel Macedo e o presidente da Confedera\u00e7\u00e3o brasileira de surf Adalvo Argolo.<\/p>\n<p>A equipe brasileira esta sendo considerada uma das mais fortes e com grandes chances de trazer bons resultados. E Ilh\u00e9us sempre marcando presen\u00e7a nos eventos<\/p>\n<p>Nacionais e internacionais de Surf.<\/p>\n<p>Segue abaixo a rela\u00e7\u00e3o dos competidores:<\/p>\n<p><strong>Master:<\/strong><b><br \/>\n<\/b><strong>Saulo Carvalho (PB)<\/strong><\/p>\n<p><strong>Rogerio Dantas (CE)<\/strong><\/p>\n<p><strong>Gran Master<\/strong><\/p>\n<p><strong>Marcelo Alves (BA)<\/strong><\/p>\n<p><strong>Roni Ronaldo (SC)<\/strong><\/p>\n<p><strong>\u00a0Kahuna<\/strong><\/p>\n<p><strong>Joj\u00f3 Oliven\u00e7a (BA)<\/strong><b><br \/>\n<\/b><strong>Sergio Noronha (RJ)<\/strong><\/p>\n<p><strong>Gran Kahuna<\/strong><b><br \/>\n<\/b><strong>Mickey Hoffman (SC)<\/strong><\/p>\n<p><strong>T\u00e9cnico: <\/strong><strong>Gabriel Macedo (BA)<\/strong><\/p>\n<p><strong>Presidente CBS: <\/strong><strong>Adalvo Argolo (BA)<\/strong><\/p>\n","protected":false},"excerpt":{"rendered":"<p>A equipe brasileira embarcou ontem, para disputar o campeonato mundial de surf Master que ser\u00e1 realizado no pr\u00f3ximo dia 6 a 14 de abril nas perfeitas direitas da praia de Montanita. O Campeonato contar\u00e1 com a participa\u00e7\u00e3o de diversos pa\u00edses (Hawaii, Austr\u00e1lia, Fran\u00e7a, Brasil, Jap\u00e3o, Africa do Sul) dentre outros. A equipe que ir\u00e1 representar [&hellip;]<\/p>\n","protected":false},"author":2,"featured_media":0,"comment_status":"open","ping_status":"open","sticky":false,"template":"","format":"standard","meta":{"_links_to":"","_links_to_target":""},"categories":[11],"tags":[],"_links":{"self":[{"href":"https:\/\/www.r2cpress.com.br\/v1\/wp-json\/wp\/v2\/posts\/62331"}],"collection":[{"href":"https:\/\/www.r2cpress.com.br\/v1\/wp-json\/wp\/v2\/posts"}],"about":[{"href":"https:\/\/www.r2cpress.com.br\/v1\/wp-json\/wp\/v2\/types\/post"}],"author":[{"embeddable":true,"href":"https:\/\/www.r2cpress.com.br\/v1\/wp-json\/wp\/v2\/users\/2"}],"replies":[{"embeddable":true,"href":"https:\/\/www.r2cpress.com.br\/v1\/wp-json\/wp\/v2\/comments?post=62331"}],"version-history":[{"count":3,"href":"https:\/\/www.r2cpress.com.br\/v1\/wp-json\/wp\/v2\/posts\/62331\/revisions"}],"predecessor-version":[{"id":62335,"href":"https:\/\/www.r2cpress.com.br\/v1\/wp-json\/wp\/v2\/posts\/62331\/revisions\/62335"}],"wp:attachment":[{"href":"https:\/\/www.r2cpress.com.br\/v1\/wp-json\/wp\/v2\/media?parent=62331"}],"wp:term":[{"taxonomy":"category","embeddable":true,"href":"https:\/\/www.r2cpress.com.br\/v1\/wp-json\/wp\/v2\/categories?post=62331"},{"taxonomy":"post_tag","embeddable":true,"href":"https:\/\/www.r2cpress.com.br\/v1\/wp-json\/wp\/v2\/tags?post=62331"}],"curies":[{"name":"wp","href":"https:\/\/api.w.org\/{rel}","templated":true}]}}