{"id":62344,"date":"2013-04-03T13:30:34","date_gmt":"2013-04-03T16:30:34","guid":{"rendered":"http:\/\/www.r2cpress.com.br\/v1\/?p=62344"},"modified":"2013-04-03T13:30:34","modified_gmt":"2013-04-03T16:30:34","slug":"ilheus-concede-desconto-de-20-no-iptu-ate-dia-19","status":"publish","type":"post","link":"https:\/\/www.r2cpress.com.br\/v1\/2013\/04\/03\/ilheus-concede-desconto-de-20-no-iptu-ate-dia-19\/","title":{"rendered":"Ilh\u00e9us concede desconto de 20% no IPTU at\u00e9 dia 19"},"content":{"rendered":"<p>O desconto de 20%, concedido pela Prefeitura de Ilh\u00e9us para o pagamento do Imposto sobre a Propriedade Predial e Territorial Urbana (IPTU) 2013, em cota \u00fanica, at\u00e9 o pr\u00f3ximo dia 19 de abril, \u00e9 o maior entre as grandes cidades da Bahia. Com exce\u00e7\u00e3o de Feira de Santana, que tamb\u00e9m concede o abatimento de 20%, as demais cidades trabalham este ano com descontos menores, a exemplo de Salvador, Barreiras e Vit\u00f3ria da Conquista, que concedem 10%, Itabuna, 15%, e Jequi\u00e9, 12%.<\/p>\n<p>Com o tema \u201cVamos Reconstruir Ilh\u00e9us\u201d, a Campanha do IPTU 2013 tamb\u00e9m oferece o parcelamento do imposto em at\u00e9 oito vezes, sendo que a primeira parcela deve ser efetuada at\u00e9 o pr\u00f3ximo dia 19 e as demais at\u00e9 o dia cinco de cada m\u00eas. Segundo o secret\u00e1rio da Fazenda, Marco Ant\u00f4nio Porto Carmo, os carn\u00eas de pagamento come\u00e7aram a ser distribu\u00eddos no \u00faltimo dia 26 de mar\u00e7o, com o objetivo de garantir a comodidade dos contribuintes.<\/p>\n<p>O boleto de pagamento para a cota \u00fanica tamb\u00e9m est\u00e1 dispon\u00edvel no site da prefeitura (www.ilheus.ba.gov.br). Basta informar o n\u00famero da inscri\u00e7\u00e3o do im\u00f3vel para obter o Documento de Arrecada\u00e7\u00e3o Municipal (DAM). Outra op\u00e7\u00e3o, \u00e9 procurar o setor de tributos do munic\u00edpio, localizado no t\u00e9rreo do Pal\u00e1cio Paranagu\u00e1, no per\u00edodo das 8h30 \u00e0s 18 horas. J\u00e1 os contribuintes que tiverem pend\u00eancias com o IPTU relativas aos anos anteriores a 2013 devem procurar, em hor\u00e1rio comercial, a administra\u00e7\u00e3o tribut\u00e1ria do munic\u00edpio, no t\u00e9rreo do Pal\u00e1cio Paranagu\u00e1, para regularizarem a situa\u00e7\u00e3o. Para maiores informa\u00e7\u00f5es basta entrar em contato com o setor, atrav\u00e9s do telefone (73) 3234 3522.<\/p>\n<p>IPTU &#8211; O Imposto sobre a Propriedade Predial e Territorial Urbana (IPTU) \u00e9 um tributo institu\u00eddo pela Constitui\u00e7\u00e3o Federal, cuja incid\u00eancia se d\u00e1 sobre a propriedade urbana. Ou seja, o IPTU tem como fato gerador a propriedade, o dom\u00ednio \u00fatil ou a posse de propriedade do im\u00f3vel localizada em zona urbana ou extens\u00e3o urbana. Os contribuintes do imposto s\u00e3o as pessoas f\u00edsicas ou jur\u00eddicas que, por justo t\u00edtulo, mant\u00e9m a posse do im\u00f3vel.<\/p>\n<p>&#8212;<br \/>\nSecretaria de Comunica\u00e7\u00e3o Social (Secom)<br \/>\nIlh\u00e9us \u2013 03.04.2013<\/p>\n","protected":false},"excerpt":{"rendered":"<p>O desconto de 20%, concedido pela Prefeitura de Ilh\u00e9us para o pagamento do Imposto sobre a Propriedade Predial e Territorial Urbana (IPTU) 2013, em cota \u00fanica, at\u00e9 o pr\u00f3ximo dia 19 de abril, \u00e9 o maior entre as grandes cidades da Bahia. Com exce\u00e7\u00e3o de Feira de Santana, que tamb\u00e9m concede o abatimento de 20%, [&hellip;]<\/p>\n","protected":false},"author":2,"featured_media":0,"comment_status":"open","ping_status":"open","sticky":false,"template":"","format":"standard","meta":{"_links_to":"","_links_to_target":""},"categories":[23],"tags":[],"_links":{"self":[{"href":"https:\/\/www.r2cpress.com.br\/v1\/wp-json\/wp\/v2\/posts\/62344"}],"collection":[{"href":"https:\/\/www.r2cpress.com.br\/v1\/wp-json\/wp\/v2\/posts"}],"about":[{"href":"https:\/\/www.r2cpress.com.br\/v1\/wp-json\/wp\/v2\/types\/post"}],"author":[{"embeddable":true,"href":"https:\/\/www.r2cpress.com.br\/v1\/wp-json\/wp\/v2\/users\/2"}],"replies":[{"embeddable":true,"href":"https:\/\/www.r2cpress.com.br\/v1\/wp-json\/wp\/v2\/comments?post=62344"}],"version-history":[{"count":2,"href":"https:\/\/www.r2cpress.com.br\/v1\/wp-json\/wp\/v2\/posts\/62344\/revisions"}],"predecessor-version":[{"id":62346,"href":"https:\/\/www.r2cpress.com.br\/v1\/wp-json\/wp\/v2\/posts\/62344\/revisions\/62346"}],"wp:attachment":[{"href":"https:\/\/www.r2cpress.com.br\/v1\/wp-json\/wp\/v2\/media?parent=62344"}],"wp:term":[{"taxonomy":"category","embeddable":true,"href":"https:\/\/www.r2cpress.com.br\/v1\/wp-json\/wp\/v2\/categories?post=62344"},{"taxonomy":"post_tag","embeddable":true,"href":"https:\/\/www.r2cpress.com.br\/v1\/wp-json\/wp\/v2\/tags?post=62344"}],"curies":[{"name":"wp","href":"https:\/\/api.w.org\/{rel}","templated":true}]}}