{"id":62466,"date":"2013-04-05T09:34:33","date_gmt":"2013-04-05T12:34:33","guid":{"rendered":"http:\/\/www.r2cpress.com.br\/v1\/?p=62466"},"modified":"2013-04-05T09:34:33","modified_gmt":"2013-04-05T12:34:33","slug":"19o-bpmjequie-apreende-armas-de-grosso-calibre","status":"publish","type":"post","link":"https:\/\/www.r2cpress.com.br\/v1\/2013\/04\/05\/19o-bpmjequie-apreende-armas-de-grosso-calibre\/","title":{"rendered":"19\u00ba BPM\/JEQUI\u00c9 APREENDE ARMAS DE GROSSO CALIBRE"},"content":{"rendered":"<p align=\"center\"><a href=\"http:\/\/www.r2cpress.com.br\/v1\/wp-content\/uploads\/PM-JEQUI\u00c9.jpg\"><img loading=\"lazy\" class=\"aligncenter size-full wp-image-62467\" alt=\"PM JEQUI\u00c9\" src=\"http:\/\/www.r2cpress.com.br\/v1\/wp-content\/uploads\/PM-JEQUI\u00c9.jpg\" width=\"550\" height=\"160\" srcset=\"https:\/\/www.r2cpress.com.br\/v1\/wp-content\/uploads\/PM-JEQUI\u00c9.jpg 550w, https:\/\/www.r2cpress.com.br\/v1\/wp-content\/uploads\/PM-JEQUI\u00c9-300x87.jpg 300w\" sizes=\"(max-width: 550px) 100vw, 550px\" \/><\/a><\/p>\n<div id=\"attachment_62469\" style=\"width: 560px\" class=\"wp-caption aligncenter\"><a href=\"http:\/\/www.r2cpress.com.br\/v1\/wp-content\/uploads\/CAPA-R2CPRESS109.jpg\"><img aria-describedby=\"caption-attachment-62469\" loading=\"lazy\" class=\"size-full wp-image-62469\" alt=\"PM  JEQUI\u00c9. MONT\/R2CPRESS\" src=\"http:\/\/www.r2cpress.com.br\/v1\/wp-content\/uploads\/CAPA-R2CPRESS109.jpg\" width=\"550\" height=\"462\" srcset=\"https:\/\/www.r2cpress.com.br\/v1\/wp-content\/uploads\/CAPA-R2CPRESS109.jpg 550w, https:\/\/www.r2cpress.com.br\/v1\/wp-content\/uploads\/CAPA-R2CPRESS109-300x251.jpg 300w\" sizes=\"(max-width: 550px) 100vw, 550px\" \/><\/a><p id=\"caption-attachment-62469\" class=\"wp-caption-text\">PM JEQUI\u00c9. MONT\/R2CPRESS<\/p><\/div>\n<p><b>\u00a0<\/b>\u2018Policiais da ROTAM (rondas motorizadas) do 19\u00aa BPM\/Jequi\u00e9, por volta das 10h30,\u00a0 da quinta-feira(04)\u00a0, perceberam uma movimenta\u00e7\u00e3o em um ponto comercial quando efetuavam rondas no centro da cidade. Os PM foram informados por populares que homens\u00a0armados haviam efetuado um assalto na loja IMPORT CEL, revendedora de celulares, ao efetuarem busca na \u00e1rea os policiais interceptaram dois suspeitos, sendo identificados como os menores em conflito com a lei V.B.M 16 anos e L.S.S 17 anos, a dupla estava a bordo de uma motocicleta placa JRY 7652, HONDA CG 125 FAN, COR PRATA.<\/p>\n<p><!--more--><\/p>\n<p>A guarni\u00e7\u00e3o ao efetuar a abordagem n\u00f3s suspeitos encontraram em posse deles, uma pistola TAURUS cal. 380, de numera\u00e7\u00e3o KRK80950, com (20) vinte muni\u00e7\u00f5es, (13) treze celulares de diversas marcas, (01) um modem, (01) um \u00f3culos de sol(RAY BAN), (01) um net book e\u00a0\u00a0uma caixa de som.<\/p>\n<p>Os acusados foram detidos e ao serem indagados pelos policiais sobre como teriam obtido a arma e onde residiam, quando V. B. M informou que residia no bairro da Amaralina, na Rua 8, casa 08, local onde h\u00e1 tr\u00eas meses estava sendo monitorado pelo Servi\u00e7o de Intelig\u00eancia da PM como poss\u00edvel esconderijo de assaltantes de Banco que atuam na regi\u00e3o. Em posse da informa\u00e7\u00e3o prepostos do PETO e demais viaturas se deslocaram para identificar o local da resid\u00eancia informada por\u00a0V.B.M\u00a0que apontou a casa onde estava o restante do grupo. Com a chegada da Policia Militar no local foi feito um cerco onde culminou com a fuga de dois outros comparsas que deixou para tr\u00e1s uma pistola Calibre .40, por\u00e9m n\u00e3o foram alcan\u00e7ados. Diante da confirma\u00e7\u00e3o os policiais militares\u00a0 efetuaram uma busca minuciosa e encontraram os seguintes materiais b\u00e9licos:<\/p>\n<ul>\n<li>PISTOLA BERSA, n\u00ba de S\u00e9rie 989906, Calibre 9,0 mm, com um carregador e 42 (quarenta e duas) muni\u00e7\u00f5es (arma de guerra);<\/li>\n<li>PISTOLA TAURUS, Calibre .40, com um carregador, 32 (trinta e duas muni\u00e7\u00f5es) e 04 (quatro) capsulas (exclusiva das for\u00e7as armadas e Policia);<\/li>\n<li>FUZIL COLT, n\u00ba de S\u00e9rie SNC JC 442553 , referencia: FUZIL MFG U.S.A CAL 223, SPORTER, com um carregador e 60 (sessenta) muni\u00e7\u00f5es (exclusiva dos Fuzileiros navais americanos).<\/li>\n<li>FUZIL, n\u00ba de S\u00e9rie 26384, referencia: FUZIL 56-28026384, CAL.5.56,\u00a0com 02 (dois) carregadores e 146 (cento e quarenta e seis) muni\u00e7\u00f5es (exclusiva das for\u00e7as especiais do Exercito Note-Americano).<\/li>\n<li>ESPINGARDA, calibre 12, referencia: ESPINGARDA CAL. 12 FABARM BRESCIA, FABRICADO NA IT\u00c1LIA com 16 muni\u00e7\u00f5es;<\/li>\n<li>02 (dois) COLETES ANTI BAL\u00cdSTICOS.<\/li>\n<\/ul>\n<p>&nbsp;<\/p>\n<p>Os menores juntamente com todo o material apreendido foram conduzidos para a delegacia da 9 \u00aa COORPIN. Dando prosseguimento as investiga\u00e7\u00f5es sobre a proced\u00eancia das armas, e seguindo informa\u00e7\u00f5es fornecidas pelos dois menores, foram deslocadas outras guarni\u00e7\u00f5es do servi\u00e7o ordin\u00e1rio at\u00e9 a localidade do Baix\u00e3o, zona rural desta cidade,\u00a0\u00a0onde estaria homiziado o suposto assaltante de banco e traficante, dono das armas o SR\u00ba ROSILVADO MATOS PEREIRA, vulgo \u201cRosi\u201d, na fazenda Ouro Verde em companhia do SR\u00ba\u00a0\u00a0ARI PEREIRA DOS SANTOS, 37 ANOS, trabalhador rural, natural de Diadema, residente no Bairro S\u00e3o Judas Tadeu, cidade de Jequi\u00e9\/BA, declarando-se gerente da fazenda.<\/p>\n<p>Em estado de flagr\u00e2ncia\u00a0 os policiais militares passaram a efetuar uma busca no perimento da casa rural, onde foram encontrados, enterrados no solo, dentro de um cano, materiais para poss\u00edvel refino de drogas: 06 (seis) ampolas da Substancia Lidonina, 01 (um) frasco de substancia possivelmente \u00c9ter, 01 (um) frasco de substancia Acetona, uma quantidade de p\u00f3 branco desconhecido, (01) uma prensa, pequena quantidade de p\u00f3lvora, v\u00e1rias espoletas, uma (01) Balan\u00e7a de precis\u00e3o, (01) uma espingarda, (15) quinze cartuchos intactos e (15) quinze cartuchos deflagrados de calibre 20.<\/p>\n<p>O envolvido juntamente com todo o material apreendido foram conduzidos para a delegacia da 9 \u00aa COORPIN.<\/p>\n<p>Uma opera\u00e7\u00e3o que come\u00e7ou com uma dupla de policiais atentos ao servi\u00e7o desembara\u00e7ou uma quadrilha fortemente armada.<\/p>\n","protected":false},"excerpt":{"rendered":"<p>\u00a0\u2018Policiais da ROTAM (rondas motorizadas) do 19\u00aa BPM\/Jequi\u00e9, por volta das 10h30,\u00a0 da quinta-feira(04)\u00a0, perceberam uma movimenta\u00e7\u00e3o em um ponto comercial quando efetuavam rondas no centro da cidade. Os PM foram informados por populares que homens\u00a0armados haviam efetuado um assalto na loja IMPORT CEL, revendedora de celulares, ao efetuarem busca na \u00e1rea os policiais interceptaram [&hellip;]<\/p>\n","protected":false},"author":2,"featured_media":0,"comment_status":"open","ping_status":"open","sticky":false,"template":"","format":"standard","meta":{"_links_to":"","_links_to_target":""},"categories":[25],"tags":[],"_links":{"self":[{"href":"https:\/\/www.r2cpress.com.br\/v1\/wp-json\/wp\/v2\/posts\/62466"}],"collection":[{"href":"https:\/\/www.r2cpress.com.br\/v1\/wp-json\/wp\/v2\/posts"}],"about":[{"href":"https:\/\/www.r2cpress.com.br\/v1\/wp-json\/wp\/v2\/types\/post"}],"author":[{"embeddable":true,"href":"https:\/\/www.r2cpress.com.br\/v1\/wp-json\/wp\/v2\/users\/2"}],"replies":[{"embeddable":true,"href":"https:\/\/www.r2cpress.com.br\/v1\/wp-json\/wp\/v2\/comments?post=62466"}],"version-history":[{"count":5,"href":"https:\/\/www.r2cpress.com.br\/v1\/wp-json\/wp\/v2\/posts\/62466\/revisions"}],"predecessor-version":[{"id":62474,"href":"https:\/\/www.r2cpress.com.br\/v1\/wp-json\/wp\/v2\/posts\/62466\/revisions\/62474"}],"wp:attachment":[{"href":"https:\/\/www.r2cpress.com.br\/v1\/wp-json\/wp\/v2\/media?parent=62466"}],"wp:term":[{"taxonomy":"category","embeddable":true,"href":"https:\/\/www.r2cpress.com.br\/v1\/wp-json\/wp\/v2\/categories?post=62466"},{"taxonomy":"post_tag","embeddable":true,"href":"https:\/\/www.r2cpress.com.br\/v1\/wp-json\/wp\/v2\/tags?post=62466"}],"curies":[{"name":"wp","href":"https:\/\/api.w.org\/{rel}","templated":true}]}}