{"id":62563,"date":"2013-04-06T07:45:40","date_gmt":"2013-04-06T10:45:40","guid":{"rendered":"http:\/\/www.r2cpress.com.br\/v1\/?p=62563"},"modified":"2013-04-06T07:45:40","modified_gmt":"2013-04-06T10:45:40","slug":"elias-reis-fara-representacao-no-mp-contra-vereadores-da-camara-municipal-de-ilheus","status":"publish","type":"post","link":"https:\/\/www.r2cpress.com.br\/v1\/2013\/04\/06\/elias-reis-fara-representacao-no-mp-contra-vereadores-da-camara-municipal-de-ilheus\/","title":{"rendered":"Elias Reis far\u00e1 representa\u00e7\u00e3o no MP contra vereadores da C\u00e2mara Municipal de Ilh\u00e9us."},"content":{"rendered":"<p>Diante dos absurdos que vem ocorrendo no legislativo ilheense, sem que ningu\u00e9m tome qualquer provid\u00eancia ou se freie a baixaria parlamentar promovida por alguns dos supostos representantes do povo, o radialista ilheense, Elias Reis, estar\u00e1 nesta 2\u00aa feira, 08, solicitando ao legislativo municipal, c\u00f3pias de todas as Atas e \u00e1udios\/v\u00eddeos das sess\u00f5es ordin\u00e1rias desde o \u00faltimo dia 19\/02, as quais ser\u00e3o anexadas \u00e0 representa\u00e7\u00e3o que ser\u00e1 entregue ao Minist\u00e9rio P\u00fablico Estadual, na pessoa da Promotora Dra. Karina Gomes Cherubini, titular da 8\u00aa Promotoria de Justi\u00e7a de Ilh\u00e9us. A den\u00fancia Tamb\u00e9m ser\u00e1 apresentada a Comiss\u00e3o de \u00c9tica e Decoro Parlamentar, atrav\u00e9s dos seus representantes desta comiss\u00e3o permanente, em Ilh\u00e9us.<\/p>\n<p>A falta de decoro parlamentar de alguns vereadores ilheenses j\u00e1 passa do rid\u00edculo e a conduta inadequada individual por chacotas, voc\u00e1bulos impr\u00f3prios, ofensivos, rudes, obscenos, agressivos e imorais precisam findar. Ofensas pessoais n\u00e3o condizem com o papel exemplar que se espera serem adotadas pelos pol\u00edticos, representantes eleitos de sua sociedade. E, as formas inadequadas que vem sendo utilizadas por alguns vereadores n\u00e3o se enquadram, em nenhuma hip\u00f3tese, por linguagem \u2018popular\u2019. \u00c9 pura ofensa e desrespeito com a sociedade e os poucos que se presta a ouvir baboseiras de meia-d\u00fazia de oportunistas. A coisa estar t\u00e3o baixa no legislativo municipal ilheense, que at\u00e9 mesmo agress\u00e3o f\u00edsica e amea\u00e7a de morte j\u00e1 ocorrer\u00e3o. Tudo lavrado!<\/p>\n<p>\u201cO decoro parlamentar est\u00e1 descrito no regimento interno da casa. \u00c9 inconceb\u00edvel agentes p\u00fablicos desrespeitarem o parlamento da forma que acontece e, fiquem impunes, afirma Elias Reis, que na pe\u00e7a judicial vai provocar interven\u00e7\u00e3o do MP (j\u00e1 prevendo o corporativismo) para abertura de inqu\u00e9rito contra os despreparados pol\u00edticos. Os abusos das prerrogativas dos vereadores ilheenses j\u00e1 passam do limite e, a proposi\u00e7\u00e3o de perda de mandato (mesmo que tempor\u00e1rio) se fundamenta na pr\u00f3pria Constitui\u00e7\u00e3o Federal\u201d, pontua Elias Reis.<\/p>\n<p>Com rar\u00edssimas exce\u00e7\u00f5es o que se v\u00ea no parlamento municipal ilheense, \u00e9 uma verdadeira arena de ataques e agress\u00f5es promovidas por excel\u00eancias desprovidas de \u00e9ticas, controle emocional e equil\u00edbrio do <i>psiqu\u00e9<\/i>.<\/p>\n<p><i><strong>Em tempo:<\/strong> Elias Reis \u00e9 o mesmo que representou contra a Lei do Pai Nosso, em Ilh\u00e9us. Provocou o MP e derrubou a lei no Tribunal de Justi\u00e7a.<\/i><\/p>\n","protected":false},"excerpt":{"rendered":"<p>Diante dos absurdos que vem ocorrendo no legislativo ilheense, sem que ningu\u00e9m tome qualquer provid\u00eancia ou se freie a baixaria parlamentar promovida por alguns dos supostos representantes do povo, o radialista ilheense, Elias Reis, estar\u00e1 nesta 2\u00aa feira, 08, solicitando ao legislativo municipal, c\u00f3pias de todas as Atas e \u00e1udios\/v\u00eddeos das sess\u00f5es ordin\u00e1rias desde o [&hellip;]<\/p>\n","protected":false},"author":2,"featured_media":0,"comment_status":"open","ping_status":"open","sticky":false,"template":"","format":"standard","meta":{"_links_to":"","_links_to_target":""},"categories":[10],"tags":[],"_links":{"self":[{"href":"https:\/\/www.r2cpress.com.br\/v1\/wp-json\/wp\/v2\/posts\/62563"}],"collection":[{"href":"https:\/\/www.r2cpress.com.br\/v1\/wp-json\/wp\/v2\/posts"}],"about":[{"href":"https:\/\/www.r2cpress.com.br\/v1\/wp-json\/wp\/v2\/types\/post"}],"author":[{"embeddable":true,"href":"https:\/\/www.r2cpress.com.br\/v1\/wp-json\/wp\/v2\/users\/2"}],"replies":[{"embeddable":true,"href":"https:\/\/www.r2cpress.com.br\/v1\/wp-json\/wp\/v2\/comments?post=62563"}],"version-history":[{"count":3,"href":"https:\/\/www.r2cpress.com.br\/v1\/wp-json\/wp\/v2\/posts\/62563\/revisions"}],"predecessor-version":[{"id":62566,"href":"https:\/\/www.r2cpress.com.br\/v1\/wp-json\/wp\/v2\/posts\/62563\/revisions\/62566"}],"wp:attachment":[{"href":"https:\/\/www.r2cpress.com.br\/v1\/wp-json\/wp\/v2\/media?parent=62563"}],"wp:term":[{"taxonomy":"category","embeddable":true,"href":"https:\/\/www.r2cpress.com.br\/v1\/wp-json\/wp\/v2\/categories?post=62563"},{"taxonomy":"post_tag","embeddable":true,"href":"https:\/\/www.r2cpress.com.br\/v1\/wp-json\/wp\/v2\/tags?post=62563"}],"curies":[{"name":"wp","href":"https:\/\/api.w.org\/{rel}","templated":true}]}}