{"id":6260,"date":"2011-01-10T21:04:03","date_gmt":"2011-01-11T00:04:03","guid":{"rendered":"http:\/\/www.r2cpress.com.br\/v1\/?p=6260"},"modified":"2011-01-10T21:04:03","modified_gmt":"2011-01-11T00:04:03","slug":"pintor-que-assassinou-italiano-na-barra-confessa-ter-matado-idoso-na-vitoria","status":"publish","type":"post","link":"https:\/\/www.r2cpress.com.br\/v1\/2011\/01\/10\/pintor-que-assassinou-italiano-na-barra-confessa-ter-matado-idoso-na-vitoria\/","title":{"rendered":"Pintor que assassinou italiano na Barra confessa ter matado idoso na Vit\u00f3ria"},"content":{"rendered":"<p><div style=\"width: 365px\" class=\"wp-caption alignleft\"><img loading=\"lazy\" alt=\"Pintor confessou o crime ap\u00f3s ser reconhecido pela vi\u00fava (Foto: Erik Salles l Ag. A TARDE).\" src=\"http:\/\/www.atarde.com.br\/arquivos\/2011\/01\/212612.jpg\" title=\"Pintor confessou o crime ap\u00f3s ser reconhecido pela vi\u00fava (Foto: Erik Salles l Ag. A TARDE).\" width=\"355\" height=\"250\" \/><p class=\"wp-caption-text\">Pintor confessou o crime ap\u00f3s ser reconhecido pela vi\u00fava (Foto: Erik Salles l Ag. A TARDE).<\/p><\/div>Foi apresentado na manh\u00e3 desta segunda-feira, 10, o acusado de matar o idoso Isnard Costa, de 73 anos, no apartamento dele, no Corredor da Vit\u00f3ria, no dia 21 de novembro de 2010. Luciano Bonfim Alves, de 31 anos, confessou o crime ap\u00f3s a pol\u00edcia investigar a den\u00fancia feita pela vi\u00fava da v\u00edtima.<\/p>\n<p>Alves foi preso em dezembro, ap\u00f3s confessar o assassinato do italiano Greg\u00f3rio Olettierri, 65 anos, dono de uma pousada na Barra. Ao ver a imagem do pintor nos notici\u00e1rios, a vi\u00fava informou \u00e0 pol\u00edcia que Neves havia feitos servi\u00e7os em sua resid\u00eancia na \u00e9poca em que o marido fora assassinado. <\/p>\n<p><!--more--><\/p>\n<p>Com as investiga\u00e7\u00f5es, a pol\u00edcia conseguiu a confiss\u00e3o do assassino, que detalhou como praticou o crime. Segundo Francineide Moura, delegada titular da Delegacia de Homic\u00eddios, em seu depoimento Neves afirmou que invadiu a resid\u00eancia de Isnard Costa, para realizar um assalto.<\/p>\n<p>De acordo com Neves, no momento em que estava no interior da resid\u00eancia, o idoso, que sofria do Mal de Alzheimer, chegou ao local. Ao perguntar o que o pintor fazia ali, ele afirmou que estava concluindo o trabalho.<\/p>\n<p>Ap\u00f3s assaltar o valor de R$1.500, o pintor resolveu matar o idoso para que o mesmo n\u00e3o o reconhecesse depois. Para isso, ele declarou ter utilizado uma barra de ferro com a qual golpeou duas vezes a cabe\u00e7a de Costa.<\/p>\n<p>Ap\u00f3s matar o idoso, Neves revelou que usou o dinheiro roubado para ir a festas, fazer compras em shopping e pagar o aluguel de sua casa.<\/p>\n<p>Antes da confiss\u00e3o do pintor, a pol\u00edcia chegou a suspeitar que o crime havia sido cometido pelo guardador Ricardo Santos Souza, que teve a pris\u00e3o decretada no dia 29 de dezembro de 2010, pelo juiz Ernbani Garcia Rosa, do 2\u00ba juri sumariante da comarca de Salvador.<\/p>\n<p>Assassinato \u2013 O idoso foi encontrado morto pelo filho na sala de casa, com marcas de espancamento pelo corpo. A carteira da v\u00edtima n\u00e3o foi encontrada e os ind\u00edcios apontaram que o assassino conseguiu entrar na casa pela janela depois de quebrar um dos vidros.<\/p>\n<p>&#8212;<br \/>\nSamuel Lima l A TARDE*<br \/>\n*Com reda\u00e7\u00e3o de L\u00edliam Cunha, do <a href = \"http:\/\/atarde.com.br\/cidades\/noticia.jsf?id=5671784\" target = \"_news\"><b>A TARDE<\/b><\/a> On Line <\/p>\n","protected":false},"excerpt":{"rendered":"<p>Foi apresentado na manh\u00e3 desta segunda-feira, 10, o acusado de matar o idoso Isnard Costa, de 73 anos, no apartamento dele, no Corredor da Vit\u00f3ria, no dia 21 de novembro de 2010. Luciano Bonfim Alves, de 31 anos, confessou o crime ap\u00f3s a pol\u00edcia investigar a den\u00fancia feita pela vi\u00fava da v\u00edtima. Alves foi preso [&hellip;]<\/p>\n","protected":false},"author":2,"featured_media":0,"comment_status":"open","ping_status":"open","sticky":false,"template":"","format":"standard","meta":{"_links_to":"","_links_to_target":""},"categories":[25],"tags":[],"_links":{"self":[{"href":"https:\/\/www.r2cpress.com.br\/v1\/wp-json\/wp\/v2\/posts\/6260"}],"collection":[{"href":"https:\/\/www.r2cpress.com.br\/v1\/wp-json\/wp\/v2\/posts"}],"about":[{"href":"https:\/\/www.r2cpress.com.br\/v1\/wp-json\/wp\/v2\/types\/post"}],"author":[{"embeddable":true,"href":"https:\/\/www.r2cpress.com.br\/v1\/wp-json\/wp\/v2\/users\/2"}],"replies":[{"embeddable":true,"href":"https:\/\/www.r2cpress.com.br\/v1\/wp-json\/wp\/v2\/comments?post=6260"}],"version-history":[{"count":2,"href":"https:\/\/www.r2cpress.com.br\/v1\/wp-json\/wp\/v2\/posts\/6260\/revisions"}],"predecessor-version":[{"id":6262,"href":"https:\/\/www.r2cpress.com.br\/v1\/wp-json\/wp\/v2\/posts\/6260\/revisions\/6262"}],"wp:attachment":[{"href":"https:\/\/www.r2cpress.com.br\/v1\/wp-json\/wp\/v2\/media?parent=6260"}],"wp:term":[{"taxonomy":"category","embeddable":true,"href":"https:\/\/www.r2cpress.com.br\/v1\/wp-json\/wp\/v2\/categories?post=6260"},{"taxonomy":"post_tag","embeddable":true,"href":"https:\/\/www.r2cpress.com.br\/v1\/wp-json\/wp\/v2\/tags?post=6260"}],"curies":[{"name":"wp","href":"https:\/\/api.w.org\/{rel}","templated":true}]}}