{"id":62620,"date":"2013-04-08T09:14:34","date_gmt":"2013-04-08T12:14:34","guid":{"rendered":"http:\/\/www.r2cpress.com.br\/v1\/?p=62620"},"modified":"2013-04-08T09:14:34","modified_gmt":"2013-04-08T12:14:34","slug":"nota-de-esclarecimento-15","status":"publish","type":"post","link":"https:\/\/www.r2cpress.com.br\/v1\/2013\/04\/08\/nota-de-esclarecimento-15\/","title":{"rendered":"NOTA DE ESCLARECIMENTO"},"content":{"rendered":"<p>Diante das not\u00edcias inver\u00eddicas divulgadas pelo governo municipal, os sindicatos dos trabalhadores de todas as categorias de servidores p\u00fablicos municipais vem a p\u00fablico esclarecer que nenhuma das entidades representantes dos trabalhadores foi ouvida, informada ou consultada sobre o projeto de Lei Complementar 001\/2013, de autoria do prefeito Jabes Ribeiro, que acaba com o regime CLT dos servidores p\u00fablicos municipais e institui o regime estatut\u00e1rio.<\/p>\n<p>Mesmo sendo um projeto que trata da vida, do trabalho e das garantias dos direitos de cerca de quatro mil trabalhadores, a proposta n\u00e3o foi discutida com nenhum dos sindicatos representantes dos servidores, que n\u00e3o tiveram nem mesmo a oportunidade de opinar, propor ou mesmo colocar a posi\u00e7\u00e3o e o entendimento dos servidores. Mesmo de forma antidemocr\u00e1tica e unilateral, o projeto foi aprovado, sancionado e publicado sem qualquer discuss\u00e3o.<\/p>\n<p>Chegou a hora da elabora\u00e7\u00e3o do estatuto. E os sindicatos de todas as categorias de servidores p\u00fablicos municipais informam que n\u00e3o aceitar\u00e3o, em nenhuma hip\u00f3tese, que o estatuto seja elaborado sem uma participa\u00e7\u00e3o efetiva e atuante dos sindicatos dos trabalhadores. N\u00e3o queremos apenas ser consultados ou simplesmente ouvidos, como prop\u00f5e o governo municipal. Iremos discutir, propor, opinar e elaborar em conjunto um estatuto que venha a refletir os reais interesses dos servidores p\u00fablicos municipais. Estamos tratando de vida, de trabalho e de direitos de milhares de servidores. E dessa luta n\u00e3o vamos abrir m\u00e3o.<\/p>\n<p style=\"text-align: center;\"><b>\u00a0SINSEPI<\/b><\/p>\n<p style=\"text-align: center;\"><b>SINDGUARDA<\/b><\/p>\n<p style=\"text-align: center;\"><b>SIGMI <\/b><\/p>\n<p style=\"text-align: center;\"><b>SINDIACS\/ACS<\/b><\/p>\n<p style=\"text-align: center;\"><b>SINDATRAN<\/b><\/p>\n<p style=\"text-align: center;\"><b>APPI\/APLB-Sindicato<\/b><\/p>\n<p style=\"text-align: center;\"><strong><span style=\"color: #ff0000;\">ESPA\u00c7O ABERTO PARA OS CITADOS &#8211; QUERENDO &#8211; SE MANIFESTAR.<\/span><\/strong><\/p>\n","protected":false},"excerpt":{"rendered":"<p>Diante das not\u00edcias inver\u00eddicas divulgadas pelo governo municipal, os sindicatos dos trabalhadores de todas as categorias de servidores p\u00fablicos municipais vem a p\u00fablico esclarecer que nenhuma das entidades representantes dos trabalhadores foi ouvida, informada ou consultada sobre o projeto de Lei Complementar 001\/2013, de autoria do prefeito Jabes Ribeiro, que acaba com o regime CLT [&hellip;]<\/p>\n","protected":false},"author":2,"featured_media":0,"comment_status":"open","ping_status":"open","sticky":false,"template":"","format":"standard","meta":{"_links_to":"","_links_to_target":""},"categories":[10],"tags":[],"_links":{"self":[{"href":"https:\/\/www.r2cpress.com.br\/v1\/wp-json\/wp\/v2\/posts\/62620"}],"collection":[{"href":"https:\/\/www.r2cpress.com.br\/v1\/wp-json\/wp\/v2\/posts"}],"about":[{"href":"https:\/\/www.r2cpress.com.br\/v1\/wp-json\/wp\/v2\/types\/post"}],"author":[{"embeddable":true,"href":"https:\/\/www.r2cpress.com.br\/v1\/wp-json\/wp\/v2\/users\/2"}],"replies":[{"embeddable":true,"href":"https:\/\/www.r2cpress.com.br\/v1\/wp-json\/wp\/v2\/comments?post=62620"}],"version-history":[{"count":3,"href":"https:\/\/www.r2cpress.com.br\/v1\/wp-json\/wp\/v2\/posts\/62620\/revisions"}],"predecessor-version":[{"id":62623,"href":"https:\/\/www.r2cpress.com.br\/v1\/wp-json\/wp\/v2\/posts\/62620\/revisions\/62623"}],"wp:attachment":[{"href":"https:\/\/www.r2cpress.com.br\/v1\/wp-json\/wp\/v2\/media?parent=62620"}],"wp:term":[{"taxonomy":"category","embeddable":true,"href":"https:\/\/www.r2cpress.com.br\/v1\/wp-json\/wp\/v2\/categories?post=62620"},{"taxonomy":"post_tag","embeddable":true,"href":"https:\/\/www.r2cpress.com.br\/v1\/wp-json\/wp\/v2\/tags?post=62620"}],"curies":[{"name":"wp","href":"https:\/\/api.w.org\/{rel}","templated":true}]}}