{"id":62624,"date":"2013-04-08T11:09:16","date_gmt":"2013-04-08T14:09:16","guid":{"rendered":"http:\/\/www.r2cpress.com.br\/v1\/?p=62624"},"modified":"2013-04-08T11:09:16","modified_gmt":"2013-04-08T14:09:16","slug":"pessoas-que-se-declaram-indios-tupinambas-invadem-hotel-na-bahia","status":"publish","type":"post","link":"https:\/\/www.r2cpress.com.br\/v1\/2013\/04\/08\/pessoas-que-se-declaram-indios-tupinambas-invadem-hotel-na-bahia\/","title":{"rendered":"Pessoas que se declaram \u00edndios tupinamb\u00e1s invadem hotel na Bahia"},"content":{"rendered":"<p><b>Edi\u00e7\u00e3o do dia 08\/04\/2013<\/b><\/p>\n<p>08\/04\/2013 09h14\u00a0&#8211; Atualizado em\u00a008\/04\/2013 09h14<\/p>\n<p><b>Pessoas que se declaram \u00edndios tupinamb\u00e1s invadem hotel na Bahia<\/b><\/p>\n<p>Eles reivindicam a demarca\u00e7\u00e3o de \u00e1reas pr\u00f3ximas \u00e0 propriedade. A Pol\u00edcia Federal j\u00e1 foi informada sobre a invas\u00e3o, mas n\u00e3o confirma se s\u00e3o \u00edndios.<\/p>\n<p><b>Andr\u00e9a Silva <\/b>Salvador, BA<\/p>\n<p>Na Bahia, 70 pessoas que se declaram \u00edndios tupinamb\u00e1s invadiram no domingo (7) \u00e0 noite o Hotel Fazenda da Lagoa, no munic\u00edpio de\u00a0<a href=\"http:\/\/g1.globo.com\/ba\/bahia\/cidade\/una.html\"><b>Una<\/b><\/a>, a 40 quil\u00f4metros de Ilh\u00e9us. Eles reivindicam a demarca\u00e7\u00e3o de \u00e1reas pr\u00f3ximas \u00e0 propriedade.<\/p>\n<p>Segundo informa\u00e7\u00f5es dos administradores da fazenda, os invasores passaram a noite no local e expulsaram todos os trabalhadores do hotel. Eles ocupam os quartos e outras depend\u00eancias. N\u00e3o h\u00e1 h\u00f3spedes no local.<\/p>\n<p>O hotel fica em uma regi\u00e3o muito visitada por turistas, inclusive estrangeiros. Os invasores se declaram \u00edndios da tribo Tupinamb\u00e1, ainda muito predominante no sul da Bahia. A\u00a0<a href=\"http:\/\/g1.globo.com\/topico\/policia-federal\/\"><b>Pol\u00edcia Federal<\/b><\/a>\u00a0j\u00e1 foi informada sobre a invas\u00e3o, mas n\u00e3o confirma se s\u00e3o \u00edndios. Ela j\u00e1 mandou equipes para o local para come\u00e7ar as investiga\u00e7\u00f5es<\/p>\n<p>&#8212;<\/p>\n<p><strong>Enviada por Edgard Siqueira.<\/strong><\/p>\n","protected":false},"excerpt":{"rendered":"<p>Edi\u00e7\u00e3o do dia 08\/04\/2013 08\/04\/2013 09h14\u00a0&#8211; Atualizado em\u00a008\/04\/2013 09h14 Pessoas que se declaram \u00edndios tupinamb\u00e1s invadem hotel na Bahia Eles reivindicam a demarca\u00e7\u00e3o de \u00e1reas pr\u00f3ximas \u00e0 propriedade. A Pol\u00edcia Federal j\u00e1 foi informada sobre a invas\u00e3o, mas n\u00e3o confirma se s\u00e3o \u00edndios. Andr\u00e9a Silva Salvador, BA Na Bahia, 70 pessoas que se declaram \u00edndios [&hellip;]<\/p>\n","protected":false},"author":2,"featured_media":0,"comment_status":"open","ping_status":"open","sticky":false,"template":"","format":"standard","meta":{"_links_to":"","_links_to_target":""},"categories":[10],"tags":[],"_links":{"self":[{"href":"https:\/\/www.r2cpress.com.br\/v1\/wp-json\/wp\/v2\/posts\/62624"}],"collection":[{"href":"https:\/\/www.r2cpress.com.br\/v1\/wp-json\/wp\/v2\/posts"}],"about":[{"href":"https:\/\/www.r2cpress.com.br\/v1\/wp-json\/wp\/v2\/types\/post"}],"author":[{"embeddable":true,"href":"https:\/\/www.r2cpress.com.br\/v1\/wp-json\/wp\/v2\/users\/2"}],"replies":[{"embeddable":true,"href":"https:\/\/www.r2cpress.com.br\/v1\/wp-json\/wp\/v2\/comments?post=62624"}],"version-history":[{"count":3,"href":"https:\/\/www.r2cpress.com.br\/v1\/wp-json\/wp\/v2\/posts\/62624\/revisions"}],"predecessor-version":[{"id":62627,"href":"https:\/\/www.r2cpress.com.br\/v1\/wp-json\/wp\/v2\/posts\/62624\/revisions\/62627"}],"wp:attachment":[{"href":"https:\/\/www.r2cpress.com.br\/v1\/wp-json\/wp\/v2\/media?parent=62624"}],"wp:term":[{"taxonomy":"category","embeddable":true,"href":"https:\/\/www.r2cpress.com.br\/v1\/wp-json\/wp\/v2\/categories?post=62624"},{"taxonomy":"post_tag","embeddable":true,"href":"https:\/\/www.r2cpress.com.br\/v1\/wp-json\/wp\/v2\/tags?post=62624"}],"curies":[{"name":"wp","href":"https:\/\/api.w.org\/{rel}","templated":true}]}}