{"id":62640,"date":"2013-04-08T12:09:43","date_gmt":"2013-04-08T15:09:43","guid":{"rendered":"http:\/\/www.r2cpress.com.br\/v1\/?p=62640"},"modified":"2013-04-08T12:09:43","modified_gmt":"2013-04-08T15:09:43","slug":"servicos-gratuitos-celebram-o-dia-mundial-da-saude-em-ilheus","status":"publish","type":"post","link":"https:\/\/www.r2cpress.com.br\/v1\/2013\/04\/08\/servicos-gratuitos-celebram-o-dia-mundial-da-saude-em-ilheus\/","title":{"rendered":"Servi\u00e7os gratuitos celebram o Dia Mundial da Sa\u00fade em Ilh\u00e9us"},"content":{"rendered":"<p>Em comemora\u00e7\u00e3o ao Dia Mundial da Sa\u00fade, celebrado em 07 de abril, a Secretaria Municipal de Sa\u00fade de Ilh\u00e9us realizou na \u00faltima sexta-feira, 5, uma s\u00e9rie de exames gratuitos e prestou atendimentos \u00e0 popula\u00e7\u00e3o. A a\u00e7\u00e3o ocorreu em um espa\u00e7o montado na Pra\u00e7a J.J. Seabra, em frente \u00e0 C\u00e2mara Municipal, e teve como objetivo a preven\u00e7\u00e3o, aconselhamento e orienta\u00e7\u00e3o m\u00e9dica.<\/p>\n<div id=\"attachment_62641\" style=\"width: 510px\" class=\"wp-caption aligncenter\"><a href=\"http:\/\/www.r2cpress.com.br\/v1\/wp-content\/uploads\/CAPA-R2CPRESS113.jpg\"><img aria-describedby=\"caption-attachment-62641\" loading=\"lazy\" class=\"size-full wp-image-62641\" alt=\"Servi\u00e7os gratuitos celebram o Dia Mundial da Sa\u00fade em Ilh\u00e9us. mont\/r2cpress\" src=\"http:\/\/www.r2cpress.com.br\/v1\/wp-content\/uploads\/CAPA-R2CPRESS113.jpg\" width=\"500\" height=\"500\" srcset=\"https:\/\/www.r2cpress.com.br\/v1\/wp-content\/uploads\/CAPA-R2CPRESS113.jpg 500w, https:\/\/www.r2cpress.com.br\/v1\/wp-content\/uploads\/CAPA-R2CPRESS113-150x150.jpg 150w, https:\/\/www.r2cpress.com.br\/v1\/wp-content\/uploads\/CAPA-R2CPRESS113-300x300.jpg 300w\" sizes=\"(max-width: 500px) 100vw, 500px\" \/><\/a><p id=\"caption-attachment-62641\" class=\"wp-caption-text\">Servi\u00e7os gratuitos celebram o Dia Mundial da Sa\u00fade em Ilh\u00e9us. Mont\/<strong>R2CPRESS<\/strong><\/p><\/div>\n<p>Diversos servidores municipais, entre enfermeiros e t\u00e9cnicos de enfermagem, realizaram servi\u00e7os de sa\u00fade, como consulta de press\u00e3o arterial, testes r\u00e1pidos de HIV e S\u00edfilis, imuniza\u00e7\u00e3o de hepatite B, t\u00e9tano, febre amarela e tr\u00edplice viral. Fez parte da a\u00e7\u00e3o tamb\u00e9m a distribui\u00e7\u00e3o de folhetos informativos e de preservativos.<\/p>\n<p>A professora Tereza S\u00e1, 44 anos, considerou a iniciativa importante e necess\u00e1ria para a comunidade, lembrando que os casos de doen\u00e7as sexualmente transmiss\u00edveis v\u00eam aumentando, sobretudo em mulheres. \u201cAcho a a\u00e7\u00e3o important\u00edssima, pois o \u00edndice de pessoas com essas doen\u00e7as \u00e9 alarmante e cresce a cada dia. A popula\u00e7\u00e3o n\u00e3o pode fechar os olhos para essa realidade, e nem pensar que est\u00e1 livre de ser contaminada\u201d ressalta.<\/p>\n<p>O Dia Mundial da Sa\u00fade foi criado em 1950, pela Organiza\u00e7\u00e3o Mundial da Sa\u00fade (OMS), fundamentado no direito do cidad\u00e3o \u00e0 sa\u00fade e na obriga\u00e7\u00e3o do Estado na promo\u00e7\u00e3o da sa\u00fade.<\/p>\n<p>&#8212;<br \/>\nSecretaria de Comunica\u00e7\u00e3o Social (Secom)<br \/>\nIlh\u00e9us \u2013 08.04.2013<\/p>\n","protected":false},"excerpt":{"rendered":"<p>Em comemora\u00e7\u00e3o ao Dia Mundial da Sa\u00fade, celebrado em 07 de abril, a Secretaria Municipal de Sa\u00fade de Ilh\u00e9us realizou na \u00faltima sexta-feira, 5, uma s\u00e9rie de exames gratuitos e prestou atendimentos \u00e0 popula\u00e7\u00e3o. A a\u00e7\u00e3o ocorreu em um espa\u00e7o montado na Pra\u00e7a J.J. Seabra, em frente \u00e0 C\u00e2mara Municipal, e teve como objetivo a [&hellip;]<\/p>\n","protected":false},"author":2,"featured_media":0,"comment_status":"open","ping_status":"open","sticky":false,"template":"","format":"standard","meta":{"_links_to":"","_links_to_target":""},"categories":[23],"tags":[],"_links":{"self":[{"href":"https:\/\/www.r2cpress.com.br\/v1\/wp-json\/wp\/v2\/posts\/62640"}],"collection":[{"href":"https:\/\/www.r2cpress.com.br\/v1\/wp-json\/wp\/v2\/posts"}],"about":[{"href":"https:\/\/www.r2cpress.com.br\/v1\/wp-json\/wp\/v2\/types\/post"}],"author":[{"embeddable":true,"href":"https:\/\/www.r2cpress.com.br\/v1\/wp-json\/wp\/v2\/users\/2"}],"replies":[{"embeddable":true,"href":"https:\/\/www.r2cpress.com.br\/v1\/wp-json\/wp\/v2\/comments?post=62640"}],"version-history":[{"count":3,"href":"https:\/\/www.r2cpress.com.br\/v1\/wp-json\/wp\/v2\/posts\/62640\/revisions"}],"predecessor-version":[{"id":62644,"href":"https:\/\/www.r2cpress.com.br\/v1\/wp-json\/wp\/v2\/posts\/62640\/revisions\/62644"}],"wp:attachment":[{"href":"https:\/\/www.r2cpress.com.br\/v1\/wp-json\/wp\/v2\/media?parent=62640"}],"wp:term":[{"taxonomy":"category","embeddable":true,"href":"https:\/\/www.r2cpress.com.br\/v1\/wp-json\/wp\/v2\/categories?post=62640"},{"taxonomy":"post_tag","embeddable":true,"href":"https:\/\/www.r2cpress.com.br\/v1\/wp-json\/wp\/v2\/tags?post=62640"}],"curies":[{"name":"wp","href":"https:\/\/api.w.org\/{rel}","templated":true}]}}