{"id":62648,"date":"2013-04-08T13:16:49","date_gmt":"2013-04-08T16:16:49","guid":{"rendered":"http:\/\/www.r2cpress.com.br\/v1\/?p=62648"},"modified":"2013-04-08T13:16:49","modified_gmt":"2013-04-08T16:16:49","slug":"escolas-nucleadas-de-aritagua-normalizam-atividades-letivas","status":"publish","type":"post","link":"https:\/\/www.r2cpress.com.br\/v1\/2013\/04\/08\/escolas-nucleadas-de-aritagua-normalizam-atividades-letivas\/","title":{"rendered":"Escolas Nucleadas de Aritagu\u00e1 normalizam atividades letivas"},"content":{"rendered":"<p><div style=\"width: 310px\" class=\"wp-caption alignleft\"><img loading=\"lazy\" src=\"http:\/\/www.r2cpress.com.br\/v1\/wp-content\/uploads\/Secret%C3%A1ria-de-Educa%C3%A7%C3%A3o-Marl%C3%BAcia-Rocha-Foto-Alfredo-Filho-Secom-1-300x276.jpg\" width=\"300\" height=\"276\" class \/><p class=\"wp-caption-text\">Secret\u00e1ria de Educa\u00e7\u00e3o Marl\u00facia Rocha \u2013 Foto Alfredo Filho \u2013 Secom.<\/p><\/div>As Escolas Nucleadas de Aritagu\u00e1 II &#8211; que atende tamb\u00e9m \u00e0s comunidades de Mamoan, Ponta da Tulha e Ponta do Ramo &#8211; normalizou as atividades letivas do ensino fundamental II, a partir desta segunda-feira, 08. A informa\u00e7\u00e3o \u00e9 da secret\u00e1ria municipal de Educa\u00e7\u00e3o, Marl\u00facia Rocha.<\/p>\n<p>O antigo pr\u00e9dio onde a unidade escolar funcionava foi considerado inapto por oferecer risco aos alunos, devido ao estado de depreda\u00e7\u00e3o do im\u00f3vel. H\u00e1 oito anos, aquele pr\u00e9dio n\u00e3o passava por nenhuma reforma ou servi\u00e7o de manuten\u00e7\u00e3o em sua estrutura. Nesse sentido, a secretaria de Educa\u00e7\u00e3o decidiu transferir a unidade de ensino para outro pr\u00e9dio, tamb\u00e9m na localidade de Ponta da Tulha.<\/p>\n<p>Ao todo, mais de 20 escolas da rede municipal de ensino que apresentaram problemas na estrutura f\u00edsica dos im\u00f3veis est\u00e3o sendo reformadas pela Prefeitura Municipal de Ilh\u00e9us. O trabalho de melhoria das escolas continuou, mesmo ap\u00f3s o in\u00edcio do ano letivo, em unidades da sede e zona rural.<\/p>\n<p>A Creche Dom Eduardo e a Escola Municipal Perp\u00e9tua Marques, que atendem \u00e0 educa\u00e7\u00e3o infantil, estavam interditadas desde agosto e novembro do ano passado, respectivamente. As unidades tiveram a estrutura do telhado, a parte hidr\u00e1ulica e el\u00e9trica reparadas, al\u00e9m da pintura do im\u00f3vel. Outras unidades que apresentavam problemas na estrutura f\u00edsica, como as Escolas Municipais Bar\u00e3o de Maca\u00fabas, Princesa Isabel, Heitor Dias e o Instituto Municipal Eus\u00ednio Lavigne (IME), tamb\u00e9m foram recuperadas pela for\u00e7a-tarefa organizada pela Prefeitura.<\/p>\n<p>Na Escola Municipal Bar\u00e3o de Maca\u00fabas, no Pontal, um curto-circuito danificou todo o sistema el\u00e9trico do im\u00f3vel. Os reparos n\u00e3o s\u00f3 inclu\u00edram a parte el\u00e9trica, mas tamb\u00e9m a hidr\u00e1ulica. As outras unidades de ensino tiveram a estrutura do telhado totalmente reformada, al\u00e9m de outros pequenos consertos. Outra unidade que est\u00e1 em fase final de reforma \u00e9 a Escola de Ribeira das Pedras, que apresentou problemas estruturais graves e, por isso, exigiu um servi\u00e7o mais amplo. A previs\u00e3o \u00e9 que, na pr\u00f3xima semana, a obra seja conclu\u00edda.<\/p>\n<p>&#8212;<br \/>\nSecretaria de Comunica\u00e7\u00e3o Social (Secom)<br \/>\nIlh\u00e9us \u2013 08.04.2013<\/p>\n","protected":false},"excerpt":{"rendered":"<p>As Escolas Nucleadas de Aritagu\u00e1 II &#8211; que atende tamb\u00e9m \u00e0s comunidades de Mamoan, Ponta da Tulha e Ponta do Ramo &#8211; normalizou as atividades letivas do ensino fundamental II, a partir desta segunda-feira, 08. A informa\u00e7\u00e3o \u00e9 da secret\u00e1ria municipal de Educa\u00e7\u00e3o, Marl\u00facia Rocha. O antigo pr\u00e9dio onde a unidade escolar funcionava foi considerado [&hellip;]<\/p>\n","protected":false},"author":2,"featured_media":0,"comment_status":"open","ping_status":"open","sticky":false,"template":"","format":"standard","meta":{"_links_to":"","_links_to_target":""},"categories":[23],"tags":[],"_links":{"self":[{"href":"https:\/\/www.r2cpress.com.br\/v1\/wp-json\/wp\/v2\/posts\/62648"}],"collection":[{"href":"https:\/\/www.r2cpress.com.br\/v1\/wp-json\/wp\/v2\/posts"}],"about":[{"href":"https:\/\/www.r2cpress.com.br\/v1\/wp-json\/wp\/v2\/types\/post"}],"author":[{"embeddable":true,"href":"https:\/\/www.r2cpress.com.br\/v1\/wp-json\/wp\/v2\/users\/2"}],"replies":[{"embeddable":true,"href":"https:\/\/www.r2cpress.com.br\/v1\/wp-json\/wp\/v2\/comments?post=62648"}],"version-history":[{"count":2,"href":"https:\/\/www.r2cpress.com.br\/v1\/wp-json\/wp\/v2\/posts\/62648\/revisions"}],"predecessor-version":[{"id":62650,"href":"https:\/\/www.r2cpress.com.br\/v1\/wp-json\/wp\/v2\/posts\/62648\/revisions\/62650"}],"wp:attachment":[{"href":"https:\/\/www.r2cpress.com.br\/v1\/wp-json\/wp\/v2\/media?parent=62648"}],"wp:term":[{"taxonomy":"category","embeddable":true,"href":"https:\/\/www.r2cpress.com.br\/v1\/wp-json\/wp\/v2\/categories?post=62648"},{"taxonomy":"post_tag","embeddable":true,"href":"https:\/\/www.r2cpress.com.br\/v1\/wp-json\/wp\/v2\/tags?post=62648"}],"curies":[{"name":"wp","href":"https:\/\/api.w.org\/{rel}","templated":true}]}}